{"id":973,"date":"2021-04-13T15:50:21","date_gmt":"2021-04-13T20:50:21","guid":{"rendered":"https:\/\/admision.up.edu.pe\/blog\/?p=973"},"modified":"2021-11-07T18:00:19","modified_gmt":"2021-11-07T23:00:19","slug":"la-pacifico-te-formara-como-un-profesional-responsable-para-el-mundo","status":"publish","type":"post","link":"https:\/\/admision.up.edu.pe\/blog\/la-pacifico-te-formara-como-un-profesional-responsable-para-el-mundo\/","title":{"rendered":"\u00a1La Pac\u00edfico te formar\u00e1 como un profesional responsable para el mundo!"},"content":{"rendered":"\r\n<p><em>Es probable que hayas escuchado hablar de la Pac\u00edfico m\u00e1s de una vez, ya sea por su exigencia acad\u00e9mica, su plana docente de prestigio internacional o su red de egresados de distintas partes del mundo. Sea por cualquiera de estos motivos, hay much\u00edsimo m\u00e1s por conocer sobre la experiencia que significa ser parte de la comunidad universitaria de la Pac\u00edfico. Desc\u00fabrelo en esta nota.<\/em><\/p>\r\n\r\n\r\n\r\n<p>Para empezar, debes conocer cu\u00e1les son nuestras carreras. Actualmente, contamos con una propuesta acad\u00e9mica que gira en torno a cuatro facultades y nueve carreras profesionales altamente demandadas en el mundo. Con\u00f3celas a continuaci\u00f3n:<\/p>\r\n<p>&nbsp;<\/p>\r\n\r\n\r\n\r\n<p><iframe loading=\"lazy\" src=\"https:\/\/www.thinglink.com\/card\/1416072007639891969\" width=\"960\" height=\"1323.5\" frameborder=\"0\" scrolling=\"no\" allowfullscreen=\"allowfullscreen\" data-original-width=\"1920\" data-original-height=\"2647\"><\/iframe><script async=\"\" src=\"\/\/cdn.thinglink.me\/jse\/responsive.js\"><\/script><\/p>\r\n\r\n\r\n\r\n<figure class=\"wp-block-image size-large\"><a href=\"https:\/\/admision.up.edu.pe\/carreras\/\"><img loading=\"lazy\" decoding=\"async\" class=\"aligncenter wp-image-1060 size-full\" src=\"https:\/\/admision.up.edu.pe\/blog\/wp-content\/uploads\/2021\/04\/CTA-1024x235-1.png\" alt=\"\" width=\"1024\" height=\"235\" srcset=\"https:\/\/admision.up.edu.pe\/blog\/wp-content\/uploads\/2021\/04\/CTA-1024x235-1.png 1024w, https:\/\/admision.up.edu.pe\/blog\/wp-content\/uploads\/2021\/04\/CTA-1024x235-1-300x69.png 300w, https:\/\/admision.up.edu.pe\/blog\/wp-content\/uploads\/2021\/04\/CTA-1024x235-1-768x176.png 768w, https:\/\/admision.up.edu.pe\/blog\/wp-content\/uploads\/2021\/04\/CTA-1024x235-1-696x160.png 696w\" sizes=\"auto, (max-width: 1024px) 100vw, 1024px\" \/><\/a><\/figure>\r\n\r\n\r\n\r\n<h3 class=\"wp-block-heading\">\u00a0<\/h3>\r\n<h3>\u00bfPor qu\u00e9 elegir la Pac\u00edfico?<\/h3>\r\n\r\n\r\n\r\n<p>Cada una de estas carreras cuenta con un plan de estudios dise\u00f1ado para responder a los retos actuales y futuros\u00a0 en sus \u00e1mbitos respectivos. La Universidad del Pac\u00edfico ofrece una formaci\u00f3n que privilegia la vocaci\u00f3n por la excelencia, la innovaci\u00f3n y la experiencia del estudiante, con un enfoque de negocios y un \u00e9nfasis en el desarrollo de las habilidades blandas pertinentes para fortalecer la visi\u00f3n de cada estudiante y llevar su desenvolvimiento profesional al m\u00e1ximo.<\/p>\r\n\r\n\r\n\r\n<p>Esta propuesta, sumada a un nivel de exigencia basado en tres pilares como la responsabilidad social, la internacionalizaci\u00f3n y la excelencia acad\u00e9mica, nos permite formarte como un l\u00edder capaz de impactar positivamente en la sociedad, respondiendo a cada necesidad desde la creatividad e innovaci\u00f3n.<\/p>\r\n\r\n\r\n\r\n<p>Adem\u00e1s de lo mencionado, resalta tambi\u00e9n una <strong>plana docente<\/strong>, conformada por profesionales reconocidos a nivel local e internacional. M\u00e1s del 70 % de ellos cuenta con doctorados en universidades extranjeras de gran prestigio, mientras que m\u00e1s del 80 %\u00a0 est\u00e1 constituido por investigadores a tiempo completo.<\/p>\r\n\r\n\r\n\r\n<p>Recibir\u00e1s una ense\u00f1anza de calidad con profesores que cuentan con incidencia en la vida pol\u00edtica del Per\u00fa, como ex ministros reconocidos por su labor en beneficio de la sociedad, o gerentes generales de las principales empresas locales e internacionales, adem\u00e1s de emprendedores y fundadores de las <em>startups <\/em>m\u00e1s relevantes de los \u00faltimos a\u00f1os. Contamos con una reconocida plana docente y t\u00fa podr\u00e1s aprender de su experiencia.<\/p>\r\n\r\n\r\n\r\n<p>\u00a0 <img loading=\"lazy\" decoding=\"async\" class=\"aligncenter\" style=\"width: 100%;\" src=\"https:\/\/admision.up.edu.pe\/blog\/wp-content\/uploads\/2021\/06\/Profesores_gif-3-1024x360-1.gif\" alt=\"Nuestros profesores\" width=\"1024\" height=\"360\" \/><\/p>\r\n\r\n\r\n\r\n<h2 class=\"wp-block-heading\">\u00a0<\/h2>\r\n<h4>La formaci\u00f3n que brinda nuestra plana docente se encuentra reforzada por espacios especializados para el aprendizaje. Por ello, contamos con:<\/h4>\r\n<p>&nbsp;<\/p>\r\n\r\n\r\n\r\n<p><iframe loading=\"lazy\" src=\"https:\/\/www.thinglink.com\/card\/1423760984165580802\" width=\"960\" height=\"998.010152284264\" frameborder=\"0\" scrolling=\"no\" allowfullscreen=\"allowfullscreen\" data-original-width=\"985\" data-original-height=\"1024\"><\/iframe><script async=\"\" src=\"\/\/cdn.thinglink.me\/jse\/responsive.js\"><\/script><\/p>\r\n\r\n\r\n\r\n<p>Estos son solo algunos ejemplos de los espacios que ayudar\u00e1n a desarrollar todo tu potencial e impulsar el enfoque globalizado que necesitas para a\u00f1adir valor en tu vida profesional.<\/p>\r\n\r\n\r\n\r\n<p>La formaci\u00f3n que brinda nuestra plana docente se encuentra reforzada por espacios especializados para el aprendizaje. Por ello, contamos con el Innovation Lab, un espacio donde podr\u00e1s impulsar tu innovaci\u00f3n; as\u00ed como el Laboratorio Financiero Bloomberg, que te permitir\u00e1 hacer simulaciones financieras con datos reales, gracias al convenio entre la Pac\u00edfico y la Bolsa de Valores de Lima.<\/p>\r\n\r\n\r\n\r\n<p>Tambi\u00e9n contamos con una valiosa biblioteca, donde tendr\u00e1s la oportunidad de consultar\u00a0 m\u00e1s de 50 000 libros, 1500 publicaciones peri\u00f3dicas, 500 t\u00edtulos de materiales audiovisuales, tesis, proyectos empresariales y una gran variedad de recursos electr\u00f3nicos.<\/p>\r\n\r\n\r\n\r\n<p>Del mismo modo, contamos con Aulas Magnas, escenarios de diversos eventos universitarios, como ventanas emprendedoras, simposios internacionales y conferencias magistrales, entre otros.\u200b Estos son solo algunos ejemplos de los espacios que ayudar\u00e1n a desarrollar todo tu potencial e impulsar el enfoque globalizado que necesitas para a\u00f1adir valor en tu vida profesional.<\/p>\r\n\r\n\r\n\r\n<h2 class=\"wp-block-heading\">\u00a1Queremos que el mundo sea tuyo!<\/h2>\r\n\r\n\r\n\r\n<p>Nuestra experiencia de formaci\u00f3n integral, dise\u00f1ada para fomentar agentes de cambio capaces de dominar los conocimientos acad\u00e9micos adecuados, est\u00e1 unida a una propuesta formativa extraacad\u00e9mica, cuyo prop\u00f3sito es que nuestros estudiantes participen en actividades y experiencias transformadoras, de tal manera que se conviertan en l\u00edderes responsables.<\/p>\r\n\r\n\r\n\r\n<p>Con esta formaci\u00f3n, desarrollar\u00e1s habilidades fundamentales para tu vida profesional. As\u00ed potenciar\u00e1s tu capacidad de trabajar en equipo, lograr\u00e1s una comunicaci\u00f3n efectiva, impulsar\u00e1s tu liderazgo, desarrollar\u00e1s un pensamiento cr\u00edtico, y plantear\u00e1s propuestas a partir de la \u00e9tica y la responsabilidad social.<\/p>\r\n\r\n\r\n\r\n<p>Nos enfocamos en transformarte en un l\u00edder empresarial vers\u00e1til, con vocaci\u00f3n de servicio y una gran responsabilidad social. Por ello, los egresados de la Pac\u00edfico son reconocidos por crear e impulsar iniciativas que impactan en el bienestar de la sociedad. Seguro has escuchado hablar de Crehana, Baika o Sicurezza. Estos son emprendimientos l\u00edderes concebidos por egresados de la Pac\u00edfico.<\/p>\r\n\r\n\r\n\r\n<h2 class=\"wp-block-heading\">Si est\u00e1s en la Pac\u00edfico, est\u00e1s en el mundo<\/h2>\r\n\r\n\r\n\r\n<p>Nuestra excelencia acad\u00e9mica es reconocida a nivel internacional. La Universidad del Pac\u00edfico es la primera universidad del Per\u00fa acreditada por la Association to Advance Collegiate Schools of Business (AACSB) en el nivel de pregrado. Este reconocimiento lo tiene tan solo el 7 % de universidades en el mundo, tales como Yale University, Columbia University, Harvard University, University of London, entre otras.<\/p>\r\n\r\n\r\n\r\n<p>Nuestra convicci\u00f3n por la internacionalizaci\u00f3n apunta a la excelencia, valor que compartimos con nuestros <em>partners<\/em> o socios estrat\u00e9gicos.<\/p>\r\n\r\n\r\n\r\n<p>El 48 % de universidades <em>partners<\/em> de la Pac\u00edfico se encuentra acreditada por la AACSB. Adicionalmente, contamos con m\u00e1s de 160 convenios suscritos con universidades de prestigio a nivel mundial.<\/p>\r\n\r\n\r\n\r\n<p>Gracias a esta visi\u00f3n global, la Pac\u00edfico destaca en el \u00e1mbito educativo por brindar la posibilidad de obtener un doble grado internacional con universidades de la talla de HEC Montr\u00e9al, University of London, Universidad de Nebrija y Rennes School of Business.<\/p>\r\n\r\n\r\n\r\n<p>Nuestro Programa de Intercambio tambi\u00e9n forma parte de nuestra estrategia de internacionalizaci\u00f3n. Solo en el 2019, un grupo de 199 estudiantes de la Pac\u00edfico tuvo una experiencia acad\u00e9mica en universidades del extranjero y\u00a0 304 estudiantes de diferentes pa\u00edses\u00a0 asistieron\u00a0 a nuestro campus.<\/p>\r\n\r\n\r\n\r\n<p>Adem\u00e1s, contamos con programas cortos de intercambio y el reconocido UP International Week, en el cual los estudiantes pueden llevar seminarios en ingl\u00e9s o espa\u00f1ol dictados por profesores provenientes de universidades reconocidas internacionalmente. Esto hace que estudiar en la Pac\u00edfico te permita estar al tanto de las demandas y conocimientos vigentes a nivel global.<\/p>\r\n\r\n\r\n\r\n<p>&nbsp;<\/p>\r\n\r\n\r\n\r\n<p><iframe loading=\"lazy\" src=\"https:\/\/www.youtube.com\/embed\/G_AVrosGrzw\" width=\"560\" height=\"315\" frameborder=\"0\" allowfullscreen=\"allowfullscreen\"><\/iframe><\/p>\r\n\r\n\r\n\r\n<h2 class=\"wp-block-heading\">\u00bfAhora s\u00ed est\u00e1s decidido a estudiar en la Pac\u00edfico?<\/h2>\r\n\r\n\r\n\r\n<p>Te informamos que\u00a0 tenemos una escala de pensiones que no se regula \u00fanicamente por el colegio de procedencia, sino que considera la situaci\u00f3n socioecon\u00f3mica familiar. Esta es evaluada por la Direcci\u00f3n de Pensiones, la cual asigna una escala de pago correspondiente al contexto del estudiante.<\/p>\r\n\r\n\r\n\r\n<p>En este esfuerzo por democratizar una educaci\u00f3n de calidad y relevancia, estamos aliados con distintas instituciones, brindando una variedad de alternativas de becas para postulantes con alto rendimiento acad\u00e9mico que deseen formarse en nuestra casa de estudios.<\/p>\r\n\r\n\r\n\r\n<figure class=\"wp-block-image size-large\"><a class=\"https:\/\/www.up.edu.pe\/admision\/admision-pregrado\/pensiones#\" href=\"https:\/\/admision.up.edu.pe\/becas\/\" target=\"_blank\" rel=\"noreferrer noopener\"><img loading=\"lazy\" decoding=\"async\" class=\"wp-image-1062 size-full aligncenter\" src=\"https:\/\/admision.up.edu.pe\/blog\/wp-content\/uploads\/2021\/04\/CTA_2-1024x171-1.jpg\" alt=\"\" width=\"1024\" height=\"171\" srcset=\"https:\/\/admision.up.edu.pe\/blog\/wp-content\/uploads\/2021\/04\/CTA_2-1024x171-1.jpg 1024w, https:\/\/admision.up.edu.pe\/blog\/wp-content\/uploads\/2021\/04\/CTA_2-1024x171-1-300x50.jpg 300w, https:\/\/admision.up.edu.pe\/blog\/wp-content\/uploads\/2021\/04\/CTA_2-1024x171-1-768x128.jpg 768w, https:\/\/admision.up.edu.pe\/blog\/wp-content\/uploads\/2021\/04\/CTA_2-1024x171-1-696x116.jpg 696w\" sizes=\"auto, (max-width: 1024px) 100vw, 1024px\" \/><\/a><\/figure>\r\n\r\n\r\n\r\n<p><iframe loading=\"lazy\" src=\"https:\/\/www.youtube.com\/embed\/ZDjONmUtr24\" width=\"560\" height=\"315\" frameborder=\"0\" allowfullscreen=\"allowfullscreen\"><\/iframe><\/p>\r\n\r\n\r\n","protected":false},"excerpt":{"rendered":"<p>Es probable que hayas escuchado hablar de la Pac\u00edfico m\u00e1s de una vez, ya sea por su exigencia acad\u00e9mica, su plana docente de prestigio internacional o su red de egresados de distintas partes del mundo. Sea por cualquiera de estos motivos, hay much\u00edsimo m\u00e1s por conocer sobre la experiencia que significa ser parte de la [&hellip;]<\/p>\n","protected":false},"author":1,"featured_media":1005,"comment_status":"closed","ping_status":"open","sticky":false,"template":"","format":"standard","meta":{"_acf_changed":false,"inline_featured_image":false,"footnotes":""},"categories":[19],"tags":[],"class_list":{"0":"post-973","1":"post","2":"type-post","3":"status-publish","4":"format-standard","5":"has-post-thumbnail","7":"category-vive-la-pacifico"},"acf":[],"yoast_head":"<!-- This site is optimized with the Yoast SEO plugin v25.6 - https:\/\/yoast.com\/wordpress\/plugins\/seo\/ -->\n<title>Egresados UP: profesional responsable para el mundo - Blog Admisi\u00f3n<\/title>\n<meta name=\"description\" content=\"\u00bfEst\u00e1s buscando una universidad para formarte como profesional? Aqu\u00ed te contamos Por qu\u00e9 debes elegir la Universidad del Pac\u00edfico.\" \/>\n<meta name=\"robots\" content=\"index, follow, max-snippet:-1, max-image-preview:large, max-video-preview:-1\" \/>\n<link rel=\"canonical\" href=\"https:\/\/admision.up.edu.pe\/blog\/la-pacifico-te-formara-como-un-profesional-responsable-para-el-mundo\/\" \/>\n<meta property=\"og:locale\" content=\"es_ES\" \/>\n<meta property=\"og:type\" content=\"article\" \/>\n<meta property=\"og:title\" content=\"Egresados UP: profesional responsable para el mundo - Blog Admisi\u00f3n\" \/>\n<meta property=\"og:description\" content=\"\u00bfEst\u00e1s buscando una universidad para formarte como profesional? Aqu\u00ed te contamos Por qu\u00e9 debes elegir la Universidad del Pac\u00edfico.\" \/>\n<meta property=\"og:url\" content=\"https:\/\/admision.up.edu.pe\/blog\/la-pacifico-te-formara-como-un-profesional-responsable-para-el-mundo\/\" \/>\n<meta property=\"og:site_name\" content=\"Blog Admisi\u00f3n\" \/>\n<meta property=\"article:published_time\" content=\"2021-04-13T20:50:21+00:00\" \/>\n<meta property=\"article:modified_time\" content=\"2021-11-07T23:00:19+00:00\" \/>\n<meta property=\"og:image\" content=\"https:\/\/admision.up.edu.pe\/blog\/wp-content\/uploads\/2021\/09\/MejoresCarreras-1.jpg\" \/>\n\t<meta property=\"og:image:width\" content=\"524\" \/>\n\t<meta property=\"og:image:height\" content=\"273\" \/>\n\t<meta property=\"og:image:type\" content=\"image\/jpeg\" \/>\n<meta name=\"author\" content=\"admin\" \/>\n<meta name=\"twitter:card\" content=\"summary_large_image\" \/>\n<meta name=\"twitter:label1\" content=\"Written by\" \/>\n\t<meta name=\"twitter:data1\" content=\"admin\" \/>\n\t<meta name=\"twitter:label2\" content=\"Est. reading time\" \/>\n\t<meta name=\"twitter:data2\" content=\"6 minutos\" \/>\n<script type=\"application\/ld+json\" class=\"yoast-schema-graph\">{\"@context\":\"https:\/\/schema.org\",\"@graph\":[{\"@type\":\"WebPage\",\"@id\":\"https:\/\/admision.up.edu.pe\/blog\/la-pacifico-te-formara-como-un-profesional-responsable-para-el-mundo\/\",\"url\":\"https:\/\/admision.up.edu.pe\/blog\/la-pacifico-te-formara-como-un-profesional-responsable-para-el-mundo\/\",\"name\":\"Egresados UP: profesional responsable para el mundo - Blog Admisi\u00f3n\",\"isPartOf\":{\"@id\":\"https:\/\/admision.up.edu.pe\/blog\/#website\"},\"primaryImageOfPage\":{\"@id\":\"https:\/\/admision.up.edu.pe\/blog\/la-pacifico-te-formara-como-un-profesional-responsable-para-el-mundo\/#primaryimage\"},\"image\":{\"@id\":\"https:\/\/admision.up.edu.pe\/blog\/la-pacifico-te-formara-como-un-profesional-responsable-para-el-mundo\/#primaryimage\"},\"thumbnailUrl\":\"https:\/\/admision.up.edu.pe\/blog\/wp-content\/uploads\/2021\/04\/Mesa-de-trabajo-7.png\",\"datePublished\":\"2021-04-13T20:50:21+00:00\",\"dateModified\":\"2021-11-07T23:00:19+00:00\",\"author\":{\"@id\":\"https:\/\/admision.up.edu.pe\/blog\/#\/schema\/person\/7057daa0ac97d5b3c09bac42ce3d5549\"},\"description\":\"\u00bfEst\u00e1s buscando una universidad para formarte como profesional? Aqu\u00ed te contamos Por qu\u00e9 debes elegir la Universidad del Pac\u00edfico.\",\"inLanguage\":\"es-PE\",\"potentialAction\":[{\"@type\":\"ReadAction\",\"target\":[\"https:\/\/admision.up.edu.pe\/blog\/la-pacifico-te-formara-como-un-profesional-responsable-para-el-mundo\/\"]}]},{\"@type\":\"ImageObject\",\"inLanguage\":\"es-PE\",\"@id\":\"https:\/\/admision.up.edu.pe\/blog\/la-pacifico-te-formara-como-un-profesional-responsable-para-el-mundo\/#primaryimage\",\"url\":\"https:\/\/admision.up.edu.pe\/blog\/wp-content\/uploads\/2021\/04\/Mesa-de-trabajo-7.png\",\"contentUrl\":\"https:\/\/admision.up.edu.pe\/blog\/wp-content\/uploads\/2021\/04\/Mesa-de-trabajo-7.png\",\"width\":324,\"height\":236},{\"@type\":\"WebSite\",\"@id\":\"https:\/\/admision.up.edu.pe\/blog\/#website\",\"url\":\"https:\/\/admision.up.edu.pe\/blog\/\",\"name\":\"Blog Admisi\u00f3n\",\"description\":\"UP\",\"potentialAction\":[{\"@type\":\"SearchAction\",\"target\":{\"@type\":\"EntryPoint\",\"urlTemplate\":\"https:\/\/admision.up.edu.pe\/blog\/?s={search_term_string}\"},\"query-input\":{\"@type\":\"PropertyValueSpecification\",\"valueRequired\":true,\"valueName\":\"search_term_string\"}}],\"inLanguage\":\"es-PE\"},{\"@type\":\"Person\",\"@id\":\"https:\/\/admision.up.edu.pe\/blog\/#\/schema\/person\/7057daa0ac97d5b3c09bac42ce3d5549\",\"name\":\"admin\",\"image\":{\"@type\":\"ImageObject\",\"inLanguage\":\"es-PE\",\"@id\":\"https:\/\/admision.up.edu.pe\/blog\/#\/schema\/person\/image\/\",\"url\":\"https:\/\/secure.gravatar.com\/avatar\/4b0a7b02ed9b77e2b9377d08d9baea60?s=96&d=mm&r=g\",\"contentUrl\":\"https:\/\/secure.gravatar.com\/avatar\/4b0a7b02ed9b77e2b9377d08d9baea60?s=96&d=mm&r=g\",\"caption\":\"admin\"},\"url\":\"https:\/\/admision.up.edu.pe\/blog\/author\/admin\/\"}]}<\/script>\n<!-- \/ Yoast SEO plugin. -->","yoast_head_json":{"title":"Egresados UP: profesional responsable para el mundo - Blog Admisi\u00f3n","description":"\u00bfEst\u00e1s buscando una universidad para formarte como profesional? Aqu\u00ed te contamos Por qu\u00e9 debes elegir la Universidad del Pac\u00edfico.","robots":{"index":"index","follow":"follow","max-snippet":"max-snippet:-1","max-image-preview":"max-image-preview:large","max-video-preview":"max-video-preview:-1"},"canonical":"https:\/\/admision.up.edu.pe\/blog\/la-pacifico-te-formara-como-un-profesional-responsable-para-el-mundo\/","og_locale":"es_ES","og_type":"article","og_title":"Egresados UP: profesional responsable para el mundo - Blog Admisi\u00f3n","og_description":"\u00bfEst\u00e1s buscando una universidad para formarte como profesional? Aqu\u00ed te contamos Por qu\u00e9 debes elegir la Universidad del Pac\u00edfico.","og_url":"https:\/\/admision.up.edu.pe\/blog\/la-pacifico-te-formara-como-un-profesional-responsable-para-el-mundo\/","og_site_name":"Blog Admisi\u00f3n","article_published_time":"2021-04-13T20:50:21+00:00","article_modified_time":"2021-11-07T23:00:19+00:00","og_image":[{"width":524,"height":273,"url":"https:\/\/admision.up.edu.pe\/blog\/wp-content\/uploads\/2021\/09\/MejoresCarreras-1.jpg","type":"image\/jpeg"}],"author":"admin","twitter_card":"summary_large_image","twitter_misc":{"Written by":"admin","Est. reading time":"6 minutos"},"schema":{"@context":"https:\/\/schema.org","@graph":[{"@type":"WebPage","@id":"https:\/\/admision.up.edu.pe\/blog\/la-pacifico-te-formara-como-un-profesional-responsable-para-el-mundo\/","url":"https:\/\/admision.up.edu.pe\/blog\/la-pacifico-te-formara-como-un-profesional-responsable-para-el-mundo\/","name":"Egresados UP: profesional responsable para el mundo - Blog Admisi\u00f3n","isPartOf":{"@id":"https:\/\/admision.up.edu.pe\/blog\/#website"},"primaryImageOfPage":{"@id":"https:\/\/admision.up.edu.pe\/blog\/la-pacifico-te-formara-como-un-profesional-responsable-para-el-mundo\/#primaryimage"},"image":{"@id":"https:\/\/admision.up.edu.pe\/blog\/la-pacifico-te-formara-como-un-profesional-responsable-para-el-mundo\/#primaryimage"},"thumbnailUrl":"https:\/\/admision.up.edu.pe\/blog\/wp-content\/uploads\/2021\/04\/Mesa-de-trabajo-7.png","datePublished":"2021-04-13T20:50:21+00:00","dateModified":"2021-11-07T23:00:19+00:00","author":{"@id":"https:\/\/admision.up.edu.pe\/blog\/#\/schema\/person\/7057daa0ac97d5b3c09bac42ce3d5549"},"description":"\u00bfEst\u00e1s buscando una universidad para formarte como profesional? Aqu\u00ed te contamos Por qu\u00e9 debes elegir la Universidad del Pac\u00edfico.","inLanguage":"es-PE","potentialAction":[{"@type":"ReadAction","target":["https:\/\/admision.up.edu.pe\/blog\/la-pacifico-te-formara-como-un-profesional-responsable-para-el-mundo\/"]}]},{"@type":"ImageObject","inLanguage":"es-PE","@id":"https:\/\/admision.up.edu.pe\/blog\/la-pacifico-te-formara-como-un-profesional-responsable-para-el-mundo\/#primaryimage","url":"https:\/\/admision.up.edu.pe\/blog\/wp-content\/uploads\/2021\/04\/Mesa-de-trabajo-7.png","contentUrl":"https:\/\/admision.up.edu.pe\/blog\/wp-content\/uploads\/2021\/04\/Mesa-de-trabajo-7.png","width":324,"height":236},{"@type":"WebSite","@id":"https:\/\/admision.up.edu.pe\/blog\/#website","url":"https:\/\/admision.up.edu.pe\/blog\/","name":"Blog Admisi\u00f3n","description":"UP","potentialAction":[{"@type":"SearchAction","target":{"@type":"EntryPoint","urlTemplate":"https:\/\/admision.up.edu.pe\/blog\/?s={search_term_string}"},"query-input":{"@type":"PropertyValueSpecification","valueRequired":true,"valueName":"search_term_string"}}],"inLanguage":"es-PE"},{"@type":"Person","@id":"https:\/\/admision.up.edu.pe\/blog\/#\/schema\/person\/7057daa0ac97d5b3c09bac42ce3d5549","name":"admin","image":{"@type":"ImageObject","inLanguage":"es-PE","@id":"https:\/\/admision.up.edu.pe\/blog\/#\/schema\/person\/image\/","url":"https:\/\/secure.gravatar.com\/avatar\/4b0a7b02ed9b77e2b9377d08d9baea60?s=96&d=mm&r=g","contentUrl":"https:\/\/secure.gravatar.com\/avatar\/4b0a7b02ed9b77e2b9377d08d9baea60?s=96&d=mm&r=g","caption":"admin"},"url":"https:\/\/admision.up.edu.pe\/blog\/author\/admin\/"}]}},"_links":{"self":[{"href":"https:\/\/admision.up.edu.pe\/blog\/wp-json\/wp\/v2\/posts\/973","targetHints":{"allow":["GET"]}}],"collection":[{"href":"https:\/\/admision.up.edu.pe\/blog\/wp-json\/wp\/v2\/posts"}],"about":[{"href":"https:\/\/admision.up.edu.pe\/blog\/wp-json\/wp\/v2\/types\/post"}],"author":[{"embeddable":true,"href":"https:\/\/admision.up.edu.pe\/blog\/wp-json\/wp\/v2\/users\/1"}],"replies":[{"embeddable":true,"href":"https:\/\/admision.up.edu.pe\/blog\/wp-json\/wp\/v2\/comments?post=973"}],"version-history":[{"count":10,"href":"https:\/\/admision.up.edu.pe\/blog\/wp-json\/wp\/v2\/posts\/973\/revisions"}],"predecessor-version":[{"id":1499,"href":"https:\/\/admision.up.edu.pe\/blog\/wp-json\/wp\/v2\/posts\/973\/revisions\/1499"}],"wp:featuredmedia":[{"embeddable":true,"href":"https:\/\/admision.up.edu.pe\/blog\/wp-json\/wp\/v2\/media\/1005"}],"wp:attachment":[{"href":"https:\/\/admision.up.edu.pe\/blog\/wp-json\/wp\/v2\/media?parent=973"}],"wp:term":[{"taxonomy":"category","embeddable":true,"href":"https:\/\/admision.up.edu.pe\/blog\/wp-json\/wp\/v2\/categories?post=973"},{"taxonomy":"post_tag","embeddable":true,"href":"https:\/\/admision.up.edu.pe\/blog\/wp-json\/wp\/v2\/tags?post=973"}],"curies":[{"name":"wp","href":"https:\/\/api.w.org\/{rel}","templated":true}]}}