{"id":957,"date":"2021-04-06T14:46:30","date_gmt":"2021-04-06T19:46:30","guid":{"rendered":"https:\/\/admision.up.edu.pe\/blog\/?p=957"},"modified":"2022-07-06T22:04:30","modified_gmt":"2022-07-07T03:04:30","slug":"habilidades-socioemocionales-que-tan-importantes-son-para-nuestro-desarrollo-profesional","status":"publish","type":"post","link":"https:\/\/admision.up.edu.pe\/blog\/habilidades-socioemocionales-que-tan-importantes-son-para-nuestro-desarrollo-profesional\/","title":{"rendered":"Habilidades socioemocionales: \u00bfQu\u00e9 tan importantes son para nuestro desarrollo profesional?"},"content":{"rendered":"\n<p><strong><em>Magaly Rubina, psic\u00f3loga y directora de Formaci\u00f3n Extraacad\u00e9mica en la Universidad del Pac\u00edfico, convers\u00f3 con nosotros acerca de su visi\u00f3n sobre las habilidades socioemocionales y la importancia de fortalecerlas constantemente. <\/em><\/strong><\/p>\n\n\n\n<p><strong>Dile a tus hijos que estudien arte. Los artistas son los \u00fanicos a los que no podr\u00e1n reemplazar los robots.<\/strong> Con palabras m\u00e1s, palabras menos, esta frase circula desde hace mucho tiempo en internet, y pretende destacar la importancia de las virtudes intr\u00ednsecamente humanas o que est\u00e1n vinculadas con las emociones o los sentimientos.<\/p>\n\n\n\n<p><p>Por supuesto, en el \u00e1mbito profesional, esto abarca muchos m\u00e1s campos que la actividad art\u00edstica e, incluso, en los \u00faltimos a\u00f1os, ha adquirido una enorme relevancia en el mundo corporativo. Diversos estudios realizados a nivel mundial coinciden en que capacidades como la empat\u00eda, la honestidad, la capacidad de trabajar en equipo, entre otras habilidades socioemocionales, son factores determinantes para evaluar a un trabajador.<\/p>\n<div id='gallery-1' class='gallery galleryid-957 gallery-columns-3 gallery-size-large'><figure class='gallery-item'>\n\t\t\t<div class='gallery-icon landscape'>\n\t\t\t\t<a href='https:\/\/admision.up.edu.pe\/blog\/habilidades-socioemocionales-que-tan-importantes-son-para-nuestro-desarrollo-profesional\/vga_2960-1024x678-2\/'><img loading=\"lazy\" decoding=\"async\" width=\"696\" height=\"461\" src=\"https:\/\/admision.up.edu.pe\/blog\/wp-content\/uploads\/2021\/04\/VGA_2960-1024x678-2.jpg\" class=\"attachment-large size-large\" alt=\"\" srcset=\"https:\/\/admision.up.edu.pe\/blog\/wp-content\/uploads\/2021\/04\/VGA_2960-1024x678-2.jpg 1024w, https:\/\/admision.up.edu.pe\/blog\/wp-content\/uploads\/2021\/04\/VGA_2960-1024x678-2-300x199.jpg 300w, https:\/\/admision.up.edu.pe\/blog\/wp-content\/uploads\/2021\/04\/VGA_2960-1024x678-2-768x509.jpg 768w, https:\/\/admision.up.edu.pe\/blog\/wp-content\/uploads\/2021\/04\/VGA_2960-1024x678-2-696x461.jpg 696w, https:\/\/admision.up.edu.pe\/blog\/wp-content\/uploads\/2021\/04\/VGA_2960-1024x678-2-634x420.jpg 634w\" sizes=\"auto, (max-width: 696px) 100vw, 696px\" \/><\/a>\n\t\t\t<\/div><\/figure><figure class='gallery-item'>\n\t\t\t<div class='gallery-icon landscape'>\n\t\t\t\t<a href='https:\/\/admision.up.edu.pe\/blog\/habilidades-socioemocionales-que-tan-importantes-son-para-nuestro-desarrollo-profesional\/vga_3018-1024x678-2\/'><img loading=\"lazy\" decoding=\"async\" width=\"696\" height=\"461\" src=\"https:\/\/admision.up.edu.pe\/blog\/wp-content\/uploads\/2021\/04\/VGA_3018-1024x678-2.jpg\" class=\"attachment-large size-large\" alt=\"\" srcset=\"https:\/\/admision.up.edu.pe\/blog\/wp-content\/uploads\/2021\/04\/VGA_3018-1024x678-2.jpg 1024w, https:\/\/admision.up.edu.pe\/blog\/wp-content\/uploads\/2021\/04\/VGA_3018-1024x678-2-300x199.jpg 300w, https:\/\/admision.up.edu.pe\/blog\/wp-content\/uploads\/2021\/04\/VGA_3018-1024x678-2-768x509.jpg 768w, https:\/\/admision.up.edu.pe\/blog\/wp-content\/uploads\/2021\/04\/VGA_3018-1024x678-2-696x461.jpg 696w, https:\/\/admision.up.edu.pe\/blog\/wp-content\/uploads\/2021\/04\/VGA_3018-1024x678-2-634x420.jpg 634w\" sizes=\"auto, (max-width: 696px) 100vw, 696px\" \/><\/a>\n\t\t\t<\/div><\/figure><figure class='gallery-item'>\n\t\t\t<div class='gallery-icon landscape'>\n\t\t\t\t<a href='https:\/\/admision.up.edu.pe\/blog\/habilidades-socioemocionales-que-tan-importantes-son-para-nuestro-desarrollo-profesional\/vga_2820-1024x678-2\/'><img loading=\"lazy\" decoding=\"async\" width=\"696\" height=\"461\" src=\"https:\/\/admision.up.edu.pe\/blog\/wp-content\/uploads\/2021\/04\/VGA_2820-1024x678-2.jpg\" class=\"attachment-large size-large\" alt=\"\" srcset=\"https:\/\/admision.up.edu.pe\/blog\/wp-content\/uploads\/2021\/04\/VGA_2820-1024x678-2.jpg 1024w, https:\/\/admision.up.edu.pe\/blog\/wp-content\/uploads\/2021\/04\/VGA_2820-1024x678-2-300x199.jpg 300w, https:\/\/admision.up.edu.pe\/blog\/wp-content\/uploads\/2021\/04\/VGA_2820-1024x678-2-768x509.jpg 768w, https:\/\/admision.up.edu.pe\/blog\/wp-content\/uploads\/2021\/04\/VGA_2820-1024x678-2-696x461.jpg 696w, https:\/\/admision.up.edu.pe\/blog\/wp-content\/uploads\/2021\/04\/VGA_2820-1024x678-2-634x420.jpg 634w\" sizes=\"auto, (max-width: 696px) 100vw, 696px\" \/><\/a>\n\t\t\t<\/div><\/figure>\n\t\t<\/div>\n\n<p>&nbsp;<\/p><\/p>\n\n\n\n<p>Magaly Rubina, psic\u00f3loga y directora de Formaci\u00f3n Extraacad\u00e9mica en Universidad del Pac\u00edfico, asegura que un profesional sin habilidades socioemocionales es un profesional incompleto. \u201cUn profesional que no es capaz de escuchar a otro, que no es capaz de postergar sus impulsos, que no considera el bien com\u00fan, es un profesional incompleto, como una mesa sin una pata: no va a tener el equilibrio necesario para llevar la carga que se le imponga\u201d, afirma.<\/p>\n\n\n\n<p>Pero \u00bfa qu\u00e9 nos enfrentamos cuando hablamos de habilidades socioemocionales? \u201cSon las habilidades no cognitivas que desarrollan las personas y que est\u00e1n relacionadas con la capacidad de entenderse a uno mismo, de autoconocerse, para luego regular nuestras propias emociones y relacionarnos de manera m\u00e1s favorable con nuestro entorno\u201d, explica Rubina.<\/p>\n\n\n\n<p>En ese sentido, las habilidades socioemocionales nos permiten una mejor gesti\u00f3n de nuestras emociones y sentimientos y eso, eventualmente, conlleva a un entorno m\u00e1s saludable y m\u00e1s arm\u00f3nico tanto en el territorio laboral como en el personal. \u201cSon habilidades que se pueden desarrollar y fortalecer a lo largo de la vida y que parten de nosotros mismos hacia los dem\u00e1s\u201d, comenta.<\/p>\n\n\n\n<p>\u00bfC\u00f3mo se fomentan estas habilidades dentro de las instituciones educativas? Para la psic\u00f3loga, no hay f\u00f3rmulas m\u00e1gicas ni es posible enlistar consejos o <em>tips<\/em> infalibles. \u201cEs un abordaje m\u00e1s complejo. Va a depender de cada colegio y de d\u00f3nde quiera poner el acento y de c\u00f3mo quiere que sea su perfil de egresados\u201d.<\/p>\n\n\n\n<p>Es importante, eso s\u00ed, que desde temprana edad se generen los espacios donde los alumnos puedan analizar su propio comportamiento y autoconocerse. \u201c\u00bfC\u00f3mo te has sentido con esta situaci\u00f3n? \u00bfQu\u00e9 opinas de tal situaci\u00f3n? Son preguntas importantes independientemente del curso o de la actividad\u201d.<\/p>\n\n\n\n<p>Rubina comenta, adem\u00e1s, que cada etapa en el desarrollo de la persona puede tener distintos abordajes. \u201cLa edad ideal para desarrollar estas capacidades empieza desde que somos muy chicos. Esto, por supuesto, no quiere decir que no se puedan desarrollar despu\u00e9s. Pero a una edad temprana se le ense\u00f1a al ni\u00f1o a seguir ciertas reglas, a postergar el impulso, a no burlarse del otro. Se le ense\u00f1a con el ejemplo y con tareas espec\u00edficas\u201d.<\/p>\n\n\n\n<p><p>Asimismo, en cuanto a la etapa adolescente, asegura que es importante contextualizar sus urgencias. \u201cLos adolescentes tienen un tema sobre la aprobaci\u00f3n de los padres, sobre el sentido de pertenencia, entre otros. Es importante conversar sobre eso y ayudarlos a relacionarse consigo mismos en los \u00faltimos a\u00f1os de secundaria\u201d.<\/p>\n<div id='gallery-2' class='gallery galleryid-957 gallery-columns-3 gallery-size-large'><figure class='gallery-item'>\n\t\t\t<div class='gallery-icon landscape'>\n\t\t\t\t<a href='https:\/\/admision.up.edu.pe\/blog\/habilidades-socioemocionales-que-tan-importantes-son-para-nuestro-desarrollo-profesional\/68955675_2474859612573036_4800682515234816000_n-1024x683-2\/'><img loading=\"lazy\" decoding=\"async\" width=\"696\" height=\"464\" src=\"https:\/\/admision.up.edu.pe\/blog\/wp-content\/uploads\/2021\/04\/68955675_2474859612573036_4800682515234816000_n-1024x683-2.jpg\" class=\"attachment-large size-large\" alt=\"\" srcset=\"https:\/\/admision.up.edu.pe\/blog\/wp-content\/uploads\/2021\/04\/68955675_2474859612573036_4800682515234816000_n-1024x683-2.jpg 1024w, https:\/\/admision.up.edu.pe\/blog\/wp-content\/uploads\/2021\/04\/68955675_2474859612573036_4800682515234816000_n-1024x683-2-300x200.jpg 300w, https:\/\/admision.up.edu.pe\/blog\/wp-content\/uploads\/2021\/04\/68955675_2474859612573036_4800682515234816000_n-1024x683-2-768x512.jpg 768w, https:\/\/admision.up.edu.pe\/blog\/wp-content\/uploads\/2021\/04\/68955675_2474859612573036_4800682515234816000_n-1024x683-2-696x464.jpg 696w, https:\/\/admision.up.edu.pe\/blog\/wp-content\/uploads\/2021\/04\/68955675_2474859612573036_4800682515234816000_n-1024x683-2-630x420.jpg 630w\" sizes=\"auto, (max-width: 696px) 100vw, 696px\" \/><\/a>\n\t\t\t<\/div><\/figure><figure class='gallery-item'>\n\t\t\t<div class='gallery-icon landscape'>\n\t\t\t\t<a href='https:\/\/admision.up.edu.pe\/blog\/habilidades-socioemocionales-que-tan-importantes-son-para-nuestro-desarrollo-profesional\/64333835_2347729605286038_854782995385548800_n-1024x683-2\/'><img loading=\"lazy\" decoding=\"async\" width=\"696\" height=\"464\" src=\"https:\/\/admision.up.edu.pe\/blog\/wp-content\/uploads\/2021\/04\/64333835_2347729605286038_854782995385548800_n-1024x683-2.jpg\" class=\"attachment-large size-large\" alt=\"\" srcset=\"https:\/\/admision.up.edu.pe\/blog\/wp-content\/uploads\/2021\/04\/64333835_2347729605286038_854782995385548800_n-1024x683-2.jpg 1024w, https:\/\/admision.up.edu.pe\/blog\/wp-content\/uploads\/2021\/04\/64333835_2347729605286038_854782995385548800_n-1024x683-2-300x200.jpg 300w, https:\/\/admision.up.edu.pe\/blog\/wp-content\/uploads\/2021\/04\/64333835_2347729605286038_854782995385548800_n-1024x683-2-768x512.jpg 768w, https:\/\/admision.up.edu.pe\/blog\/wp-content\/uploads\/2021\/04\/64333835_2347729605286038_854782995385548800_n-1024x683-2-696x464.jpg 696w, https:\/\/admision.up.edu.pe\/blog\/wp-content\/uploads\/2021\/04\/64333835_2347729605286038_854782995385548800_n-1024x683-2-630x420.jpg 630w\" sizes=\"auto, (max-width: 696px) 100vw, 696px\" \/><\/a>\n\t\t\t<\/div><\/figure>\n\t\t<\/div>\n<\/p>\n\n\n\n<p>En ese sentido, el autoconocimiento es tambi\u00e9n fundamental para guiar su vocaci\u00f3n. \u201c\u00bfEn qu\u00e9 soy bueno? \u00bfQu\u00e9 cosas se me dificultan? Son preguntas que hace falta ayudarlos a resolver\u201d, comenta ella. \u201cHay que desmitificar que uno tiene que ser bueno en todo. Entonces, si no eres tan bueno matem\u00e1tica enf\u00f3cate solamente en llevarla a un nivel lo suficientemente bueno para que no te sea un dolor de cabeza. Pero ded\u00edcate a sacarle brillo a todas esas cosas que eres bueno, porque posiblemente ah\u00ed podr\u00edas hacer la diferencia\u201d.<\/p>\n\n\n\n<p>\u201cLo importante\u201d, insiste Rubina, \u201ces motivar la reflexi\u00f3n y la expresi\u00f3n\u201d. Esto conlleva al autoconocimiento y, con el tiempo, a desarrollar profesionales con liderazgos positivos, que influyan en las personas de maneras adecuadas y que la correcta gesti\u00f3n de sus emociones les posibilite tomar mejores decisiones, m\u00e1s responsables y m\u00e1s emp\u00e1ticas.<\/p>\n\n\n\n<p>Por \u00faltimo, Rubina destac\u00f3 que es muy importante la transparencia de los colegios de cara a los padres de familia. \u201cAs\u00ed como los alumnos no pueden ser buenos en todo al mismo nivel, el colegio debe ser muy claro en d\u00f3nde est\u00e1n sus fortalezas en el plano formativo\u201d. En ese sentido, la psic\u00f3loga explica que los padres est\u00e1n en su derecho de entender perfectamente d\u00f3nde ponen los acentos las instituciones educativas, para as\u00ed sopesar informadamente qu\u00e9 habilidades socioemocionales y qu\u00e9 habilidades t\u00e9cnicas les est\u00e1n ofreciendo desarrollar en sus hijos. De esta manera, podr\u00e1n elegir mejor a qu\u00e9 instituci\u00f3n matricularlos. \u201cEs importante que el colegio sea coherente y transparente con lo que ofrece a la comunidad y los padres\u201d, concluye.<\/p>\n","protected":false},"excerpt":{"rendered":"<p>Magaly Rubina, psic\u00f3loga y directora de Formaci\u00f3n Extraacad\u00e9mica en la Universidad del Pac\u00edfico, convers\u00f3 con nosotros acerca de su visi\u00f3n sobre las habilidades socioemocionales y la importancia de fortalecerlas constantemente. Dile a tus hijos que estudien arte. Los artistas son los \u00fanicos a los que no podr\u00e1n reemplazar los robots. Con palabras m\u00e1s, palabras menos, [&hellip;]<\/p>\n","protected":false},"author":2,"featured_media":966,"comment_status":"closed","ping_status":"open","sticky":false,"template":"","format":"standard","meta":{"_acf_changed":false,"inline_featured_image":false,"footnotes":""},"categories":[29],"tags":[],"class_list":{"0":"post-957","1":"post","2":"type-post","3":"status-publish","4":"format-standard","5":"has-post-thumbnail","7":"category-asesoria-educativa"},"acf":[],"yoast_head":"<!-- This site is optimized with the Yoast SEO plugin v25.6 - https:\/\/yoast.com\/wordpress\/plugins\/seo\/ -->\n<title>Habilidades socioemocionales - Universidad del Pac\u00edfico Blog Admisi\u00f3n<\/title>\n<meta name=\"description\" content=\"Qu\u00e9 son las habilidades socioemocionales y por qu\u00e9 es tan importanrte fortalecerlas constantemente. Por la psic\u00f3loga y directora Magaly Rubina\" \/>\n<meta name=\"robots\" content=\"noindex, nofollow\" \/>\n<meta property=\"og:locale\" content=\"es_ES\" \/>\n<meta property=\"og:type\" content=\"article\" \/>\n<meta property=\"og:title\" content=\"Habilidades socioemocionales - Universidad del Pac\u00edfico Blog Admisi\u00f3n\" \/>\n<meta property=\"og:description\" content=\"Qu\u00e9 son las habilidades socioemocionales y por qu\u00e9 es tan importanrte fortalecerlas constantemente. Por la psic\u00f3loga y directora Magaly Rubina\" \/>\n<meta property=\"og:url\" content=\"https:\/\/admision.up.edu.pe\/blog\/habilidades-socioemocionales-que-tan-importantes-son-para-nuestro-desarrollo-profesional\/\" \/>\n<meta property=\"og:site_name\" content=\"Blog Admisi\u00f3n\" \/>\n<meta property=\"article:published_time\" content=\"2021-04-06T19:46:30+00:00\" \/>\n<meta property=\"article:modified_time\" content=\"2022-07-07T03:04:30+00:00\" \/>\n<meta property=\"og:image\" content=\"https:\/\/admision.up.edu.pe\/blog\/wp-content\/uploads\/2021\/04\/Blog.jpg\" \/>\n\t<meta property=\"og:image:width\" content=\"324\" \/>\n\t<meta property=\"og:image:height\" content=\"160\" \/>\n\t<meta property=\"og:image:type\" content=\"image\/jpeg\" \/>\n<meta name=\"author\" content=\"UP\" \/>\n<meta name=\"twitter:card\" content=\"summary_large_image\" \/>\n<meta name=\"twitter:label1\" content=\"Written by\" \/>\n\t<meta name=\"twitter:data1\" content=\"UP\" \/>\n\t<meta name=\"twitter:label2\" content=\"Est. reading time\" \/>\n\t<meta name=\"twitter:data2\" content=\"4 minutos\" \/>\n<script type=\"application\/ld+json\" class=\"yoast-schema-graph\">{\"@context\":\"https:\/\/schema.org\",\"@graph\":[{\"@type\":\"WebPage\",\"@id\":\"https:\/\/admision.up.edu.pe\/blog\/habilidades-socioemocionales-que-tan-importantes-son-para-nuestro-desarrollo-profesional\/\",\"url\":\"https:\/\/admision.up.edu.pe\/blog\/habilidades-socioemocionales-que-tan-importantes-son-para-nuestro-desarrollo-profesional\/\",\"name\":\"Habilidades socioemocionales - Universidad del Pac\u00edfico Blog Admisi\u00f3n\",\"isPartOf\":{\"@id\":\"https:\/\/admision.up.edu.pe\/blog\/#website\"},\"primaryImageOfPage\":{\"@id\":\"https:\/\/admision.up.edu.pe\/blog\/habilidades-socioemocionales-que-tan-importantes-son-para-nuestro-desarrollo-profesional\/#primaryimage\"},\"image\":{\"@id\":\"https:\/\/admision.up.edu.pe\/blog\/habilidades-socioemocionales-que-tan-importantes-son-para-nuestro-desarrollo-profesional\/#primaryimage\"},\"thumbnailUrl\":\"https:\/\/admision.up.edu.pe\/blog\/wp-content\/uploads\/2021\/04\/Blog.jpg\",\"datePublished\":\"2021-04-06T19:46:30+00:00\",\"dateModified\":\"2022-07-07T03:04:30+00:00\",\"author\":{\"@id\":\"https:\/\/admision.up.edu.pe\/blog\/#\/schema\/person\/91c25190fb057f1d1551b92d13ed6390\"},\"description\":\"Qu\u00e9 son las habilidades socioemocionales y por qu\u00e9 es tan importanrte fortalecerlas constantemente. Por la psic\u00f3loga y directora Magaly Rubina\",\"inLanguage\":\"es-PE\",\"potentialAction\":[{\"@type\":\"ReadAction\",\"target\":[\"https:\/\/admision.up.edu.pe\/blog\/habilidades-socioemocionales-que-tan-importantes-son-para-nuestro-desarrollo-profesional\/\"]}]},{\"@type\":\"ImageObject\",\"inLanguage\":\"es-PE\",\"@id\":\"https:\/\/admision.up.edu.pe\/blog\/habilidades-socioemocionales-que-tan-importantes-son-para-nuestro-desarrollo-profesional\/#primaryimage\",\"url\":\"https:\/\/admision.up.edu.pe\/blog\/wp-content\/uploads\/2021\/04\/Blog.jpg\",\"contentUrl\":\"https:\/\/admision.up.edu.pe\/blog\/wp-content\/uploads\/2021\/04\/Blog.jpg\",\"width\":324,\"height\":160},{\"@type\":\"WebSite\",\"@id\":\"https:\/\/admision.up.edu.pe\/blog\/#website\",\"url\":\"https:\/\/admision.up.edu.pe\/blog\/\",\"name\":\"Blog Admisi\u00f3n\",\"description\":\"UP\",\"potentialAction\":[{\"@type\":\"SearchAction\",\"target\":{\"@type\":\"EntryPoint\",\"urlTemplate\":\"https:\/\/admision.up.edu.pe\/blog\/?s={search_term_string}\"},\"query-input\":{\"@type\":\"PropertyValueSpecification\",\"valueRequired\":true,\"valueName\":\"search_term_string\"}}],\"inLanguage\":\"es-PE\"},{\"@type\":\"Person\",\"@id\":\"https:\/\/admision.up.edu.pe\/blog\/#\/schema\/person\/91c25190fb057f1d1551b92d13ed6390\",\"name\":\"UP\",\"image\":{\"@type\":\"ImageObject\",\"inLanguage\":\"es-PE\",\"@id\":\"https:\/\/admision.up.edu.pe\/blog\/#\/schema\/person\/image\/\",\"url\":\"https:\/\/secure.gravatar.com\/avatar\/36c350468514113d381ce42b34347e8c?s=96&d=mm&r=g\",\"contentUrl\":\"https:\/\/secure.gravatar.com\/avatar\/36c350468514113d381ce42b34347e8c?s=96&d=mm&r=g\",\"caption\":\"UP\"},\"url\":\"https:\/\/admision.up.edu.pe\/blog\/author\/gr-diazc\/\"}]}<\/script>\n<!-- \/ Yoast SEO plugin. -->","yoast_head_json":{"title":"Habilidades socioemocionales - Universidad del Pac\u00edfico Blog Admisi\u00f3n","description":"Qu\u00e9 son las habilidades socioemocionales y por qu\u00e9 es tan importanrte fortalecerlas constantemente. Por la psic\u00f3loga y directora Magaly Rubina","robots":{"index":"noindex","follow":"nofollow"},"og_locale":"es_ES","og_type":"article","og_title":"Habilidades socioemocionales - Universidad del Pac\u00edfico Blog Admisi\u00f3n","og_description":"Qu\u00e9 son las habilidades socioemocionales y por qu\u00e9 es tan importanrte fortalecerlas constantemente. Por la psic\u00f3loga y directora Magaly Rubina","og_url":"https:\/\/admision.up.edu.pe\/blog\/habilidades-socioemocionales-que-tan-importantes-son-para-nuestro-desarrollo-profesional\/","og_site_name":"Blog Admisi\u00f3n","article_published_time":"2021-04-06T19:46:30+00:00","article_modified_time":"2022-07-07T03:04:30+00:00","og_image":[{"width":324,"height":160,"url":"https:\/\/admision.up.edu.pe\/blog\/wp-content\/uploads\/2021\/04\/Blog.jpg","type":"image\/jpeg"}],"author":"UP","twitter_card":"summary_large_image","twitter_misc":{"Written by":"UP","Est. reading time":"4 minutos"},"schema":{"@context":"https:\/\/schema.org","@graph":[{"@type":"WebPage","@id":"https:\/\/admision.up.edu.pe\/blog\/habilidades-socioemocionales-que-tan-importantes-son-para-nuestro-desarrollo-profesional\/","url":"https:\/\/admision.up.edu.pe\/blog\/habilidades-socioemocionales-que-tan-importantes-son-para-nuestro-desarrollo-profesional\/","name":"Habilidades socioemocionales - Universidad del Pac\u00edfico Blog Admisi\u00f3n","isPartOf":{"@id":"https:\/\/admision.up.edu.pe\/blog\/#website"},"primaryImageOfPage":{"@id":"https:\/\/admision.up.edu.pe\/blog\/habilidades-socioemocionales-que-tan-importantes-son-para-nuestro-desarrollo-profesional\/#primaryimage"},"image":{"@id":"https:\/\/admision.up.edu.pe\/blog\/habilidades-socioemocionales-que-tan-importantes-son-para-nuestro-desarrollo-profesional\/#primaryimage"},"thumbnailUrl":"https:\/\/admision.up.edu.pe\/blog\/wp-content\/uploads\/2021\/04\/Blog.jpg","datePublished":"2021-04-06T19:46:30+00:00","dateModified":"2022-07-07T03:04:30+00:00","author":{"@id":"https:\/\/admision.up.edu.pe\/blog\/#\/schema\/person\/91c25190fb057f1d1551b92d13ed6390"},"description":"Qu\u00e9 son las habilidades socioemocionales y por qu\u00e9 es tan importanrte fortalecerlas constantemente. Por la psic\u00f3loga y directora Magaly Rubina","inLanguage":"es-PE","potentialAction":[{"@type":"ReadAction","target":["https:\/\/admision.up.edu.pe\/blog\/habilidades-socioemocionales-que-tan-importantes-son-para-nuestro-desarrollo-profesional\/"]}]},{"@type":"ImageObject","inLanguage":"es-PE","@id":"https:\/\/admision.up.edu.pe\/blog\/habilidades-socioemocionales-que-tan-importantes-son-para-nuestro-desarrollo-profesional\/#primaryimage","url":"https:\/\/admision.up.edu.pe\/blog\/wp-content\/uploads\/2021\/04\/Blog.jpg","contentUrl":"https:\/\/admision.up.edu.pe\/blog\/wp-content\/uploads\/2021\/04\/Blog.jpg","width":324,"height":160},{"@type":"WebSite","@id":"https:\/\/admision.up.edu.pe\/blog\/#website","url":"https:\/\/admision.up.edu.pe\/blog\/","name":"Blog Admisi\u00f3n","description":"UP","potentialAction":[{"@type":"SearchAction","target":{"@type":"EntryPoint","urlTemplate":"https:\/\/admision.up.edu.pe\/blog\/?s={search_term_string}"},"query-input":{"@type":"PropertyValueSpecification","valueRequired":true,"valueName":"search_term_string"}}],"inLanguage":"es-PE"},{"@type":"Person","@id":"https:\/\/admision.up.edu.pe\/blog\/#\/schema\/person\/91c25190fb057f1d1551b92d13ed6390","name":"UP","image":{"@type":"ImageObject","inLanguage":"es-PE","@id":"https:\/\/admision.up.edu.pe\/blog\/#\/schema\/person\/image\/","url":"https:\/\/secure.gravatar.com\/avatar\/36c350468514113d381ce42b34347e8c?s=96&d=mm&r=g","contentUrl":"https:\/\/secure.gravatar.com\/avatar\/36c350468514113d381ce42b34347e8c?s=96&d=mm&r=g","caption":"UP"},"url":"https:\/\/admision.up.edu.pe\/blog\/author\/gr-diazc\/"}]}},"_links":{"self":[{"href":"https:\/\/admision.up.edu.pe\/blog\/wp-json\/wp\/v2\/posts\/957","targetHints":{"allow":["GET"]}}],"collection":[{"href":"https:\/\/admision.up.edu.pe\/blog\/wp-json\/wp\/v2\/posts"}],"about":[{"href":"https:\/\/admision.up.edu.pe\/blog\/wp-json\/wp\/v2\/types\/post"}],"author":[{"embeddable":true,"href":"https:\/\/admision.up.edu.pe\/blog\/wp-json\/wp\/v2\/users\/2"}],"replies":[{"embeddable":true,"href":"https:\/\/admision.up.edu.pe\/blog\/wp-json\/wp\/v2\/comments?post=957"}],"version-history":[{"count":9,"href":"https:\/\/admision.up.edu.pe\/blog\/wp-json\/wp\/v2\/posts\/957\/revisions"}],"predecessor-version":[{"id":2017,"href":"https:\/\/admision.up.edu.pe\/blog\/wp-json\/wp\/v2\/posts\/957\/revisions\/2017"}],"wp:featuredmedia":[{"embeddable":true,"href":"https:\/\/admision.up.edu.pe\/blog\/wp-json\/wp\/v2\/media\/966"}],"wp:attachment":[{"href":"https:\/\/admision.up.edu.pe\/blog\/wp-json\/wp\/v2\/media?parent=957"}],"wp:term":[{"taxonomy":"category","embeddable":true,"href":"https:\/\/admision.up.edu.pe\/blog\/wp-json\/wp\/v2\/categories?post=957"},{"taxonomy":"post_tag","embeddable":true,"href":"https:\/\/admision.up.edu.pe\/blog\/wp-json\/wp\/v2\/tags?post=957"}],"curies":[{"name":"wp","href":"https:\/\/api.w.org\/{rel}","templated":true}]}}