{"id":859,"date":"2020-10-07T11:09:44","date_gmt":"2020-10-07T16:09:44","guid":{"rendered":"https:\/\/admision.up.edu.pe\/blog\/?p=859"},"modified":"2022-07-06T18:00:04","modified_gmt":"2022-07-06T23:00:04","slug":"rafael-rocca-formacion-pacifico-entender-pericias-economicas-y-contables","status":"publish","type":"post","link":"https:\/\/admision.up.edu.pe\/blog\/rafael-rocca-formacion-pacifico-entender-pericias-economicas-y-contables\/","title":{"rendered":"Rafael Rocca: \u201cGracias a la formaci\u00f3n de la Pac\u00edfico he podido entender pericias econ\u00f3micas y contables\u201d"},"content":{"rendered":"<p><!--StartFragment--><\/p>\n\n\n<p>Durante su \u00e9poca escolar, Rafael pensaba lo mismo que muchos de nosotros: Probablemente las matem\u00e1ticas nunca ser\u00e1n tan necesarias en mi vida adulta. Pero esta idea es falsa, pues son indispensables para muchas carreras. Incluso el trabajo de un abogado las requiere, aunque nuestro imaginario siga ligando el Derecho&nbsp; exclusivamente a las letras.<\/p>\n\n\n\n<p>Rafael Rocca, egresado de la carrera de Derecho de la Pac\u00edfico, trabaja en litigios y arbitrajes, lo cual le ha permitido conocer la necesidad de dominar temas y t\u00e9rminos referentes a los n\u00fameros. Gracias a esto, ha comprendido que los cursos de Econom\u00eda, Finanzas y Contabilidad llevados a lo largo de su carrera, son necesarios para un mejor desempe\u00f1o de su actividad profesional.<\/p>\n\n\n\n<p>El sello distintivo de estudiar en la Pac\u00edfico es que el plan de estudios responde a las necesidades del mercado. Por ello, su formaci\u00f3n est\u00e1 abocada a un desarrollo profesional integral. Esto resulta en una formaci\u00f3n adecuada como l\u00edder, el desarrollo de habilidades blandas, la internacionalizaci\u00f3n, y un plan de estudios que comprende cursos jur\u00eddicos, human\u00edsticos, contables, financieros y econ\u00f3micos. Esta formaci\u00f3n integral es crucial para el desempe\u00f1o de la carrera de Derecho; se trate de Derecho Ambiental, Financiero u otro.<\/p>\n\n\n\n<p>Por ello, Rafael, al realizar pericias econ\u00f3micas sobre da\u00f1os y asuntos contables, como Decisiones de Inversi\u00f3n o Contabilidad Financiera, ha podido poner en pr\u00e1ctica lo aprendido en las aulas de la Pac\u00edfico.<\/p>\n\n\n\n<p>Si tomamos en cuenta que los tribunales pueden sustentar su decisi\u00f3n bas\u00e1ndose en conceptos econ\u00f3micos o financieros, y que estos son utilizados frecuentemente al discutirse casos de indemnizaci\u00f3n, el plan de estudios de la Pac\u00edfico enfocado en formar abogados con un conocimiento integral, logra su cometido.<\/p>\n\n\n\n<h2 class=\"wp-block-heading\">Conoce m\u00e1s de Rafael en el siguiente video:<\/h2>\n\n\n\n<p><iframe loading=\"lazy\" src=\"https:\/\/www.youtube.com\/embed\/N1FxTWJMqVY\" width=\"560\" height=\"315\" frameborder=\"0\" allowfullscreen=\"allowfullscreen\"><\/iframe><\/p>\n\n\n<p><!--EndFragment--><\/p>","protected":false},"excerpt":{"rendered":"<p>Durante su \u00e9poca escolar, Rafael pensaba lo mismo que muchos de nosotros: Probablemente las matem\u00e1ticas nunca ser\u00e1n tan necesarias en mi vida adulta. Pero esta idea es falsa, pues son indispensables para muchas carreras. Incluso el trabajo de un abogado las requiere, aunque nuestro imaginario siga ligando el Derecho&nbsp; exclusivamente a las letras. Rafael Rocca, [&hellip;]<\/p>\n","protected":false},"author":2,"featured_media":860,"comment_status":"closed","ping_status":"open","sticky":false,"template":"","format":"standard","meta":{"_acf_changed":false,"inline_featured_image":false,"footnotes":""},"categories":[19],"tags":[23],"class_list":{"0":"post-859","1":"post","2":"type-post","3":"status-publish","4":"format-standard","5":"has-post-thumbnail","7":"category-vive-la-pacifico","8":"tag-derecho"},"acf":[],"yoast_head":"<!-- This site is optimized with the Yoast SEO plugin v25.6 - https:\/\/yoast.com\/wordpress\/plugins\/seo\/ -->\n<title>Formaci\u00f3n UP: Entendiendo pericias econ\u00f3micas y contables.<\/title>\n<meta name=\"description\" content=\"Domina las pericias econ\u00f3micas y contables como Rafael Rocca que egres\u00f3 de la carrera de derecho en la UP. \u00a1Conoce su historia!\" \/>\n<meta name=\"robots\" content=\"index, follow, max-snippet:-1, max-image-preview:large, max-video-preview:-1\" \/>\n<link rel=\"canonical\" href=\"https:\/\/admision.up.edu.pe\/blog\/rafael-rocca-formacion-pacifico-entender-pericias-economicas-y-contables\/\" \/>\n<meta property=\"og:locale\" content=\"es_ES\" \/>\n<meta property=\"og:type\" content=\"article\" \/>\n<meta property=\"og:title\" content=\"Formaci\u00f3n UP: Entendiendo pericias econ\u00f3micas y contables.\" \/>\n<meta property=\"og:description\" content=\"Domina las pericias econ\u00f3micas y contables como Rafael Rocca que egres\u00f3 de la carrera de derecho en la UP. \u00a1Conoce su historia!\" \/>\n<meta property=\"og:url\" content=\"https:\/\/admision.up.edu.pe\/blog\/rafael-rocca-formacion-pacifico-entender-pericias-economicas-y-contables\/\" \/>\n<meta property=\"og:site_name\" content=\"Blog Admisi\u00f3n\" \/>\n<meta property=\"article:published_time\" content=\"2020-10-07T16:09:44+00:00\" \/>\n<meta property=\"article:modified_time\" content=\"2022-07-06T23:00:04+00:00\" \/>\n<meta property=\"og:image\" content=\"https:\/\/admision.up.edu.pe\/blog\/wp-content\/uploads\/2020\/10\/Blog_rafael.jpg\" \/>\n\t<meta property=\"og:image:width\" content=\"800\" \/>\n\t<meta property=\"og:image:height\" content=\"600\" \/>\n\t<meta property=\"og:image:type\" content=\"image\/jpeg\" \/>\n<meta name=\"author\" content=\"UP\" \/>\n<meta name=\"twitter:card\" content=\"summary_large_image\" \/>\n<meta name=\"twitter:label1\" content=\"Written by\" \/>\n\t<meta name=\"twitter:data1\" content=\"UP\" \/>\n\t<meta name=\"twitter:label2\" content=\"Est. reading time\" \/>\n\t<meta name=\"twitter:data2\" content=\"2 minutos\" \/>\n<script type=\"application\/ld+json\" class=\"yoast-schema-graph\">{\"@context\":\"https:\/\/schema.org\",\"@graph\":[{\"@type\":\"WebPage\",\"@id\":\"https:\/\/admision.up.edu.pe\/blog\/rafael-rocca-formacion-pacifico-entender-pericias-economicas-y-contables\/\",\"url\":\"https:\/\/admision.up.edu.pe\/blog\/rafael-rocca-formacion-pacifico-entender-pericias-economicas-y-contables\/\",\"name\":\"Formaci\u00f3n UP: Entendiendo pericias econ\u00f3micas y contables.\",\"isPartOf\":{\"@id\":\"https:\/\/admision.up.edu.pe\/blog\/#website\"},\"primaryImageOfPage\":{\"@id\":\"https:\/\/admision.up.edu.pe\/blog\/rafael-rocca-formacion-pacifico-entender-pericias-economicas-y-contables\/#primaryimage\"},\"image\":{\"@id\":\"https:\/\/admision.up.edu.pe\/blog\/rafael-rocca-formacion-pacifico-entender-pericias-economicas-y-contables\/#primaryimage\"},\"thumbnailUrl\":\"https:\/\/admision.up.edu.pe\/blog\/wp-content\/uploads\/2020\/10\/Blog_rafael.jpg\",\"datePublished\":\"2020-10-07T16:09:44+00:00\",\"dateModified\":\"2022-07-06T23:00:04+00:00\",\"author\":{\"@id\":\"https:\/\/admision.up.edu.pe\/blog\/#\/schema\/person\/91c25190fb057f1d1551b92d13ed6390\"},\"description\":\"Domina las pericias econ\u00f3micas y contables como Rafael Rocca que egres\u00f3 de la carrera de derecho en la UP. \u00a1Conoce su historia!\",\"inLanguage\":\"es-PE\",\"potentialAction\":[{\"@type\":\"ReadAction\",\"target\":[\"https:\/\/admision.up.edu.pe\/blog\/rafael-rocca-formacion-pacifico-entender-pericias-economicas-y-contables\/\"]}]},{\"@type\":\"ImageObject\",\"inLanguage\":\"es-PE\",\"@id\":\"https:\/\/admision.up.edu.pe\/blog\/rafael-rocca-formacion-pacifico-entender-pericias-economicas-y-contables\/#primaryimage\",\"url\":\"https:\/\/admision.up.edu.pe\/blog\/wp-content\/uploads\/2020\/10\/Blog_rafael.jpg\",\"contentUrl\":\"https:\/\/admision.up.edu.pe\/blog\/wp-content\/uploads\/2020\/10\/Blog_rafael.jpg\",\"width\":800,\"height\":600},{\"@type\":\"WebSite\",\"@id\":\"https:\/\/admision.up.edu.pe\/blog\/#website\",\"url\":\"https:\/\/admision.up.edu.pe\/blog\/\",\"name\":\"Blog Admisi\u00f3n\",\"description\":\"UP\",\"potentialAction\":[{\"@type\":\"SearchAction\",\"target\":{\"@type\":\"EntryPoint\",\"urlTemplate\":\"https:\/\/admision.up.edu.pe\/blog\/?s={search_term_string}\"},\"query-input\":{\"@type\":\"PropertyValueSpecification\",\"valueRequired\":true,\"valueName\":\"search_term_string\"}}],\"inLanguage\":\"es-PE\"},{\"@type\":\"Person\",\"@id\":\"https:\/\/admision.up.edu.pe\/blog\/#\/schema\/person\/91c25190fb057f1d1551b92d13ed6390\",\"name\":\"UP\",\"image\":{\"@type\":\"ImageObject\",\"inLanguage\":\"es-PE\",\"@id\":\"https:\/\/admision.up.edu.pe\/blog\/#\/schema\/person\/image\/\",\"url\":\"https:\/\/secure.gravatar.com\/avatar\/36c350468514113d381ce42b34347e8c?s=96&d=mm&r=g\",\"contentUrl\":\"https:\/\/secure.gravatar.com\/avatar\/36c350468514113d381ce42b34347e8c?s=96&d=mm&r=g\",\"caption\":\"UP\"},\"url\":\"https:\/\/admision.up.edu.pe\/blog\/author\/gr-diazc\/\"}]}<\/script>\n<!-- \/ Yoast SEO plugin. -->","yoast_head_json":{"title":"Formaci\u00f3n UP: Entendiendo pericias econ\u00f3micas y contables.","description":"Domina las pericias econ\u00f3micas y contables como Rafael Rocca que egres\u00f3 de la carrera de derecho en la UP. \u00a1Conoce su historia!","robots":{"index":"index","follow":"follow","max-snippet":"max-snippet:-1","max-image-preview":"max-image-preview:large","max-video-preview":"max-video-preview:-1"},"canonical":"https:\/\/admision.up.edu.pe\/blog\/rafael-rocca-formacion-pacifico-entender-pericias-economicas-y-contables\/","og_locale":"es_ES","og_type":"article","og_title":"Formaci\u00f3n UP: Entendiendo pericias econ\u00f3micas y contables.","og_description":"Domina las pericias econ\u00f3micas y contables como Rafael Rocca que egres\u00f3 de la carrera de derecho en la UP. \u00a1Conoce su historia!","og_url":"https:\/\/admision.up.edu.pe\/blog\/rafael-rocca-formacion-pacifico-entender-pericias-economicas-y-contables\/","og_site_name":"Blog Admisi\u00f3n","article_published_time":"2020-10-07T16:09:44+00:00","article_modified_time":"2022-07-06T23:00:04+00:00","og_image":[{"width":800,"height":600,"url":"https:\/\/admision.up.edu.pe\/blog\/wp-content\/uploads\/2020\/10\/Blog_rafael.jpg","type":"image\/jpeg"}],"author":"UP","twitter_card":"summary_large_image","twitter_misc":{"Written by":"UP","Est. reading time":"2 minutos"},"schema":{"@context":"https:\/\/schema.org","@graph":[{"@type":"WebPage","@id":"https:\/\/admision.up.edu.pe\/blog\/rafael-rocca-formacion-pacifico-entender-pericias-economicas-y-contables\/","url":"https:\/\/admision.up.edu.pe\/blog\/rafael-rocca-formacion-pacifico-entender-pericias-economicas-y-contables\/","name":"Formaci\u00f3n UP: Entendiendo pericias econ\u00f3micas y contables.","isPartOf":{"@id":"https:\/\/admision.up.edu.pe\/blog\/#website"},"primaryImageOfPage":{"@id":"https:\/\/admision.up.edu.pe\/blog\/rafael-rocca-formacion-pacifico-entender-pericias-economicas-y-contables\/#primaryimage"},"image":{"@id":"https:\/\/admision.up.edu.pe\/blog\/rafael-rocca-formacion-pacifico-entender-pericias-economicas-y-contables\/#primaryimage"},"thumbnailUrl":"https:\/\/admision.up.edu.pe\/blog\/wp-content\/uploads\/2020\/10\/Blog_rafael.jpg","datePublished":"2020-10-07T16:09:44+00:00","dateModified":"2022-07-06T23:00:04+00:00","author":{"@id":"https:\/\/admision.up.edu.pe\/blog\/#\/schema\/person\/91c25190fb057f1d1551b92d13ed6390"},"description":"Domina las pericias econ\u00f3micas y contables como Rafael Rocca que egres\u00f3 de la carrera de derecho en la UP. \u00a1Conoce su historia!","inLanguage":"es-PE","potentialAction":[{"@type":"ReadAction","target":["https:\/\/admision.up.edu.pe\/blog\/rafael-rocca-formacion-pacifico-entender-pericias-economicas-y-contables\/"]}]},{"@type":"ImageObject","inLanguage":"es-PE","@id":"https:\/\/admision.up.edu.pe\/blog\/rafael-rocca-formacion-pacifico-entender-pericias-economicas-y-contables\/#primaryimage","url":"https:\/\/admision.up.edu.pe\/blog\/wp-content\/uploads\/2020\/10\/Blog_rafael.jpg","contentUrl":"https:\/\/admision.up.edu.pe\/blog\/wp-content\/uploads\/2020\/10\/Blog_rafael.jpg","width":800,"height":600},{"@type":"WebSite","@id":"https:\/\/admision.up.edu.pe\/blog\/#website","url":"https:\/\/admision.up.edu.pe\/blog\/","name":"Blog Admisi\u00f3n","description":"UP","potentialAction":[{"@type":"SearchAction","target":{"@type":"EntryPoint","urlTemplate":"https:\/\/admision.up.edu.pe\/blog\/?s={search_term_string}"},"query-input":{"@type":"PropertyValueSpecification","valueRequired":true,"valueName":"search_term_string"}}],"inLanguage":"es-PE"},{"@type":"Person","@id":"https:\/\/admision.up.edu.pe\/blog\/#\/schema\/person\/91c25190fb057f1d1551b92d13ed6390","name":"UP","image":{"@type":"ImageObject","inLanguage":"es-PE","@id":"https:\/\/admision.up.edu.pe\/blog\/#\/schema\/person\/image\/","url":"https:\/\/secure.gravatar.com\/avatar\/36c350468514113d381ce42b34347e8c?s=96&d=mm&r=g","contentUrl":"https:\/\/secure.gravatar.com\/avatar\/36c350468514113d381ce42b34347e8c?s=96&d=mm&r=g","caption":"UP"},"url":"https:\/\/admision.up.edu.pe\/blog\/author\/gr-diazc\/"}]}},"_links":{"self":[{"href":"https:\/\/admision.up.edu.pe\/blog\/wp-json\/wp\/v2\/posts\/859","targetHints":{"allow":["GET"]}}],"collection":[{"href":"https:\/\/admision.up.edu.pe\/blog\/wp-json\/wp\/v2\/posts"}],"about":[{"href":"https:\/\/admision.up.edu.pe\/blog\/wp-json\/wp\/v2\/types\/post"}],"author":[{"embeddable":true,"href":"https:\/\/admision.up.edu.pe\/blog\/wp-json\/wp\/v2\/users\/2"}],"replies":[{"embeddable":true,"href":"https:\/\/admision.up.edu.pe\/blog\/wp-json\/wp\/v2\/comments?post=859"}],"version-history":[{"count":3,"href":"https:\/\/admision.up.edu.pe\/blog\/wp-json\/wp\/v2\/posts\/859\/revisions"}],"predecessor-version":[{"id":2012,"href":"https:\/\/admision.up.edu.pe\/blog\/wp-json\/wp\/v2\/posts\/859\/revisions\/2012"}],"wp:featuredmedia":[{"embeddable":true,"href":"https:\/\/admision.up.edu.pe\/blog\/wp-json\/wp\/v2\/media\/860"}],"wp:attachment":[{"href":"https:\/\/admision.up.edu.pe\/blog\/wp-json\/wp\/v2\/media?parent=859"}],"wp:term":[{"taxonomy":"category","embeddable":true,"href":"https:\/\/admision.up.edu.pe\/blog\/wp-json\/wp\/v2\/categories?post=859"},{"taxonomy":"post_tag","embeddable":true,"href":"https:\/\/admision.up.edu.pe\/blog\/wp-json\/wp\/v2\/tags?post=859"}],"curies":[{"name":"wp","href":"https:\/\/api.w.org\/{rel}","templated":true}]}}