{"id":564,"date":"2020-06-10T18:20:14","date_gmt":"2020-06-10T23:20:14","guid":{"rendered":"https:\/\/admision.up.edu.pe\/blog\/?p=564"},"modified":"2022-07-06T17:30:46","modified_gmt":"2022-07-06T22:30:46","slug":"munay-recicla-jabones-entregar-implementos-aseo-ninos-zonas-vulnerables","status":"publish","type":"post","link":"https:\/\/admision.up.edu.pe\/blog\/munay-recicla-jabones-entregar-implementos-aseo-ninos-zonas-vulnerables\/","title":{"rendered":"Munay recicla jabones para entregar implementos de aseo a ni\u00f1os de zonas vulnerables"},"content":{"rendered":"\n<p><em> Alumna de <a href=\"https:\/\/admision.up.edu.pe\/blog\/2020\/05\/08\/por-que-estudiar-derecho-en-la-pacifico\/\">Derecho de la Universidad del Pac\u00edfico<\/a>, con el apoyo de Emprende UP, lidera empresa social que busca proteger el medio ambiente y a los ni\u00f1os de Villa El Salvador y El Agustino. <\/em><\/p>\n\n\n\n<figure class=\"wp-block-image size-large\"><img loading=\"lazy\" decoding=\"async\" width=\"1024\" height=\"626\" src=\"https:\/\/admision.up.edu.pe\/blog\/wp-content\/uploads\/2020\/06\/D-Munay-derecho-1024x626.jpg\" alt=\"\" class=\"wp-image-565\" srcset=\"https:\/\/admision.up.edu.pe\/blog\/wp-content\/uploads\/2020\/06\/D-Munay-derecho-1024x626.jpg 1024w, https:\/\/admision.up.edu.pe\/blog\/wp-content\/uploads\/2020\/06\/D-Munay-derecho-300x183.jpg 300w, https:\/\/admision.up.edu.pe\/blog\/wp-content\/uploads\/2020\/06\/D-Munay-derecho-768x470.jpg 768w, https:\/\/admision.up.edu.pe\/blog\/wp-content\/uploads\/2020\/06\/D-Munay-derecho-696x426.jpg 696w, https:\/\/admision.up.edu.pe\/blog\/wp-content\/uploads\/2020\/06\/D-Munay-derecho-1068x653.jpg 1068w, https:\/\/admision.up.edu.pe\/blog\/wp-content\/uploads\/2020\/06\/D-Munay-derecho-687x420.jpg 687w, https:\/\/admision.up.edu.pe\/blog\/wp-content\/uploads\/2020\/06\/D-Munay-derecho.jpg 1374w\" sizes=\"auto, (max-width: 1024px) 100vw, 1024px\" \/><\/figure>\n\n\n\n<p>Hanna Sheyla Paulino Ramos es estudiante de la Facultad de <a href=\"https:\/\/admision.up.edu.pe\/blog\/2020\/05\/08\/por-que-estudiar-derecho-en-la-pacifico\/\">Derecho de la Universidad del Pac\u00edfico<\/a> y actualmente dirige la empresa social<strong> \u201cMunay\u201d<\/strong>, que tiene el prop\u00f3sito de <strong>recolectar y reciclar barras de jab\u00f3n de hoteles para convertirlos en nuevos implementos<\/strong> de aseo que ayuden a combatir enfermedades virales como el Covid-19 y las enfermedades diarr\u00e9icas agudas.&nbsp;<\/p>\n\n\n\n<p>Actualmente, el proyecto, que es impulsado por el Centro de Emprendimiento e Innovaci\u00f3n de la <a href=\"https:\/\/admision.up.edu.pe\/blog\/categoria\/tu-carrera\/\">Universidad del Pac\u00edfico<\/a> (Emprende UP), se orienta hacia ni\u00f1os entre 4 y 10 a\u00f1os que residen en zonas con los mayores \u00edndices de pobreza como los distritos de Villa El Salvador y El Agustino.&nbsp;<\/p>\n\n\n\n<p>En la siguiente entrevista, conoce m\u00e1s sobre el proyecto de Hanna:&nbsp;<\/p>\n\n\n\n<h2 class=\"wp-block-heading\">\u00bfEn qu\u00e9 consiste Munay?&nbsp;<\/h2>\n\n\n\n<p><strong>Munay es un emprendimiento social <\/strong>que tiene el prop\u00f3sito de reducir la contaminaci\u00f3n de la industria hotelera y ayudar a la prevenci\u00f3n de enfermedades en poblaciones vulnerables de nuestro pa\u00eds.&nbsp;<\/p>\n\n\n\n<h2 class=\"wp-block-heading\">\u00bfCu\u00e1l es la propuesta de valor de Munay?&nbsp;<\/h2>\n\n\n\n<p>En Munay reciclamos y recolectamos barras de jab\u00f3n de cadenas hoteleras para convertirlas -luego de un proceso de producci\u00f3n- en nuevos implementos de aseo. Estos son donados en campa\u00f1as de salud e higiene que realizamos <strong>para ni\u00f1os con edades de entre 4 a 10 a\u00f1os de zonas con altos \u00edndices de pobreza<\/strong> y poco acceso a centros de salud.&nbsp;<\/p>\n\n\n\n<h2 class=\"wp-block-heading\">\u00bfQu\u00e9 los motiv\u00f3 a crear&nbsp;una empresa social?&nbsp;<\/h2>\n\n\n\n<p>Contribuir al desarrollo de nuestro pa\u00eds, la contaminaci\u00f3n ambiental y el precario acceso a la salud son problemas estructurales que afectan a las personas que menos recursos y oportunidades tienen.&nbsp;<\/p>\n\n\n\n<figure class=\"wp-block-image size-large\"><img loading=\"lazy\" decoding=\"async\" width=\"1024\" height=\"811\" src=\"https:\/\/admision.up.edu.pe\/blog\/wp-content\/uploads\/2020\/06\/Munay-3-1024x811.jpg\" alt=\"\" class=\"wp-image-567\" srcset=\"https:\/\/admision.up.edu.pe\/blog\/wp-content\/uploads\/2020\/06\/Munay-3-1024x811.jpg 1024w, https:\/\/admision.up.edu.pe\/blog\/wp-content\/uploads\/2020\/06\/Munay-3-300x238.jpg 300w, https:\/\/admision.up.edu.pe\/blog\/wp-content\/uploads\/2020\/06\/Munay-3-768x608.jpg 768w, https:\/\/admision.up.edu.pe\/blog\/wp-content\/uploads\/2020\/06\/Munay-3-1536x1216.jpg 1536w, https:\/\/admision.up.edu.pe\/blog\/wp-content\/uploads\/2020\/06\/Munay-3-696x551.jpg 696w, https:\/\/admision.up.edu.pe\/blog\/wp-content\/uploads\/2020\/06\/Munay-3-1068x846.jpg 1068w, https:\/\/admision.up.edu.pe\/blog\/wp-content\/uploads\/2020\/06\/Munay-3-530x420.jpg 530w, https:\/\/admision.up.edu.pe\/blog\/wp-content\/uploads\/2020\/06\/Munay-3.jpg 1745w\" sizes=\"auto, (max-width: 1024px) 100vw, 1024px\" \/><\/figure>\n\n\n\n<h2 class=\"wp-block-heading\">\u00bfCu\u00e1l es el modelo de negocio?<\/h2>\n\n\n\n<p>Tenemos en mente sacar un producto comercial al mercado que sea nuestra principal fuente de ingresos para seguir realizando campa\u00f1as a largo plazo. El valor agregado de este producto ser\u00e1 que, al comprarlo nos ayudaran a llevar m\u00e1s campa\u00f1as a las zonas m\u00e1s necesitadas de nuestro pa\u00eds.&nbsp;<\/p>\n\n\n\n<h2 class=\"wp-block-heading\">\u00bfPodr\u00edan contar de qu\u00e9 manera han adaptado el servicio que brindan a la coyuntura de la COVID-19?&nbsp;<\/h2>\n\n\n\n<p>Hemos estandarizado nuestros procesos de producci\u00f3n e iniciado la b\u00fasqueda de alianzas estrat\u00e9gicas con cadenas hoteleras, para reiniciar de forma m\u00e1s eficiente nuestras campa\u00f1as luego de la cuarentena.&nbsp;<\/p>\n\n\n\n<h2 class=\"wp-block-heading\">\u00bfQu\u00e9 empresas aliadas han encontrado en el camino?&nbsp;<\/h2>\n\n\n\n<p>Hemos recibido mu\u200bcho apoyo de Emprende UP para solidificar nuestras ideas y dado que nos han brindado una beca para acceder a la plataforma de crowdsourcing seguramente encontraremos m\u00e1s personas interesadas en sumarse a esta causa.&nbsp;<\/p>\n\n\n\n<h2 class=\"wp-block-heading\">\u00bfQue han aprendido de las campa\u00f1as educativas que brinda Munay?&nbsp;<\/h2>\n\n\n\n<p>Hemos conocido de cerca las necesidades de muchas personas, particularmente de los ni\u00f1os que son la poblaci\u00f3n m\u00e1s afectada por las enfermedades bacterianas y virales, asimismo, nos hemos enfrentado a muchos retos que nos han obligado a salir de nuestra zona de confort, siempre estamos tocando puertas para que m\u00e1s personas puedan sumarse a esta iniciativa.&nbsp;<\/p>\n\n\n\n<h2 class=\"wp-block-heading\">\u00bfCreen que lo que aprendieron en sus carreras les ayud\u00f3 en este emprendimiento?&nbsp;<\/h2>\n\n\n\n<p>Nuestras clases nos han servido para entender que nuestras carreras deben estar al servicio de nuestra comunidad y que debemos ser l\u00edderes responsables para el mundo. En el lugar en el que estemos debemos ense\u00f1ar con el ejemplo y transformar nuestro contexto. Por ejemplo, yo estudio Derecho y comprendo lo que est\u00e1 detr\u00e1s de cada pol\u00edtica o norma legal que emita del gobierno y entiendo con m\u00e1s ah\u00ednco que todos los ciudadanos peruanos tenemos el derecho de acceder un servicio de salud adecuado. \u200b\u200b\u200b<\/p>\n\n\n\n<figure class=\"wp-block-image size-large\"><img loading=\"lazy\" decoding=\"async\" width=\"1024\" height=\"683\" src=\"https:\/\/admision.up.edu.pe\/blog\/wp-content\/uploads\/2020\/06\/Munay-1-1024x683.jpg\" alt=\"\" class=\"wp-image-566\" srcset=\"https:\/\/admision.up.edu.pe\/blog\/wp-content\/uploads\/2020\/06\/Munay-1-1024x683.jpg 1024w, https:\/\/admision.up.edu.pe\/blog\/wp-content\/uploads\/2020\/06\/Munay-1-300x200.jpg 300w, https:\/\/admision.up.edu.pe\/blog\/wp-content\/uploads\/2020\/06\/Munay-1-768x512.jpg 768w, https:\/\/admision.up.edu.pe\/blog\/wp-content\/uploads\/2020\/06\/Munay-1-1536x1024.jpg 1536w, https:\/\/admision.up.edu.pe\/blog\/wp-content\/uploads\/2020\/06\/Munay-1-2048x1365.jpg 2048w, https:\/\/admision.up.edu.pe\/blog\/wp-content\/uploads\/2020\/06\/Munay-1-696x464.jpg 696w, https:\/\/admision.up.edu.pe\/blog\/wp-content\/uploads\/2020\/06\/Munay-1-1068x712.jpg 1068w, https:\/\/admision.up.edu.pe\/blog\/wp-content\/uploads\/2020\/06\/Munay-1-1920x1280.jpg 1920w, https:\/\/admision.up.edu.pe\/blog\/wp-content\/uploads\/2020\/06\/Munay-1-630x420.jpg 630w\" sizes=\"auto, (max-width: 1024px) 100vw, 1024px\" \/><\/figure>\n\n\n\n<p>Sigues teniendo dudas sobre qu\u00e9 carrera estudiar, conoce m\u00e1s detalles de<a href=\"https:\/\/admision.up.edu.pe\/blog\/2020\/05\/08\/por-que-estudiar-derecho-en-la-pacifico\/\"> la carrera de derecho aqu\u00ed. <\/a><\/p>\n","protected":false},"excerpt":{"rendered":"<p>Alumna de Derecho de la Universidad del Pac\u00edfico, con el apoyo de Emprende UP, lidera empresa social que busca proteger el medio ambiente y a los ni\u00f1os de Villa El Salvador y El Agustino. Hanna Sheyla Paulino Ramos es estudiante de la Facultad de Derecho de la Universidad del Pac\u00edfico y actualmente dirige la empresa [&hellip;]<\/p>\n","protected":false},"author":2,"featured_media":565,"comment_status":"closed","ping_status":"open","sticky":false,"template":"","format":"standard","meta":{"_acf_changed":false,"inline_featured_image":false,"footnotes":""},"categories":[19],"tags":[23],"class_list":{"0":"post-564","1":"post","2":"type-post","3":"status-publish","4":"format-standard","5":"has-post-thumbnail","7":"category-vive-la-pacifico","8":"tag-derecho"},"acf":[],"yoast_head":"<!-- This site is optimized with the Yoast SEO plugin v25.6 - https:\/\/yoast.com\/wordpress\/plugins\/seo\/ -->\n<title>Munay: reciclaje de jabones para zonas vulnerables Blog Admisi\u00f3n<\/title>\n<meta name=\"description\" content=\"La UP de la mano del medioambiente. UP entrega implementos de aseo para ni\u00f1os \u00a1\u00danete a nuestros compromisos sociales en Per\u00fa!\" \/>\n<meta name=\"robots\" content=\"index, follow, max-snippet:-1, max-image-preview:large, max-video-preview:-1\" \/>\n<link rel=\"canonical\" href=\"https:\/\/admision.up.edu.pe\/blog\/munay-recicla-jabones-entregar-implementos-aseo-ninos-zonas-vulnerables\/\" \/>\n<meta property=\"og:locale\" content=\"es_ES\" \/>\n<meta property=\"og:type\" content=\"article\" \/>\n<meta property=\"og:title\" content=\"Munay: reciclaje de jabones para zonas vulnerables Blog Admisi\u00f3n\" \/>\n<meta property=\"og:description\" content=\"La UP de la mano del medioambiente. UP entrega implementos de aseo para ni\u00f1os \u00a1\u00danete a nuestros compromisos sociales en Per\u00fa!\" \/>\n<meta property=\"og:url\" content=\"https:\/\/admision.up.edu.pe\/blog\/munay-recicla-jabones-entregar-implementos-aseo-ninos-zonas-vulnerables\/\" \/>\n<meta property=\"og:site_name\" content=\"Blog Admisi\u00f3n\" \/>\n<meta property=\"article:published_time\" content=\"2020-06-10T23:20:14+00:00\" \/>\n<meta property=\"article:modified_time\" content=\"2022-07-06T22:30:46+00:00\" \/>\n<meta property=\"og:image\" content=\"https:\/\/admision.up.edu.pe\/blog\/wp-content\/uploads\/2020\/06\/D-Munay-derecho.jpg\" \/>\n\t<meta property=\"og:image:width\" content=\"1374\" \/>\n\t<meta property=\"og:image:height\" content=\"840\" \/>\n\t<meta property=\"og:image:type\" content=\"image\/jpeg\" \/>\n<meta name=\"author\" content=\"UP\" \/>\n<meta name=\"twitter:card\" content=\"summary_large_image\" \/>\n<meta name=\"twitter:label1\" content=\"Written by\" \/>\n\t<meta name=\"twitter:data1\" content=\"UP\" \/>\n\t<meta name=\"twitter:label2\" content=\"Est. reading time\" \/>\n\t<meta name=\"twitter:data2\" content=\"4 minutos\" \/>\n<script type=\"application\/ld+json\" class=\"yoast-schema-graph\">{\"@context\":\"https:\/\/schema.org\",\"@graph\":[{\"@type\":\"WebPage\",\"@id\":\"https:\/\/admision.up.edu.pe\/blog\/munay-recicla-jabones-entregar-implementos-aseo-ninos-zonas-vulnerables\/\",\"url\":\"https:\/\/admision.up.edu.pe\/blog\/munay-recicla-jabones-entregar-implementos-aseo-ninos-zonas-vulnerables\/\",\"name\":\"Munay: reciclaje de jabones para zonas vulnerables Blog Admisi\u00f3n\",\"isPartOf\":{\"@id\":\"https:\/\/admision.up.edu.pe\/blog\/#website\"},\"primaryImageOfPage\":{\"@id\":\"https:\/\/admision.up.edu.pe\/blog\/munay-recicla-jabones-entregar-implementos-aseo-ninos-zonas-vulnerables\/#primaryimage\"},\"image\":{\"@id\":\"https:\/\/admision.up.edu.pe\/blog\/munay-recicla-jabones-entregar-implementos-aseo-ninos-zonas-vulnerables\/#primaryimage\"},\"thumbnailUrl\":\"https:\/\/admision.up.edu.pe\/blog\/wp-content\/uploads\/2020\/06\/D-Munay-derecho.jpg\",\"datePublished\":\"2020-06-10T23:20:14+00:00\",\"dateModified\":\"2022-07-06T22:30:46+00:00\",\"author\":{\"@id\":\"https:\/\/admision.up.edu.pe\/blog\/#\/schema\/person\/91c25190fb057f1d1551b92d13ed6390\"},\"description\":\"La UP de la mano del medioambiente. UP entrega implementos de aseo para ni\u00f1os \u00a1\u00danete a nuestros compromisos sociales en Per\u00fa!\",\"inLanguage\":\"es-PE\",\"potentialAction\":[{\"@type\":\"ReadAction\",\"target\":[\"https:\/\/admision.up.edu.pe\/blog\/munay-recicla-jabones-entregar-implementos-aseo-ninos-zonas-vulnerables\/\"]}]},{\"@type\":\"ImageObject\",\"inLanguage\":\"es-PE\",\"@id\":\"https:\/\/admision.up.edu.pe\/blog\/munay-recicla-jabones-entregar-implementos-aseo-ninos-zonas-vulnerables\/#primaryimage\",\"url\":\"https:\/\/admision.up.edu.pe\/blog\/wp-content\/uploads\/2020\/06\/D-Munay-derecho.jpg\",\"contentUrl\":\"https:\/\/admision.up.edu.pe\/blog\/wp-content\/uploads\/2020\/06\/D-Munay-derecho.jpg\",\"width\":1374,\"height\":840},{\"@type\":\"WebSite\",\"@id\":\"https:\/\/admision.up.edu.pe\/blog\/#website\",\"url\":\"https:\/\/admision.up.edu.pe\/blog\/\",\"name\":\"Blog Admisi\u00f3n\",\"description\":\"UP\",\"potentialAction\":[{\"@type\":\"SearchAction\",\"target\":{\"@type\":\"EntryPoint\",\"urlTemplate\":\"https:\/\/admision.up.edu.pe\/blog\/?s={search_term_string}\"},\"query-input\":{\"@type\":\"PropertyValueSpecification\",\"valueRequired\":true,\"valueName\":\"search_term_string\"}}],\"inLanguage\":\"es-PE\"},{\"@type\":\"Person\",\"@id\":\"https:\/\/admision.up.edu.pe\/blog\/#\/schema\/person\/91c25190fb057f1d1551b92d13ed6390\",\"name\":\"UP\",\"image\":{\"@type\":\"ImageObject\",\"inLanguage\":\"es-PE\",\"@id\":\"https:\/\/admision.up.edu.pe\/blog\/#\/schema\/person\/image\/\",\"url\":\"https:\/\/secure.gravatar.com\/avatar\/36c350468514113d381ce42b34347e8c?s=96&d=mm&r=g\",\"contentUrl\":\"https:\/\/secure.gravatar.com\/avatar\/36c350468514113d381ce42b34347e8c?s=96&d=mm&r=g\",\"caption\":\"UP\"},\"url\":\"https:\/\/admision.up.edu.pe\/blog\/author\/gr-diazc\/\"}]}<\/script>\n<!-- \/ Yoast SEO plugin. -->","yoast_head_json":{"title":"Munay: reciclaje de jabones para zonas vulnerables Blog Admisi\u00f3n","description":"La UP de la mano del medioambiente. UP entrega implementos de aseo para ni\u00f1os \u00a1\u00danete a nuestros compromisos sociales en Per\u00fa!","robots":{"index":"index","follow":"follow","max-snippet":"max-snippet:-1","max-image-preview":"max-image-preview:large","max-video-preview":"max-video-preview:-1"},"canonical":"https:\/\/admision.up.edu.pe\/blog\/munay-recicla-jabones-entregar-implementos-aseo-ninos-zonas-vulnerables\/","og_locale":"es_ES","og_type":"article","og_title":"Munay: reciclaje de jabones para zonas vulnerables Blog Admisi\u00f3n","og_description":"La UP de la mano del medioambiente. UP entrega implementos de aseo para ni\u00f1os \u00a1\u00danete a nuestros compromisos sociales en Per\u00fa!","og_url":"https:\/\/admision.up.edu.pe\/blog\/munay-recicla-jabones-entregar-implementos-aseo-ninos-zonas-vulnerables\/","og_site_name":"Blog Admisi\u00f3n","article_published_time":"2020-06-10T23:20:14+00:00","article_modified_time":"2022-07-06T22:30:46+00:00","og_image":[{"width":1374,"height":840,"url":"https:\/\/admision.up.edu.pe\/blog\/wp-content\/uploads\/2020\/06\/D-Munay-derecho.jpg","type":"image\/jpeg"}],"author":"UP","twitter_card":"summary_large_image","twitter_misc":{"Written by":"UP","Est. reading time":"4 minutos"},"schema":{"@context":"https:\/\/schema.org","@graph":[{"@type":"WebPage","@id":"https:\/\/admision.up.edu.pe\/blog\/munay-recicla-jabones-entregar-implementos-aseo-ninos-zonas-vulnerables\/","url":"https:\/\/admision.up.edu.pe\/blog\/munay-recicla-jabones-entregar-implementos-aseo-ninos-zonas-vulnerables\/","name":"Munay: reciclaje de jabones para zonas vulnerables Blog Admisi\u00f3n","isPartOf":{"@id":"https:\/\/admision.up.edu.pe\/blog\/#website"},"primaryImageOfPage":{"@id":"https:\/\/admision.up.edu.pe\/blog\/munay-recicla-jabones-entregar-implementos-aseo-ninos-zonas-vulnerables\/#primaryimage"},"image":{"@id":"https:\/\/admision.up.edu.pe\/blog\/munay-recicla-jabones-entregar-implementos-aseo-ninos-zonas-vulnerables\/#primaryimage"},"thumbnailUrl":"https:\/\/admision.up.edu.pe\/blog\/wp-content\/uploads\/2020\/06\/D-Munay-derecho.jpg","datePublished":"2020-06-10T23:20:14+00:00","dateModified":"2022-07-06T22:30:46+00:00","author":{"@id":"https:\/\/admision.up.edu.pe\/blog\/#\/schema\/person\/91c25190fb057f1d1551b92d13ed6390"},"description":"La UP de la mano del medioambiente. UP entrega implementos de aseo para ni\u00f1os \u00a1\u00danete a nuestros compromisos sociales en Per\u00fa!","inLanguage":"es-PE","potentialAction":[{"@type":"ReadAction","target":["https:\/\/admision.up.edu.pe\/blog\/munay-recicla-jabones-entregar-implementos-aseo-ninos-zonas-vulnerables\/"]}]},{"@type":"ImageObject","inLanguage":"es-PE","@id":"https:\/\/admision.up.edu.pe\/blog\/munay-recicla-jabones-entregar-implementos-aseo-ninos-zonas-vulnerables\/#primaryimage","url":"https:\/\/admision.up.edu.pe\/blog\/wp-content\/uploads\/2020\/06\/D-Munay-derecho.jpg","contentUrl":"https:\/\/admision.up.edu.pe\/blog\/wp-content\/uploads\/2020\/06\/D-Munay-derecho.jpg","width":1374,"height":840},{"@type":"WebSite","@id":"https:\/\/admision.up.edu.pe\/blog\/#website","url":"https:\/\/admision.up.edu.pe\/blog\/","name":"Blog Admisi\u00f3n","description":"UP","potentialAction":[{"@type":"SearchAction","target":{"@type":"EntryPoint","urlTemplate":"https:\/\/admision.up.edu.pe\/blog\/?s={search_term_string}"},"query-input":{"@type":"PropertyValueSpecification","valueRequired":true,"valueName":"search_term_string"}}],"inLanguage":"es-PE"},{"@type":"Person","@id":"https:\/\/admision.up.edu.pe\/blog\/#\/schema\/person\/91c25190fb057f1d1551b92d13ed6390","name":"UP","image":{"@type":"ImageObject","inLanguage":"es-PE","@id":"https:\/\/admision.up.edu.pe\/blog\/#\/schema\/person\/image\/","url":"https:\/\/secure.gravatar.com\/avatar\/36c350468514113d381ce42b34347e8c?s=96&d=mm&r=g","contentUrl":"https:\/\/secure.gravatar.com\/avatar\/36c350468514113d381ce42b34347e8c?s=96&d=mm&r=g","caption":"UP"},"url":"https:\/\/admision.up.edu.pe\/blog\/author\/gr-diazc\/"}]}},"_links":{"self":[{"href":"https:\/\/admision.up.edu.pe\/blog\/wp-json\/wp\/v2\/posts\/564","targetHints":{"allow":["GET"]}}],"collection":[{"href":"https:\/\/admision.up.edu.pe\/blog\/wp-json\/wp\/v2\/posts"}],"about":[{"href":"https:\/\/admision.up.edu.pe\/blog\/wp-json\/wp\/v2\/types\/post"}],"author":[{"embeddable":true,"href":"https:\/\/admision.up.edu.pe\/blog\/wp-json\/wp\/v2\/users\/2"}],"replies":[{"embeddable":true,"href":"https:\/\/admision.up.edu.pe\/blog\/wp-json\/wp\/v2\/comments?post=564"}],"version-history":[{"count":7,"href":"https:\/\/admision.up.edu.pe\/blog\/wp-json\/wp\/v2\/posts\/564\/revisions"}],"predecessor-version":[{"id":1999,"href":"https:\/\/admision.up.edu.pe\/blog\/wp-json\/wp\/v2\/posts\/564\/revisions\/1999"}],"wp:featuredmedia":[{"embeddable":true,"href":"https:\/\/admision.up.edu.pe\/blog\/wp-json\/wp\/v2\/media\/565"}],"wp:attachment":[{"href":"https:\/\/admision.up.edu.pe\/blog\/wp-json\/wp\/v2\/media?parent=564"}],"wp:term":[{"taxonomy":"category","embeddable":true,"href":"https:\/\/admision.up.edu.pe\/blog\/wp-json\/wp\/v2\/categories?post=564"},{"taxonomy":"post_tag","embeddable":true,"href":"https:\/\/admision.up.edu.pe\/blog\/wp-json\/wp\/v2\/tags?post=564"}],"curies":[{"name":"wp","href":"https:\/\/api.w.org\/{rel}","templated":true}]}}