{"id":509,"date":"2020-06-05T13:48:42","date_gmt":"2020-06-05T18:48:42","guid":{"rendered":"https:\/\/admision.up.edu.pe\/blog\/?p=509"},"modified":"2022-12-05T16:54:57","modified_gmt":"2022-12-05T21:54:57","slug":"la-educacion-se-mueve-en-bicicleta","status":"publish","type":"post","link":"https:\/\/admision.up.edu.pe\/blog\/la-educacion-se-mueve-en-bicicleta\/","title":{"rendered":"La educaci\u00f3n se mueve en bicicleta"},"content":{"rendered":"\n<p><em>Con Baika Pablo Ramos, egresado de la carrera de Administraci\u00f3n de la Universidad Pac\u00edfico demuestra que el emprendimiento y la convicci\u00f3n pueden impactar en el bienestar de la sociedad. <\/em><\/p>\n\n\n\n<figure class=\"wp-block-image size-large\"><img loading=\"lazy\" decoding=\"async\" width=\"1024\" height=\"626\" src=\"https:\/\/admision.up.edu.pe\/blog\/wp-content\/uploads\/2020\/06\/D-Entrevista-pablo-ramos-baika-1024x626.jpg\" alt=\"\" class=\"wp-image-511\" srcset=\"https:\/\/admision.up.edu.pe\/blog\/wp-content\/uploads\/2020\/06\/D-Entrevista-pablo-ramos-baika-1024x626.jpg 1024w, https:\/\/admision.up.edu.pe\/blog\/wp-content\/uploads\/2020\/06\/D-Entrevista-pablo-ramos-baika-300x183.jpg 300w, https:\/\/admision.up.edu.pe\/blog\/wp-content\/uploads\/2020\/06\/D-Entrevista-pablo-ramos-baika-768x470.jpg 768w, https:\/\/admision.up.edu.pe\/blog\/wp-content\/uploads\/2020\/06\/D-Entrevista-pablo-ramos-baika-696x426.jpg 696w, https:\/\/admision.up.edu.pe\/blog\/wp-content\/uploads\/2020\/06\/D-Entrevista-pablo-ramos-baika-1068x653.jpg 1068w, https:\/\/admision.up.edu.pe\/blog\/wp-content\/uploads\/2020\/06\/D-Entrevista-pablo-ramos-baika-687x420.jpg 687w, https:\/\/admision.up.edu.pe\/blog\/wp-content\/uploads\/2020\/06\/D-Entrevista-pablo-ramos-baika.jpg 1374w\" sizes=\"auto, (max-width: 1024px) 100vw, 1024px\" \/><\/figure>\n\n\n\n<h2 class=\"wp-block-heading\">Se podr\u00eda asegurar que la vida de muchos ni\u00f1os de la sierra empez\u00f3 a cambiar en la biblioteca de la Universidad del Pac\u00edfico<\/h2>\n\n\n\n<p>Era junio de 2017 y Pablo Ramos, con solo 19 a\u00f1os, ocupaba sus d\u00edas en estudiar la carrera de Administraci\u00f3n en la Universidad del Pac\u00edfico. Mientras se preparaba para un examen, en uno de los cub\u00edculos de la bilbioteca, decidi\u00f3 despejar su mente en Facebook.<\/p>\n\n\n\n<p>Ah\u00ed encontr\u00f3 la p\u00e1gina de un amigo que era voluntario de una organizaci\u00f3n de ayuda humanitaria en Ayaviri, Puno. Cautivado por las fotos, y luego de terminar los finales, Pablo cambi\u00f3 la mochila de libros por una con ropa y viaj\u00f3 a Puno.<\/p>\n\n\n\n<p>Lo que encontr\u00f3, m\u00e1s all\u00e1 de los paisajes que llamaron su atenci\u00f3n inicialmente, fue una realidad preocupante.<\/p>\n\n\n\n<p>Puno es una de los departamentos m\u00e1s pobres del Per\u00fa y las escuelas quedan, en promedio, a una distancia de 5 kil\u00f3metros de los centros poblados, lo que hace que los ni\u00f1os pierdan hasta cuatro horas diarias en sus caminatas de ida y vuelta. Esto no solo impacta en su salud, sino que el cansancio disminuye su rendimiento escolar.<\/p>\n\n\n\n<h2 class=\"wp-block-heading\">Pero Pablo a\u00fan no hab\u00eda identificado ese problema<\/h2>\n\n\n\n<p>\u201cInicialmente yo solo quer\u00eda ayudar. As\u00ed que me organic\u00e9 con mis amigos del colegio y la universidad y recolectamos juguetes, frazadas, ropa, zapatos, bicicletas y juguetes. La idea inicial era ayudar a los ni\u00f1os de Ayaviri\u201d, asegura Pablo.&nbsp;<\/p>\n\n\n\n<h2 class=\"wp-block-heading\">La administraci\u00f3n al rescate<\/h2>\n\n\n\n<p>La frase del profesor Isaac Pocohuanca, de la escuela del pueblo de Quesca, le dio la primera pista.<\/p>\n\n\n\n<p>\u201cMe dijo que nuestras donaciones no solo hac\u00edan felices a los ni\u00f1os, sino que contribu\u00edan a su desarrollo a largo plazo. Se refer\u00eda a las bicicletas. Los ni\u00f1os las hab\u00edan empezado a usar como medio de transporte, ahorrando tiempo y mejorando as\u00ed su disposici\u00f3n para aprender y su rendimiento\u201d, nos dice Pablo.<\/p>\n\n\n\n<p>Como buen administrador de la Pac\u00edfico, Pablo se dio cuenta inmediatamente del problema y encontr\u00f3 la soluci\u00f3n: \u201csi debemos vencer a la distancia, la respuesta son las bicicletas\u201d.<\/p>\n\n\n\n<p>As\u00ed que hizo algo muy simple: un post en Facebook pidiendo donaciones de bicicletas viejas.<\/p>\n\n\n\n<p>De repente, un mont\u00f3n de gente empez\u00f3 a recordar que ten\u00eda una bici en el techo, en el garaje o en un dep\u00f3sito.<\/p>\n\n\n\n<p>As\u00ed, Pablo cre\u00f3 <a href=\"https:\/\/www.facebook.com\/proyectobaika\/\">Baika<\/a> (bicicleta en quechua), <strong>un emprendimiento social que ya cuenta con m\u00e1s de 30 personas,<\/strong> \u00e1reas de operaciones, administraci\u00f3n y finanzas, marketing, proyectos y alianzas con empresas, universidades, colegios, puntos de acopio y hasta talleres de reparaci\u00f3n.<\/p>\n\n\n\n<p><iframe loading=\"lazy\" style=\"border: none; overflow: hidden;\" src=\"https:\/\/www.facebook.com\/plugins\/video.php?href=https%3A%2F%2Fwww.facebook.com%2Fproyectobaika%2Fvideos%2F2164253857152459%2F&amp;show_text=0&amp;width=560\" width=\"560\" height=\"315\" frameborder=\"0\" scrolling=\"no\" allowfullscreen=\"allowfullscreen\"><\/iframe><\/p>\n\n\n\n<p><strong>\u201cNosotros somos un puente entre la gente que quiere ayudar con gente que necesita ayuda\u201d,<\/strong> nos dice Pablo.<\/p>\n\n\n\n<p>Un puente que<strong> hasta ahora ha repartido m\u00e1s de 700 bicicletas en Puno<\/strong>, Cusco, Arequipa y Ayacucho, que se empez\u00f3 a construir en nuestra biblioteca y que ha impactado en la vida de muchos ni\u00f1os de nuestro pa\u00eds.<\/p>\n\n\n\n<p>As\u00ed como Pablo, tu tambi\u00e9n puedes conocer c\u00f3mo la carrera de Administraci\u00f3n de la Pac\u00edfico puede ayudarte a emprender e impactar en la sociedad.<\/p>\n\n\n\n<p>Conoce m\u00e1s de la carrera de <a href=\"https:\/\/admision.up.edu.pe\/carreras\/administracion\">Administraci\u00f3n de la Pac\u00edfico<\/a> aqu\u00ed. &nbsp;&nbsp; &nbsp;&nbsp;<\/p>\n","protected":false},"excerpt":{"rendered":"<p>Con Baika Pablo Ramos, egresado de la carrera de Administraci\u00f3n de la Universidad Pac\u00edfico demuestra que el emprendimiento y la convicci\u00f3n pueden impactar en el bienestar de la sociedad. Se podr\u00eda asegurar que la vida de muchos ni\u00f1os de la sierra empez\u00f3 a cambiar en la biblioteca de la Universidad del Pac\u00edfico Era junio de [&hellip;]<\/p>\n","protected":false},"author":2,"featured_media":511,"comment_status":"closed","ping_status":"open","sticky":false,"template":"","format":"standard","meta":{"_acf_changed":false,"inline_featured_image":false,"footnotes":""},"categories":[19],"tags":[20],"class_list":{"0":"post-509","1":"post","2":"type-post","3":"status-publish","4":"format-standard","5":"has-post-thumbnail","7":"category-vive-la-pacifico","8":"tag-administracion"},"acf":[],"yoast_head":"<!-- This site is optimized with the Yoast SEO plugin v25.6 - https:\/\/yoast.com\/wordpress\/plugins\/seo\/ -->\n<title>La educaci\u00f3n se mueve en bicicleta - Blog Admisi\u00f3n<\/title>\n<meta name=\"description\" content=\"Universidad del Pac\u00edfico comprometida con la inclusi\u00f3n social. Educaci\u00f3n en bicicleta va a todos los rincones \u00a1Participa!\u00a1No quedes afuera!\" \/>\n<meta name=\"robots\" content=\"index, follow, max-snippet:-1, max-image-preview:large, max-video-preview:-1\" \/>\n<link rel=\"canonical\" href=\"https:\/\/admision.up.edu.pe\/blog\/la-educacion-se-mueve-en-bicicleta\/\" \/>\n<meta property=\"og:locale\" content=\"es_ES\" \/>\n<meta property=\"og:type\" content=\"article\" \/>\n<meta property=\"og:title\" content=\"La educaci\u00f3n se mueve en bicicleta - Blog Admisi\u00f3n\" \/>\n<meta property=\"og:description\" content=\"Universidad del Pac\u00edfico comprometida con la inclusi\u00f3n social. Educaci\u00f3n en bicicleta va a todos los rincones \u00a1Participa!\u00a1No quedes afuera!\" \/>\n<meta property=\"og:url\" content=\"https:\/\/admision.up.edu.pe\/blog\/la-educacion-se-mueve-en-bicicleta\/\" \/>\n<meta property=\"og:site_name\" content=\"Blog Admisi\u00f3n\" \/>\n<meta property=\"article:published_time\" content=\"2020-06-05T18:48:42+00:00\" \/>\n<meta property=\"article:modified_time\" content=\"2022-12-05T21:54:57+00:00\" \/>\n<meta property=\"og:image\" content=\"https:\/\/admision.up.edu.pe\/blog\/wp-content\/uploads\/2020\/06\/D-Entrevista-pablo-ramos-baika.jpg\" \/>\n\t<meta property=\"og:image:width\" content=\"1374\" \/>\n\t<meta property=\"og:image:height\" content=\"840\" \/>\n\t<meta property=\"og:image:type\" content=\"image\/jpeg\" \/>\n<meta name=\"author\" content=\"UP\" \/>\n<meta name=\"twitter:card\" content=\"summary_large_image\" \/>\n<meta name=\"twitter:label1\" content=\"Written by\" \/>\n\t<meta name=\"twitter:data1\" content=\"UP\" \/>\n\t<meta name=\"twitter:label2\" content=\"Est. reading time\" \/>\n\t<meta name=\"twitter:data2\" content=\"3 minutos\" \/>\n<script type=\"application\/ld+json\" class=\"yoast-schema-graph\">{\"@context\":\"https:\/\/schema.org\",\"@graph\":[{\"@type\":\"WebPage\",\"@id\":\"https:\/\/admision.up.edu.pe\/blog\/la-educacion-se-mueve-en-bicicleta\/\",\"url\":\"https:\/\/admision.up.edu.pe\/blog\/la-educacion-se-mueve-en-bicicleta\/\",\"name\":\"La educaci\u00f3n se mueve en bicicleta - Blog Admisi\u00f3n\",\"isPartOf\":{\"@id\":\"https:\/\/admision.up.edu.pe\/blog\/#website\"},\"primaryImageOfPage\":{\"@id\":\"https:\/\/admision.up.edu.pe\/blog\/la-educacion-se-mueve-en-bicicleta\/#primaryimage\"},\"image\":{\"@id\":\"https:\/\/admision.up.edu.pe\/blog\/la-educacion-se-mueve-en-bicicleta\/#primaryimage\"},\"thumbnailUrl\":\"https:\/\/admision.up.edu.pe\/blog\/wp-content\/uploads\/2020\/06\/D-Entrevista-pablo-ramos-baika.jpg\",\"datePublished\":\"2020-06-05T18:48:42+00:00\",\"dateModified\":\"2022-12-05T21:54:57+00:00\",\"author\":{\"@id\":\"https:\/\/admision.up.edu.pe\/blog\/#\/schema\/person\/91c25190fb057f1d1551b92d13ed6390\"},\"description\":\"Universidad del Pac\u00edfico comprometida con la inclusi\u00f3n social. Educaci\u00f3n en bicicleta va a todos los rincones \u00a1Participa!\u00a1No quedes afuera!\",\"inLanguage\":\"es-PE\",\"potentialAction\":[{\"@type\":\"ReadAction\",\"target\":[\"https:\/\/admision.up.edu.pe\/blog\/la-educacion-se-mueve-en-bicicleta\/\"]}]},{\"@type\":\"ImageObject\",\"inLanguage\":\"es-PE\",\"@id\":\"https:\/\/admision.up.edu.pe\/blog\/la-educacion-se-mueve-en-bicicleta\/#primaryimage\",\"url\":\"https:\/\/admision.up.edu.pe\/blog\/wp-content\/uploads\/2020\/06\/D-Entrevista-pablo-ramos-baika.jpg\",\"contentUrl\":\"https:\/\/admision.up.edu.pe\/blog\/wp-content\/uploads\/2020\/06\/D-Entrevista-pablo-ramos-baika.jpg\",\"width\":1374,\"height\":840,\"caption\":\"D Entrevista pablo ramos baika\"},{\"@type\":\"WebSite\",\"@id\":\"https:\/\/admision.up.edu.pe\/blog\/#website\",\"url\":\"https:\/\/admision.up.edu.pe\/blog\/\",\"name\":\"Blog Admisi\u00f3n\",\"description\":\"UP\",\"potentialAction\":[{\"@type\":\"SearchAction\",\"target\":{\"@type\":\"EntryPoint\",\"urlTemplate\":\"https:\/\/admision.up.edu.pe\/blog\/?s={search_term_string}\"},\"query-input\":{\"@type\":\"PropertyValueSpecification\",\"valueRequired\":true,\"valueName\":\"search_term_string\"}}],\"inLanguage\":\"es-PE\"},{\"@type\":\"Person\",\"@id\":\"https:\/\/admision.up.edu.pe\/blog\/#\/schema\/person\/91c25190fb057f1d1551b92d13ed6390\",\"name\":\"UP\",\"image\":{\"@type\":\"ImageObject\",\"inLanguage\":\"es-PE\",\"@id\":\"https:\/\/admision.up.edu.pe\/blog\/#\/schema\/person\/image\/\",\"url\":\"https:\/\/secure.gravatar.com\/avatar\/36c350468514113d381ce42b34347e8c?s=96&d=mm&r=g\",\"contentUrl\":\"https:\/\/secure.gravatar.com\/avatar\/36c350468514113d381ce42b34347e8c?s=96&d=mm&r=g\",\"caption\":\"UP\"},\"url\":\"https:\/\/admision.up.edu.pe\/blog\/author\/gr-diazc\/\"}]}<\/script>\n<!-- \/ Yoast SEO plugin. -->","yoast_head_json":{"title":"La educaci\u00f3n se mueve en bicicleta - Blog Admisi\u00f3n","description":"Universidad del Pac\u00edfico comprometida con la inclusi\u00f3n social. Educaci\u00f3n en bicicleta va a todos los rincones \u00a1Participa!\u00a1No quedes afuera!","robots":{"index":"index","follow":"follow","max-snippet":"max-snippet:-1","max-image-preview":"max-image-preview:large","max-video-preview":"max-video-preview:-1"},"canonical":"https:\/\/admision.up.edu.pe\/blog\/la-educacion-se-mueve-en-bicicleta\/","og_locale":"es_ES","og_type":"article","og_title":"La educaci\u00f3n se mueve en bicicleta - Blog Admisi\u00f3n","og_description":"Universidad del Pac\u00edfico comprometida con la inclusi\u00f3n social. Educaci\u00f3n en bicicleta va a todos los rincones \u00a1Participa!\u00a1No quedes afuera!","og_url":"https:\/\/admision.up.edu.pe\/blog\/la-educacion-se-mueve-en-bicicleta\/","og_site_name":"Blog Admisi\u00f3n","article_published_time":"2020-06-05T18:48:42+00:00","article_modified_time":"2022-12-05T21:54:57+00:00","og_image":[{"width":1374,"height":840,"url":"https:\/\/admision.up.edu.pe\/blog\/wp-content\/uploads\/2020\/06\/D-Entrevista-pablo-ramos-baika.jpg","type":"image\/jpeg"}],"author":"UP","twitter_card":"summary_large_image","twitter_misc":{"Written by":"UP","Est. reading time":"3 minutos"},"schema":{"@context":"https:\/\/schema.org","@graph":[{"@type":"WebPage","@id":"https:\/\/admision.up.edu.pe\/blog\/la-educacion-se-mueve-en-bicicleta\/","url":"https:\/\/admision.up.edu.pe\/blog\/la-educacion-se-mueve-en-bicicleta\/","name":"La educaci\u00f3n se mueve en bicicleta - Blog Admisi\u00f3n","isPartOf":{"@id":"https:\/\/admision.up.edu.pe\/blog\/#website"},"primaryImageOfPage":{"@id":"https:\/\/admision.up.edu.pe\/blog\/la-educacion-se-mueve-en-bicicleta\/#primaryimage"},"image":{"@id":"https:\/\/admision.up.edu.pe\/blog\/la-educacion-se-mueve-en-bicicleta\/#primaryimage"},"thumbnailUrl":"https:\/\/admision.up.edu.pe\/blog\/wp-content\/uploads\/2020\/06\/D-Entrevista-pablo-ramos-baika.jpg","datePublished":"2020-06-05T18:48:42+00:00","dateModified":"2022-12-05T21:54:57+00:00","author":{"@id":"https:\/\/admision.up.edu.pe\/blog\/#\/schema\/person\/91c25190fb057f1d1551b92d13ed6390"},"description":"Universidad del Pac\u00edfico comprometida con la inclusi\u00f3n social. Educaci\u00f3n en bicicleta va a todos los rincones \u00a1Participa!\u00a1No quedes afuera!","inLanguage":"es-PE","potentialAction":[{"@type":"ReadAction","target":["https:\/\/admision.up.edu.pe\/blog\/la-educacion-se-mueve-en-bicicleta\/"]}]},{"@type":"ImageObject","inLanguage":"es-PE","@id":"https:\/\/admision.up.edu.pe\/blog\/la-educacion-se-mueve-en-bicicleta\/#primaryimage","url":"https:\/\/admision.up.edu.pe\/blog\/wp-content\/uploads\/2020\/06\/D-Entrevista-pablo-ramos-baika.jpg","contentUrl":"https:\/\/admision.up.edu.pe\/blog\/wp-content\/uploads\/2020\/06\/D-Entrevista-pablo-ramos-baika.jpg","width":1374,"height":840,"caption":"D Entrevista pablo ramos baika"},{"@type":"WebSite","@id":"https:\/\/admision.up.edu.pe\/blog\/#website","url":"https:\/\/admision.up.edu.pe\/blog\/","name":"Blog Admisi\u00f3n","description":"UP","potentialAction":[{"@type":"SearchAction","target":{"@type":"EntryPoint","urlTemplate":"https:\/\/admision.up.edu.pe\/blog\/?s={search_term_string}"},"query-input":{"@type":"PropertyValueSpecification","valueRequired":true,"valueName":"search_term_string"}}],"inLanguage":"es-PE"},{"@type":"Person","@id":"https:\/\/admision.up.edu.pe\/blog\/#\/schema\/person\/91c25190fb057f1d1551b92d13ed6390","name":"UP","image":{"@type":"ImageObject","inLanguage":"es-PE","@id":"https:\/\/admision.up.edu.pe\/blog\/#\/schema\/person\/image\/","url":"https:\/\/secure.gravatar.com\/avatar\/36c350468514113d381ce42b34347e8c?s=96&d=mm&r=g","contentUrl":"https:\/\/secure.gravatar.com\/avatar\/36c350468514113d381ce42b34347e8c?s=96&d=mm&r=g","caption":"UP"},"url":"https:\/\/admision.up.edu.pe\/blog\/author\/gr-diazc\/"}]}},"_links":{"self":[{"href":"https:\/\/admision.up.edu.pe\/blog\/wp-json\/wp\/v2\/posts\/509","targetHints":{"allow":["GET"]}}],"collection":[{"href":"https:\/\/admision.up.edu.pe\/blog\/wp-json\/wp\/v2\/posts"}],"about":[{"href":"https:\/\/admision.up.edu.pe\/blog\/wp-json\/wp\/v2\/types\/post"}],"author":[{"embeddable":true,"href":"https:\/\/admision.up.edu.pe\/blog\/wp-json\/wp\/v2\/users\/2"}],"replies":[{"embeddable":true,"href":"https:\/\/admision.up.edu.pe\/blog\/wp-json\/wp\/v2\/comments?post=509"}],"version-history":[{"count":7,"href":"https:\/\/admision.up.edu.pe\/blog\/wp-json\/wp\/v2\/posts\/509\/revisions"}],"predecessor-version":[{"id":2322,"href":"https:\/\/admision.up.edu.pe\/blog\/wp-json\/wp\/v2\/posts\/509\/revisions\/2322"}],"wp:featuredmedia":[{"embeddable":true,"href":"https:\/\/admision.up.edu.pe\/blog\/wp-json\/wp\/v2\/media\/511"}],"wp:attachment":[{"href":"https:\/\/admision.up.edu.pe\/blog\/wp-json\/wp\/v2\/media?parent=509"}],"wp:term":[{"taxonomy":"category","embeddable":true,"href":"https:\/\/admision.up.edu.pe\/blog\/wp-json\/wp\/v2\/categories?post=509"},{"taxonomy":"post_tag","embeddable":true,"href":"https:\/\/admision.up.edu.pe\/blog\/wp-json\/wp\/v2\/tags?post=509"}],"curies":[{"name":"wp","href":"https:\/\/api.w.org\/{rel}","templated":true}]}}