{"id":3126,"date":"2025-07-31T10:40:14","date_gmt":"2025-07-31T15:40:14","guid":{"rendered":"https:\/\/admision.up.edu.pe\/blog\/?p=3126"},"modified":"2026-03-20T17:41:47","modified_gmt":"2026-03-20T22:41:47","slug":"tasa-empleabilidad-universidades-peru","status":"publish","type":"post","link":"https:\/\/admision.up.edu.pe\/blog\/tasa-empleabilidad-universidades-peru\/","title":{"rendered":"Tasa de Empleabilidad de Universidades en el Per\u00fa: razones por las que la UP marca la diferencia"},"content":{"rendered":"\n<p><strong>\u00bfCu\u00e1l es la tasa de empleabilidad de universidades en el Per\u00fa?<\/strong> Si est\u00e1s por elegir d\u00f3nde estudiar, seguramente te has hecho esta pregunta. Y es totalmente v\u00e1lida: m\u00e1s all\u00e1 del nombre o el campus, lo que muchos queremos saber es si la carrera que elijamos realmente nos abrir\u00e1 puertas cuando salgamos al mundo laboral.&nbsp;<\/p>\n\n\n\n<p>En esta nota te contamos por qu\u00e9 la tasa de empleabilidad es un dato clave para tomar una buena decisi\u00f3n y c\u00f3mo, seg\u00fan cifras recientes, la Universidad del Pac\u00edfico destaca no solo por su formaci\u00f3n acad\u00e9mica, sino porque sus egresados est\u00e1n entre los m\u00e1s valorados por las empresas y logran insertarse r\u00e1pidamente en el mercado laboral.&nbsp;<\/p>\n\n\n\n<h2 class=\"wp-block-heading\"><strong>Pero primero&#8230; \u00bfQu\u00e9 es la tasa de empleabilidad?<\/strong>&nbsp;<\/h2>\n\n\n\n<p>La tasa de empleabilidad mide el porcentaje de egresados que consiguen empleo en un periodo determinado tras finalizar sus estudios. Este indicador es fundamental para evaluar la efectividad de una universidad en la inserci\u00f3n laboral de sus graduados. Una alta tasa de empleabilidad sugiere que la instituci\u00f3n ofrece programas acad\u00e9micos alineados con las demandas del mercado laboral.&nbsp;<\/p>\n\n\n\n<h2 class=\"wp-block-heading\"><strong>Tasa de empleabilidad de universidades en Per\u00fa&nbsp;<\/strong>&nbsp;<\/h2>\n\n\n\n<p>Al momento de elegir una universidad, uno de los indicadores m\u00e1s relevantes \u2014y que muchas veces marca la diferencia\u2014 es la <strong>tasa de empleabilidad<\/strong>. No se trata solo de qu\u00e9 tanto aprendes en las aulas, sino de cu\u00e1nto valoran las empresas ese aprendizaje cuando sales al mercado laboral.&nbsp;&nbsp;<\/p>\n\n\n\n<h2 class=\"wp-block-heading\"><strong>\u00bfQu\u00e9 universidades prefieren las empresas en el Per\u00fa?<\/strong>&nbsp;<\/h2>\n\n\n\n<p>Seg\u00fan el estudio Imagen del egresado universitario entre empleadores de Ipsos Per\u00fa, los egresados de la Universidad del Pac\u00edfico destacan por estar mejor preparados para liderar equipos, tomar decisiones estrat\u00e9gicas y generar impacto desde los primeros a\u00f1os de experiencia. No por nada, veinte egresados de la Universidad del Pac\u00edfico destacan en el ranking Merco L\u00edderes Per\u00fa 2025, ocupando posiciones de liderazgo en las principales organizaciones del pa\u00eds.<\/p>\n\n\n\n<p>Pero m\u00e1s all\u00e1 del reconocimiento, los datos concretos lo confirman:&nbsp;<\/p>\n\n\n\n<ul class=\"wp-block-list\">\n<li>En <strong>Ingenier\u00eda de la Informaci\u00f3n<\/strong>, el 100\u202f% de egresados consigue empleo en su primer a\u00f1o.&nbsp;<\/li>\n\n\n\n<li>En <strong>Ingenier\u00eda Empresarial<\/strong>, la empleabilidad es del 95\u202f%.&nbsp;<\/li>\n\n\n\n<li>En <strong>Contabilidad<\/strong>, egresados reconocidos como los mejores ejecutivos de grandes empresas como Deloitte, BCP, EY e IBM.\u00a0<\/li>\n\n\n\n<li>En carreras como <strong>Negocios Internacionales<\/strong>, <strong>Administraci\u00f3n<\/strong> y <strong>Econom\u00eda<\/strong>, los egresados de la UP no solo acceden r\u00e1pido al mercado laboral, sino que tambi\u00e9n <strong>ganan entre 60\u202f% y 72\u202f% m\u00e1s<\/strong> que el promedio nacional.&nbsp;<\/li>\n<\/ul>\n\n\n\n<p>Estos resultados no son casualidad. Responden a una formaci\u00f3n que no solo se enfoca en lo acad\u00e9mico, sino tambi\u00e9n en prepararte para el mundo real: con pr\u00e1cticas desde los primeros ciclos, mentor\u00edas con egresados, ferias de empleabilidad y un prestigio que las empresas conocen \u2014y valoran.&nbsp;<\/p>\n\n\n\n<p><strong>Tambi\u00e9n te puede interesar:<\/strong> <a href=\"https:\/\/admision.up.edu.pe\/blog\/cuanto-gana-egresado-pacifico\/\" target=\"_blank\" rel=\"noreferrer noopener\">\u00bfCu\u00e1nto ganan los egresados de la UP en 2025?<\/a><\/p>\n\n\n\n<h2 class=\"wp-block-heading\">Tasa de Empleabilidad de Universidades en el Per\u00fa: <strong>\u00bfc\u00f3mo te prepara la Universidad del Pac\u00edfico?<\/strong>&nbsp;<\/h2>\n\n\n\n<p>En la Pac\u00edfico, la empleabilidad no es un resultado al final de la carrera, sino algo que se construye desde el primer d\u00eda. \u00bfC\u00f3mo lo logramos? Aqu\u00ed te lo contamos, punto por punto:&nbsp;<\/p>\n\n\n\n<h3 class=\"wp-block-heading\"><strong>Formaci\u00f3n acad\u00e9mica de alto nivel<\/strong>&nbsp;<\/h3>\n\n\n\n<p>Estudiar en la UP significa aprender con <strong>profesores que han estudiado en universidades como Harvard, Oxford, Yale o Columbia<\/strong>, y con mallas curriculares alineadas a las demandas del mercado laboral y a los est\u00e1ndares de las mejores universidades del mundo.&nbsp;<\/p>\n\n\n\n<h3 class=\"wp-block-heading\"><strong>T\u00edtulo profesional + experiencia real<\/strong>&nbsp;<\/h3>\n\n\n\n<p>Aqu\u00ed no solo obtienes un t\u00edtulo: tambi\u00e9n desarrollas pensamiento anal\u00edtico, visi\u00f3n estrat\u00e9gica y capacidad para innovar o emprender. <strong>Todo esto se trabaja en cursos, proyectos reales, simulaciones y pr\u00e1cticas desde los primeros ciclos.<\/strong>&nbsp;<\/p>\n\n\n\n<h3 class=\"wp-block-heading\"><strong>Internacionalizaci\u00f3n real y accesible<\/strong>&nbsp;<\/h3>\n\n\n\n<p>Gracias a m\u00e1s de <strong>150 convenios internacionales<\/strong>, puedes acceder a intercambios, dobles grados, pr\u00e1cticas globales, cursos de corta duraci\u00f3n en el extranjero y clases con profesores<strong> <\/strong>internacionales sin salir del pa\u00eds. Todo pensado para que tengas una formaci\u00f3n con visi\u00f3n global.&nbsp;<\/p>\n\n\n\n<h3 class=\"wp-block-heading\"><strong>Desarrollo personal y habilidades blandas<\/strong>&nbsp;<\/h3>\n\n\n\n<p>Sabemos que las empresas no solo buscan conocimientos, sino personas con capacidad para trabajar en equipo, adaptarse, comunicarse y liderar. Por eso, el <strong>Plan EFE (Experiencias Formativas Extracad\u00e9micas)<\/strong> incluye talleres y espacios para desarrollar habilidades interpersonales, liderazgo, sensibilidad social y m\u00e1s.&nbsp;<\/p>\n\n\n\n<h3 class=\"wp-block-heading\"><strong>Networking y comunidad<\/strong>\u00a0<\/h3>\n\n\n\n<p>Durante tu paso por la UP construir\u00e1s relaciones con personas que luego pueden convertirse en tus mentores, jefes, socios o aliados estrat\u00e9gicos. Nuestra red de egresados y aliados institucionales es un gran activo para tu futuro profesional.&nbsp;<\/p>\n\n\n\n<h3 class=\"wp-block-heading\"><strong>Actualizaci\u00f3n constante y visi\u00f3n estrat\u00e9gica<\/strong>&nbsp;<\/h3>\n\n\n\n<p>La empleabilidad tambi\u00e9n implica saber adaptarse. En la Pac\u00edfico te formamos para que seas capaz de leer el entorno, anticiparte a los cambios y seguir creciendo incluso despu\u00e9s de egresar. Porque un profesional empleable no solo se adapta: tambi\u00e9n lidera la transformaci\u00f3n.&nbsp;<\/p>\n\n\n\n<h2 class=\"wp-block-heading\">&nbsp;<br><strong>\u00bfC\u00f3mo usar esta informaci\u00f3n para tomar una mejor decisi\u00f3n?<\/strong>&nbsp;<\/h2>\n\n\n\n<p>Si est\u00e1s buscando una universidad que no solo te forme, sino que tambi\u00e9n te conecte con oportunidades concretas de trabajo, con visi\u00f3n global y preparaci\u00f3n integral, estos datos te ayudan a filtrar. Preg\u00fantate:&nbsp;<\/p>\n\n\n\n<ul class=\"wp-block-list\">\n<li>\u00bfQu\u00e9 tan valorados son los egresados de esta universidad por las empresas?&nbsp;<\/li>\n\n\n\n<li>\u00bfTienen pr\u00e1cticas, experiencias reales o programas de internacionalizaci\u00f3n?&nbsp;<\/li>\n\n\n\n<li>\u00bfVoy a salir con herramientas para seguir creciendo despu\u00e9s de egresar?&nbsp;<\/li>\n<\/ul>\n\n\n\n<p>En el caso de la <strong>Universidad del Pac\u00edfico<\/strong>, las cifras hablan: <strong>alta empleabilidad, sueldos por encima del promedio y egresados liderando en diversos sectores<\/strong>. Pero m\u00e1s all\u00e1 de los datos, lo que realmente marca la diferencia es c\u00f3mo aqu\u00ed se forman personas listas para actuar con prop\u00f3sito, estrategia y liderazgo.&nbsp;<\/p>\n\n\n\n<p>Tu carrera comienza desde el momento en que eliges d\u00f3nde formarte. Y mientras m\u00e1s informaci\u00f3n tengas, mejores decisiones tomar\u00e1s.&nbsp;<\/p>\n\n\n\n<p><\/p>\n","protected":false},"excerpt":{"rendered":"<p>\u00bfCu\u00e1l es la tasa de empleabilidad de universidades en el Per\u00fa? Si est\u00e1s por elegir d\u00f3nde estudiar, seguramente te has hecho esta pregunta. Y es totalmente v\u00e1lida: m\u00e1s all\u00e1 del nombre o el campus, lo que muchos queremos saber es si la carrera que elijamos realmente nos abrir\u00e1 puertas cuando salgamos al mundo laboral.&nbsp; En [&hellip;]<\/p>\n","protected":false},"author":9,"featured_media":3127,"comment_status":"closed","ping_status":"open","sticky":false,"template":"","format":"standard","meta":{"_acf_changed":false,"inline_featured_image":false,"footnotes":""},"categories":[55,18],"tags":[],"class_list":{"0":"post-3126","1":"post","2":"type-post","3":"status-publish","4":"format-standard","5":"has-post-thumbnail","7":"category-empleabilidad-up","8":"category-tu-carrera"},"acf":[],"yoast_head":"<!-- This site is optimized with the Yoast SEO plugin v25.6 - https:\/\/yoast.com\/wordpress\/plugins\/seo\/ -->\n<title>Tasa de Empleabilidad de Universidades en el Per\u00fa<\/title>\n<meta name=\"description\" content=\"Seg\u00fan estudios sobre la tasa de empleabilidad de universidades en el Per\u00fa, los egresados de la Universidad del Pac\u00edfico destacan.\" \/>\n<meta name=\"robots\" content=\"index, follow, max-snippet:-1, max-image-preview:large, max-video-preview:-1\" \/>\n<link rel=\"canonical\" href=\"https:\/\/admision.up.edu.pe\/blog\/tasa-empleabilidad-universidades-peru\/\" \/>\n<meta property=\"og:locale\" content=\"es_ES\" \/>\n<meta property=\"og:type\" content=\"article\" \/>\n<meta property=\"og:title\" content=\"Tasa de Empleabilidad de Universidades en el Per\u00fa\" \/>\n<meta property=\"og:description\" content=\"Seg\u00fan estudios sobre la tasa de empleabilidad de universidades en el Per\u00fa, los egresados de la Universidad del Pac\u00edfico destacan.\" \/>\n<meta property=\"og:url\" content=\"https:\/\/admision.up.edu.pe\/blog\/tasa-empleabilidad-universidades-peru\/\" \/>\n<meta property=\"og:site_name\" content=\"Blog Admisi\u00f3n\" \/>\n<meta property=\"article:published_time\" content=\"2025-07-31T15:40:14+00:00\" \/>\n<meta property=\"article:modified_time\" content=\"2026-03-20T22:41:47+00:00\" \/>\n<meta property=\"og:image\" content=\"https:\/\/admision.up.edu.pe\/blog\/wp-content\/uploads\/2025\/07\/UP_DIA1_2024_084-1-scaled.jpg\" \/>\n\t<meta property=\"og:image:width\" content=\"2560\" \/>\n\t<meta property=\"og:image:height\" content=\"1920\" \/>\n\t<meta property=\"og:image:type\" content=\"image\/jpeg\" \/>\n<meta name=\"author\" content=\"Kaira El Yanhari\" \/>\n<meta name=\"twitter:card\" content=\"summary_large_image\" \/>\n<meta name=\"twitter:label1\" content=\"Written by\" \/>\n\t<meta name=\"twitter:data1\" content=\"Kaira El Yanhari\" \/>\n\t<meta name=\"twitter:label2\" content=\"Est. reading time\" \/>\n\t<meta name=\"twitter:data2\" content=\"5 minutos\" \/>\n<script type=\"application\/ld+json\" class=\"yoast-schema-graph\">{\"@context\":\"https:\/\/schema.org\",\"@graph\":[{\"@type\":\"WebPage\",\"@id\":\"https:\/\/admision.up.edu.pe\/blog\/tasa-empleabilidad-universidades-peru\/\",\"url\":\"https:\/\/admision.up.edu.pe\/blog\/tasa-empleabilidad-universidades-peru\/\",\"name\":\"Tasa de Empleabilidad de Universidades en el Per\u00fa\",\"isPartOf\":{\"@id\":\"https:\/\/admision.up.edu.pe\/blog\/#website\"},\"primaryImageOfPage\":{\"@id\":\"https:\/\/admision.up.edu.pe\/blog\/tasa-empleabilidad-universidades-peru\/#primaryimage\"},\"image\":{\"@id\":\"https:\/\/admision.up.edu.pe\/blog\/tasa-empleabilidad-universidades-peru\/#primaryimage\"},\"thumbnailUrl\":\"https:\/\/admision.up.edu.pe\/blog\/wp-content\/uploads\/2025\/07\/UP_DIA1_2024_084-1-scaled.jpg\",\"datePublished\":\"2025-07-31T15:40:14+00:00\",\"dateModified\":\"2026-03-20T22:41:47+00:00\",\"author\":{\"@id\":\"https:\/\/admision.up.edu.pe\/blog\/#\/schema\/person\/6351d705e409cb7d66101080a220d196\"},\"description\":\"Seg\u00fan estudios sobre la tasa de empleabilidad de universidades en el Per\u00fa, los egresados de la Universidad del Pac\u00edfico destacan.\",\"inLanguage\":\"es-PE\",\"potentialAction\":[{\"@type\":\"ReadAction\",\"target\":[\"https:\/\/admision.up.edu.pe\/blog\/tasa-empleabilidad-universidades-peru\/\"]}]},{\"@type\":\"ImageObject\",\"inLanguage\":\"es-PE\",\"@id\":\"https:\/\/admision.up.edu.pe\/blog\/tasa-empleabilidad-universidades-peru\/#primaryimage\",\"url\":\"https:\/\/admision.up.edu.pe\/blog\/wp-content\/uploads\/2025\/07\/UP_DIA1_2024_084-1-scaled.jpg\",\"contentUrl\":\"https:\/\/admision.up.edu.pe\/blog\/wp-content\/uploads\/2025\/07\/UP_DIA1_2024_084-1-scaled.jpg\",\"width\":2560,\"height\":1920,\"caption\":\"Tasa de Empleabilidad de Universidades en el Per\u00fa\"},{\"@type\":\"WebSite\",\"@id\":\"https:\/\/admision.up.edu.pe\/blog\/#website\",\"url\":\"https:\/\/admision.up.edu.pe\/blog\/\",\"name\":\"Blog Admisi\u00f3n\",\"description\":\"UP\",\"potentialAction\":[{\"@type\":\"SearchAction\",\"target\":{\"@type\":\"EntryPoint\",\"urlTemplate\":\"https:\/\/admision.up.edu.pe\/blog\/?s={search_term_string}\"},\"query-input\":{\"@type\":\"PropertyValueSpecification\",\"valueRequired\":true,\"valueName\":\"search_term_string\"}}],\"inLanguage\":\"es-PE\"},{\"@type\":\"Person\",\"@id\":\"https:\/\/admision.up.edu.pe\/blog\/#\/schema\/person\/6351d705e409cb7d66101080a220d196\",\"name\":\"Kaira El Yanhari\",\"image\":{\"@type\":\"ImageObject\",\"inLanguage\":\"es-PE\",\"@id\":\"https:\/\/admision.up.edu.pe\/blog\/#\/schema\/person\/image\/\",\"url\":\"https:\/\/secure.gravatar.com\/avatar\/8734be4fa3ae1fdddf68984b378b92d2?s=96&d=mm&r=g\",\"contentUrl\":\"https:\/\/secure.gravatar.com\/avatar\/8734be4fa3ae1fdddf68984b378b92d2?s=96&d=mm&r=g\",\"caption\":\"Kaira El Yanhari\"},\"url\":\"https:\/\/admision.up.edu.pe\/blog\/author\/ke-yanhari\/\"}]}<\/script>\n<!-- \/ Yoast SEO plugin. -->","yoast_head_json":{"title":"Tasa de Empleabilidad de Universidades en el Per\u00fa","description":"Seg\u00fan estudios sobre la tasa de empleabilidad de universidades en el Per\u00fa, los egresados de la Universidad del Pac\u00edfico destacan.","robots":{"index":"index","follow":"follow","max-snippet":"max-snippet:-1","max-image-preview":"max-image-preview:large","max-video-preview":"max-video-preview:-1"},"canonical":"https:\/\/admision.up.edu.pe\/blog\/tasa-empleabilidad-universidades-peru\/","og_locale":"es_ES","og_type":"article","og_title":"Tasa de Empleabilidad de Universidades en el Per\u00fa","og_description":"Seg\u00fan estudios sobre la tasa de empleabilidad de universidades en el Per\u00fa, los egresados de la Universidad del Pac\u00edfico destacan.","og_url":"https:\/\/admision.up.edu.pe\/blog\/tasa-empleabilidad-universidades-peru\/","og_site_name":"Blog Admisi\u00f3n","article_published_time":"2025-07-31T15:40:14+00:00","article_modified_time":"2026-03-20T22:41:47+00:00","og_image":[{"width":2560,"height":1920,"url":"https:\/\/admision.up.edu.pe\/blog\/wp-content\/uploads\/2025\/07\/UP_DIA1_2024_084-1-scaled.jpg","type":"image\/jpeg"}],"author":"Kaira El Yanhari","twitter_card":"summary_large_image","twitter_misc":{"Written by":"Kaira El Yanhari","Est. reading time":"5 minutos"},"schema":{"@context":"https:\/\/schema.org","@graph":[{"@type":"WebPage","@id":"https:\/\/admision.up.edu.pe\/blog\/tasa-empleabilidad-universidades-peru\/","url":"https:\/\/admision.up.edu.pe\/blog\/tasa-empleabilidad-universidades-peru\/","name":"Tasa de Empleabilidad de Universidades en el Per\u00fa","isPartOf":{"@id":"https:\/\/admision.up.edu.pe\/blog\/#website"},"primaryImageOfPage":{"@id":"https:\/\/admision.up.edu.pe\/blog\/tasa-empleabilidad-universidades-peru\/#primaryimage"},"image":{"@id":"https:\/\/admision.up.edu.pe\/blog\/tasa-empleabilidad-universidades-peru\/#primaryimage"},"thumbnailUrl":"https:\/\/admision.up.edu.pe\/blog\/wp-content\/uploads\/2025\/07\/UP_DIA1_2024_084-1-scaled.jpg","datePublished":"2025-07-31T15:40:14+00:00","dateModified":"2026-03-20T22:41:47+00:00","author":{"@id":"https:\/\/admision.up.edu.pe\/blog\/#\/schema\/person\/6351d705e409cb7d66101080a220d196"},"description":"Seg\u00fan estudios sobre la tasa de empleabilidad de universidades en el Per\u00fa, los egresados de la Universidad del Pac\u00edfico destacan.","inLanguage":"es-PE","potentialAction":[{"@type":"ReadAction","target":["https:\/\/admision.up.edu.pe\/blog\/tasa-empleabilidad-universidades-peru\/"]}]},{"@type":"ImageObject","inLanguage":"es-PE","@id":"https:\/\/admision.up.edu.pe\/blog\/tasa-empleabilidad-universidades-peru\/#primaryimage","url":"https:\/\/admision.up.edu.pe\/blog\/wp-content\/uploads\/2025\/07\/UP_DIA1_2024_084-1-scaled.jpg","contentUrl":"https:\/\/admision.up.edu.pe\/blog\/wp-content\/uploads\/2025\/07\/UP_DIA1_2024_084-1-scaled.jpg","width":2560,"height":1920,"caption":"Tasa de Empleabilidad de Universidades en el Per\u00fa"},{"@type":"WebSite","@id":"https:\/\/admision.up.edu.pe\/blog\/#website","url":"https:\/\/admision.up.edu.pe\/blog\/","name":"Blog Admisi\u00f3n","description":"UP","potentialAction":[{"@type":"SearchAction","target":{"@type":"EntryPoint","urlTemplate":"https:\/\/admision.up.edu.pe\/blog\/?s={search_term_string}"},"query-input":{"@type":"PropertyValueSpecification","valueRequired":true,"valueName":"search_term_string"}}],"inLanguage":"es-PE"},{"@type":"Person","@id":"https:\/\/admision.up.edu.pe\/blog\/#\/schema\/person\/6351d705e409cb7d66101080a220d196","name":"Kaira El Yanhari","image":{"@type":"ImageObject","inLanguage":"es-PE","@id":"https:\/\/admision.up.edu.pe\/blog\/#\/schema\/person\/image\/","url":"https:\/\/secure.gravatar.com\/avatar\/8734be4fa3ae1fdddf68984b378b92d2?s=96&d=mm&r=g","contentUrl":"https:\/\/secure.gravatar.com\/avatar\/8734be4fa3ae1fdddf68984b378b92d2?s=96&d=mm&r=g","caption":"Kaira El Yanhari"},"url":"https:\/\/admision.up.edu.pe\/blog\/author\/ke-yanhari\/"}]}},"_links":{"self":[{"href":"https:\/\/admision.up.edu.pe\/blog\/wp-json\/wp\/v2\/posts\/3126","targetHints":{"allow":["GET"]}}],"collection":[{"href":"https:\/\/admision.up.edu.pe\/blog\/wp-json\/wp\/v2\/posts"}],"about":[{"href":"https:\/\/admision.up.edu.pe\/blog\/wp-json\/wp\/v2\/types\/post"}],"author":[{"embeddable":true,"href":"https:\/\/admision.up.edu.pe\/blog\/wp-json\/wp\/v2\/users\/9"}],"replies":[{"embeddable":true,"href":"https:\/\/admision.up.edu.pe\/blog\/wp-json\/wp\/v2\/comments?post=3126"}],"version-history":[{"count":2,"href":"https:\/\/admision.up.edu.pe\/blog\/wp-json\/wp\/v2\/posts\/3126\/revisions"}],"predecessor-version":[{"id":3245,"href":"https:\/\/admision.up.edu.pe\/blog\/wp-json\/wp\/v2\/posts\/3126\/revisions\/3245"}],"wp:featuredmedia":[{"embeddable":true,"href":"https:\/\/admision.up.edu.pe\/blog\/wp-json\/wp\/v2\/media\/3127"}],"wp:attachment":[{"href":"https:\/\/admision.up.edu.pe\/blog\/wp-json\/wp\/v2\/media?parent=3126"}],"wp:term":[{"taxonomy":"category","embeddable":true,"href":"https:\/\/admision.up.edu.pe\/blog\/wp-json\/wp\/v2\/categories?post=3126"},{"taxonomy":"post_tag","embeddable":true,"href":"https:\/\/admision.up.edu.pe\/blog\/wp-json\/wp\/v2\/tags?post=3126"}],"curies":[{"name":"wp","href":"https:\/\/api.w.org\/{rel}","templated":true}]}}