{"id":2745,"date":"2023-11-14T11:58:07","date_gmt":"2023-11-14T16:58:07","guid":{"rendered":"https:\/\/admision.up.edu.pe\/blog\/?p=2745"},"modified":"2023-11-14T12:00:14","modified_gmt":"2023-11-14T17:00:14","slug":"humanidades-digitales-la-nueva-carrera-que-genera-un-puente-entre-la-tecnologia-y-la-humanidad","status":"publish","type":"post","link":"https:\/\/admision.up.edu.pe\/blog\/humanidades-digitales-la-nueva-carrera-que-genera-un-puente-entre-la-tecnologia-y-la-humanidad\/","title":{"rendered":"Humanidades Digitales, la nueva carrera que genera un puente entre la tecnolog\u00eda y la humanidad"},"content":{"rendered":"\r\n<p><em>El crecimiento de la tecnolog\u00eda ha propiciado sociedades hiperdigitalizadas que necesitan de herramientas acordes para explicar el entorno y el acceso a la informaci\u00f3n y la interacci\u00f3n cultural, as\u00ed como para generar nuevas formas de investigaci\u00f3n y conocimiento. Pero \u00bfqui\u00e9nes se encargan de generarlas?, \u00bfqu\u00e9 disciplina permite adecuarlas a los nuevos contextos?, \u00bfexiste una alternativa en el Per\u00fa que forme profesionales para impulsar este sector?<\/em><\/p>\r\n\r\n\r\n\r\n<figure class=\"wp-block-image size-large\"><img loading=\"lazy\" decoding=\"async\" width=\"1024\" height=\"502\" class=\"wp-image-2746\" src=\"https:\/\/admision.up.edu.pe\/blog\/wp-content\/uploads\/2023\/11\/info-HD-1-1024x502.png\" alt=\"\" srcset=\"https:\/\/admision.up.edu.pe\/blog\/wp-content\/uploads\/2023\/11\/info-HD-1-1024x502.png 1024w, https:\/\/admision.up.edu.pe\/blog\/wp-content\/uploads\/2023\/11\/info-HD-1-300x147.png 300w, https:\/\/admision.up.edu.pe\/blog\/wp-content\/uploads\/2023\/11\/info-HD-1-768x376.png 768w, https:\/\/admision.up.edu.pe\/blog\/wp-content\/uploads\/2023\/11\/info-HD-1-1536x753.png 1536w, https:\/\/admision.up.edu.pe\/blog\/wp-content\/uploads\/2023\/11\/info-HD-1-696x341.png 696w, https:\/\/admision.up.edu.pe\/blog\/wp-content\/uploads\/2023\/11\/info-HD-1-1068x523.png 1068w, https:\/\/admision.up.edu.pe\/blog\/wp-content\/uploads\/2023\/11\/info-HD-1-857x420.png 857w, https:\/\/admision.up.edu.pe\/blog\/wp-content\/uploads\/2023\/11\/info-HD-1-324x160.png 324w, https:\/\/admision.up.edu.pe\/blog\/wp-content\/uploads\/2023\/11\/info-HD-1-533x261.png 533w, https:\/\/admision.up.edu.pe\/blog\/wp-content\/uploads\/2023\/11\/info-HD-1.png 1920w\" sizes=\"auto, (max-width: 1024px) 100vw, 1024px\" \/><\/figure>\r\n\r\n\r\n\r\n<p>La Universidad del Pac\u00edfico presenta esta carrera como una nueva alternativa que trabaja de la mano de la tecnolog\u00eda y en conjunto con campos como la historia, arqueolog\u00eda, geograf\u00eda, sociolog\u00eda, antropolog\u00eda, psicolog\u00eda, filosof\u00eda y literatura.\u00a0<\/p>\r\n\r\n\r\n\r\n<h2><strong>\u00bfDe qu\u00e9 trata Humanidades Digitales?<\/strong><\/h2>\r\n\r\n\r\n\r\n<p>Esta propuesta de la Universidad del Pac\u00edfico conecta las humanidades con la tecnolog\u00eda para comprender las nuevas interacciones en el mundo y orientarlas al bienestar de las personas. En este sentido, los estudiantes de esta carrera desarrollar\u00e1n diversas competencias que los preparar\u00e1 para afrontar grandes desaf\u00edos como los problemas sociales y la brecha digital a\u00fan existente.<\/p>\r\n\r\n\r\n\r\n<p>Un humanista digital se caracteriza por contar con un s\u00f3lido inter\u00e9s en la ingenier\u00eda y en las humanidades. Cuenta con conocimientos de programaci\u00f3n para la aplicaci\u00f3n de herramientas digitales en la investigaci\u00f3n human\u00edstica. Y tiene facilidad para combinar habilidades en letras y ciencias para abordar con \u00e9xito los desaf\u00edos interdisciplinarios que surgen en este campo en constante evoluci\u00f3n. Estas competencias en conjunto facilitar\u00e1n una entrada exitosa y un desempe\u00f1o efectivo en el mundo de las humanidades digitales.<\/p>\r\n\r\n\r\n\r\n<figure class=\"wp-block-image size-large\"><img loading=\"lazy\" decoding=\"async\" width=\"1024\" height=\"796\" class=\"wp-image-2747\" src=\"https:\/\/admision.up.edu.pe\/blog\/wp-content\/uploads\/2023\/11\/info-HD-2-1-1024x796.png\" alt=\"\" srcset=\"https:\/\/admision.up.edu.pe\/blog\/wp-content\/uploads\/2023\/11\/info-HD-2-1-1024x796.png 1024w, https:\/\/admision.up.edu.pe\/blog\/wp-content\/uploads\/2023\/11\/info-HD-2-1-300x233.png 300w, https:\/\/admision.up.edu.pe\/blog\/wp-content\/uploads\/2023\/11\/info-HD-2-1-768x597.png 768w, https:\/\/admision.up.edu.pe\/blog\/wp-content\/uploads\/2023\/11\/info-HD-2-1-1536x1194.png 1536w, https:\/\/admision.up.edu.pe\/blog\/wp-content\/uploads\/2023\/11\/info-HD-2-1-696x541.png 696w, https:\/\/admision.up.edu.pe\/blog\/wp-content\/uploads\/2023\/11\/info-HD-2-1-1068x830.png 1068w, https:\/\/admision.up.edu.pe\/blog\/wp-content\/uploads\/2023\/11\/info-HD-2-1-540x420.png 540w, https:\/\/admision.up.edu.pe\/blog\/wp-content\/uploads\/2023\/11\/info-HD-2-1.png 1920w\" sizes=\"auto, (max-width: 1024px) 100vw, 1024px\" \/><\/figure>\r\n\r\n\r\n\r\n<h3>\u00a0<\/h3>\r\n<h3><strong>\u00bfQu\u00e9 tan demandados son los humanistas digitales?<\/strong><\/h3>\r\n\r\n\r\n\r\n<p>El mercado laboral para los humanistas digitales es amplio y variado a nivel nacional e internacional. Por ejemplo, son requeridos por compa\u00f1\u00edas como Netflix, Google y Microsoft. Adem\u00e1s, son cada vez m\u00e1s solicitados ante el avance tecnol\u00f3gico para conectar con las necesidades de las personas y brindar soluciones innovadoras.<\/p>\r\n\r\n\r\n\r\n<figure class=\"wp-block-image size-large\"><img loading=\"lazy\" decoding=\"async\" width=\"1024\" height=\"703\" class=\"wp-image-2748\" src=\"https:\/\/admision.up.edu.pe\/blog\/wp-content\/uploads\/2023\/11\/info-HD-3-1-1024x703.png\" alt=\"\" srcset=\"https:\/\/admision.up.edu.pe\/blog\/wp-content\/uploads\/2023\/11\/info-HD-3-1-1024x703.png 1024w, https:\/\/admision.up.edu.pe\/blog\/wp-content\/uploads\/2023\/11\/info-HD-3-1-300x206.png 300w, https:\/\/admision.up.edu.pe\/blog\/wp-content\/uploads\/2023\/11\/info-HD-3-1-768x528.png 768w, https:\/\/admision.up.edu.pe\/blog\/wp-content\/uploads\/2023\/11\/info-HD-3-1-1536x1055.png 1536w, https:\/\/admision.up.edu.pe\/blog\/wp-content\/uploads\/2023\/11\/info-HD-3-1-218x150.png 218w, https:\/\/admision.up.edu.pe\/blog\/wp-content\/uploads\/2023\/11\/info-HD-3-1-696x478.png 696w, https:\/\/admision.up.edu.pe\/blog\/wp-content\/uploads\/2023\/11\/info-HD-3-1-1068x734.png 1068w, https:\/\/admision.up.edu.pe\/blog\/wp-content\/uploads\/2023\/11\/info-HD-3-1-611x420.png 611w, https:\/\/admision.up.edu.pe\/blog\/wp-content\/uploads\/2023\/11\/info-HD-3-1-100x70.png 100w, https:\/\/admision.up.edu.pe\/blog\/wp-content\/uploads\/2023\/11\/info-HD-3-1.png 1920w\" sizes=\"auto, (max-width: 1024px) 100vw, 1024px\" \/><\/figure>\r\n\r\n\r\n\r\n<p class=\"has-text-align-center\"><strong>\u00bfQuieres m\u00e1s informaci\u00f3n sobre esta nueva carrera? Conoce m\u00e1s <a href=\"https:\/\/admision.up.edu.pe\/carreras\/humanidades-digitales\/\">aqu\u00ed<\/a><\/strong><\/p>\r\n","protected":false},"excerpt":{"rendered":"<p>El crecimiento de la tecnolog\u00eda ha propiciado sociedades hiperdigitalizadas que necesitan de herramientas acordes para explicar el entorno y el acceso a la informaci\u00f3n y la interacci\u00f3n cultural, as\u00ed como para generar nuevas formas de investigaci\u00f3n y conocimiento. Pero \u00bfqui\u00e9nes se encargan de generarlas?, \u00bfqu\u00e9 disciplina permite adecuarlas a los nuevos contextos?, \u00bfexiste una alternativa [&hellip;]<\/p>\n","protected":false},"author":1,"featured_media":2749,"comment_status":"closed","ping_status":"open","sticky":false,"template":"","format":"standard","meta":{"_acf_changed":false,"inline_featured_image":false,"footnotes":""},"categories":[18,17],"tags":[],"class_list":{"0":"post-2745","1":"post","2":"type-post","3":"status-publish","4":"format-standard","5":"has-post-thumbnail","7":"category-tu-carrera","8":"category-tu-vocacion"},"acf":[],"yoast_head":"<!-- This site is optimized with the Yoast SEO plugin v25.6 - https:\/\/yoast.com\/wordpress\/plugins\/seo\/ -->\n<title>\u00bfDe qu\u00e9 trata la carrera de Humanidades Digitales de la UP?<\/title>\n<meta name=\"description\" content=\"Conecta las humanidades con la tecnolog\u00eda para comprender las nuevas interacciones en el mundo y orientarlas al bienestar de las personas.\" \/>\n<meta name=\"robots\" content=\"index, follow, max-snippet:-1, max-image-preview:large, max-video-preview:-1\" \/>\n<link rel=\"canonical\" href=\"https:\/\/admision.up.edu.pe\/blog\/humanidades-digitales-la-nueva-carrera-que-genera-un-puente-entre-la-tecnologia-y-la-humanidad\/\" \/>\n<meta property=\"og:locale\" content=\"es_ES\" \/>\n<meta property=\"og:type\" content=\"article\" \/>\n<meta property=\"og:title\" content=\"\u00bfDe qu\u00e9 trata la carrera de Humanidades Digitales de la UP?\" \/>\n<meta property=\"og:description\" content=\"Conecta las humanidades con la tecnolog\u00eda para comprender las nuevas interacciones en el mundo y orientarlas al bienestar de las personas.\" \/>\n<meta property=\"og:url\" content=\"https:\/\/admision.up.edu.pe\/blog\/humanidades-digitales-la-nueva-carrera-que-genera-un-puente-entre-la-tecnologia-y-la-humanidad\/\" \/>\n<meta property=\"og:site_name\" content=\"Blog Admisi\u00f3n\" \/>\n<meta property=\"article:published_time\" content=\"2023-11-14T16:58:07+00:00\" \/>\n<meta property=\"article:modified_time\" content=\"2023-11-14T17:00:14+00:00\" \/>\n<meta property=\"og:image\" content=\"https:\/\/admision.up.edu.pe\/blog\/wp-content\/uploads\/2023\/11\/javier-scaled-1.webp\" \/>\n\t<meta property=\"og:image:width\" content=\"2560\" \/>\n\t<meta property=\"og:image:height\" content=\"1322\" \/>\n\t<meta property=\"og:image:type\" content=\"image\/webp\" \/>\n<meta name=\"author\" content=\"admin\" \/>\n<meta name=\"twitter:card\" content=\"summary_large_image\" \/>\n<meta name=\"twitter:label1\" content=\"Written by\" \/>\n\t<meta name=\"twitter:data1\" content=\"admin\" \/>\n\t<meta name=\"twitter:label2\" content=\"Est. reading time\" \/>\n\t<meta name=\"twitter:data2\" content=\"2 minutos\" \/>\n<script type=\"application\/ld+json\" class=\"yoast-schema-graph\">{\"@context\":\"https:\/\/schema.org\",\"@graph\":[{\"@type\":\"WebPage\",\"@id\":\"https:\/\/admision.up.edu.pe\/blog\/humanidades-digitales-la-nueva-carrera-que-genera-un-puente-entre-la-tecnologia-y-la-humanidad\/\",\"url\":\"https:\/\/admision.up.edu.pe\/blog\/humanidades-digitales-la-nueva-carrera-que-genera-un-puente-entre-la-tecnologia-y-la-humanidad\/\",\"name\":\"\u00bfDe qu\u00e9 trata la carrera de Humanidades Digitales de la UP?\",\"isPartOf\":{\"@id\":\"https:\/\/admision.up.edu.pe\/blog\/#website\"},\"primaryImageOfPage\":{\"@id\":\"https:\/\/admision.up.edu.pe\/blog\/humanidades-digitales-la-nueva-carrera-que-genera-un-puente-entre-la-tecnologia-y-la-humanidad\/#primaryimage\"},\"image\":{\"@id\":\"https:\/\/admision.up.edu.pe\/blog\/humanidades-digitales-la-nueva-carrera-que-genera-un-puente-entre-la-tecnologia-y-la-humanidad\/#primaryimage\"},\"thumbnailUrl\":\"https:\/\/admision.up.edu.pe\/blog\/wp-content\/uploads\/2023\/11\/javier-scaled-1.webp\",\"datePublished\":\"2023-11-14T16:58:07+00:00\",\"dateModified\":\"2023-11-14T17:00:14+00:00\",\"author\":{\"@id\":\"https:\/\/admision.up.edu.pe\/blog\/#\/schema\/person\/7057daa0ac97d5b3c09bac42ce3d5549\"},\"description\":\"Conecta las humanidades con la tecnolog\u00eda para comprender las nuevas interacciones en el mundo y orientarlas al bienestar de las personas.\",\"inLanguage\":\"es-PE\",\"potentialAction\":[{\"@type\":\"ReadAction\",\"target\":[\"https:\/\/admision.up.edu.pe\/blog\/humanidades-digitales-la-nueva-carrera-que-genera-un-puente-entre-la-tecnologia-y-la-humanidad\/\"]}]},{\"@type\":\"ImageObject\",\"inLanguage\":\"es-PE\",\"@id\":\"https:\/\/admision.up.edu.pe\/blog\/humanidades-digitales-la-nueva-carrera-que-genera-un-puente-entre-la-tecnologia-y-la-humanidad\/#primaryimage\",\"url\":\"https:\/\/admision.up.edu.pe\/blog\/wp-content\/uploads\/2023\/11\/javier-scaled-1.webp\",\"contentUrl\":\"https:\/\/admision.up.edu.pe\/blog\/wp-content\/uploads\/2023\/11\/javier-scaled-1.webp\",\"width\":2560,\"height\":1322},{\"@type\":\"WebSite\",\"@id\":\"https:\/\/admision.up.edu.pe\/blog\/#website\",\"url\":\"https:\/\/admision.up.edu.pe\/blog\/\",\"name\":\"Blog Admisi\u00f3n\",\"description\":\"UP\",\"potentialAction\":[{\"@type\":\"SearchAction\",\"target\":{\"@type\":\"EntryPoint\",\"urlTemplate\":\"https:\/\/admision.up.edu.pe\/blog\/?s={search_term_string}\"},\"query-input\":{\"@type\":\"PropertyValueSpecification\",\"valueRequired\":true,\"valueName\":\"search_term_string\"}}],\"inLanguage\":\"es-PE\"},{\"@type\":\"Person\",\"@id\":\"https:\/\/admision.up.edu.pe\/blog\/#\/schema\/person\/7057daa0ac97d5b3c09bac42ce3d5549\",\"name\":\"admin\",\"image\":{\"@type\":\"ImageObject\",\"inLanguage\":\"es-PE\",\"@id\":\"https:\/\/admision.up.edu.pe\/blog\/#\/schema\/person\/image\/\",\"url\":\"https:\/\/secure.gravatar.com\/avatar\/4b0a7b02ed9b77e2b9377d08d9baea60?s=96&d=mm&r=g\",\"contentUrl\":\"https:\/\/secure.gravatar.com\/avatar\/4b0a7b02ed9b77e2b9377d08d9baea60?s=96&d=mm&r=g\",\"caption\":\"admin\"},\"url\":\"https:\/\/admision.up.edu.pe\/blog\/author\/admin\/\"}]}<\/script>\n<!-- \/ Yoast SEO plugin. -->","yoast_head_json":{"title":"\u00bfDe qu\u00e9 trata la carrera de Humanidades Digitales de la UP?","description":"Conecta las humanidades con la tecnolog\u00eda para comprender las nuevas interacciones en el mundo y orientarlas al bienestar de las personas.","robots":{"index":"index","follow":"follow","max-snippet":"max-snippet:-1","max-image-preview":"max-image-preview:large","max-video-preview":"max-video-preview:-1"},"canonical":"https:\/\/admision.up.edu.pe\/blog\/humanidades-digitales-la-nueva-carrera-que-genera-un-puente-entre-la-tecnologia-y-la-humanidad\/","og_locale":"es_ES","og_type":"article","og_title":"\u00bfDe qu\u00e9 trata la carrera de Humanidades Digitales de la UP?","og_description":"Conecta las humanidades con la tecnolog\u00eda para comprender las nuevas interacciones en el mundo y orientarlas al bienestar de las personas.","og_url":"https:\/\/admision.up.edu.pe\/blog\/humanidades-digitales-la-nueva-carrera-que-genera-un-puente-entre-la-tecnologia-y-la-humanidad\/","og_site_name":"Blog Admisi\u00f3n","article_published_time":"2023-11-14T16:58:07+00:00","article_modified_time":"2023-11-14T17:00:14+00:00","og_image":[{"width":2560,"height":1322,"url":"https:\/\/admision.up.edu.pe\/blog\/wp-content\/uploads\/2023\/11\/javier-scaled-1.webp","type":"image\/webp"}],"author":"admin","twitter_card":"summary_large_image","twitter_misc":{"Written by":"admin","Est. reading time":"2 minutos"},"schema":{"@context":"https:\/\/schema.org","@graph":[{"@type":"WebPage","@id":"https:\/\/admision.up.edu.pe\/blog\/humanidades-digitales-la-nueva-carrera-que-genera-un-puente-entre-la-tecnologia-y-la-humanidad\/","url":"https:\/\/admision.up.edu.pe\/blog\/humanidades-digitales-la-nueva-carrera-que-genera-un-puente-entre-la-tecnologia-y-la-humanidad\/","name":"\u00bfDe qu\u00e9 trata la carrera de Humanidades Digitales de la UP?","isPartOf":{"@id":"https:\/\/admision.up.edu.pe\/blog\/#website"},"primaryImageOfPage":{"@id":"https:\/\/admision.up.edu.pe\/blog\/humanidades-digitales-la-nueva-carrera-que-genera-un-puente-entre-la-tecnologia-y-la-humanidad\/#primaryimage"},"image":{"@id":"https:\/\/admision.up.edu.pe\/blog\/humanidades-digitales-la-nueva-carrera-que-genera-un-puente-entre-la-tecnologia-y-la-humanidad\/#primaryimage"},"thumbnailUrl":"https:\/\/admision.up.edu.pe\/blog\/wp-content\/uploads\/2023\/11\/javier-scaled-1.webp","datePublished":"2023-11-14T16:58:07+00:00","dateModified":"2023-11-14T17:00:14+00:00","author":{"@id":"https:\/\/admision.up.edu.pe\/blog\/#\/schema\/person\/7057daa0ac97d5b3c09bac42ce3d5549"},"description":"Conecta las humanidades con la tecnolog\u00eda para comprender las nuevas interacciones en el mundo y orientarlas al bienestar de las personas.","inLanguage":"es-PE","potentialAction":[{"@type":"ReadAction","target":["https:\/\/admision.up.edu.pe\/blog\/humanidades-digitales-la-nueva-carrera-que-genera-un-puente-entre-la-tecnologia-y-la-humanidad\/"]}]},{"@type":"ImageObject","inLanguage":"es-PE","@id":"https:\/\/admision.up.edu.pe\/blog\/humanidades-digitales-la-nueva-carrera-que-genera-un-puente-entre-la-tecnologia-y-la-humanidad\/#primaryimage","url":"https:\/\/admision.up.edu.pe\/blog\/wp-content\/uploads\/2023\/11\/javier-scaled-1.webp","contentUrl":"https:\/\/admision.up.edu.pe\/blog\/wp-content\/uploads\/2023\/11\/javier-scaled-1.webp","width":2560,"height":1322},{"@type":"WebSite","@id":"https:\/\/admision.up.edu.pe\/blog\/#website","url":"https:\/\/admision.up.edu.pe\/blog\/","name":"Blog Admisi\u00f3n","description":"UP","potentialAction":[{"@type":"SearchAction","target":{"@type":"EntryPoint","urlTemplate":"https:\/\/admision.up.edu.pe\/blog\/?s={search_term_string}"},"query-input":{"@type":"PropertyValueSpecification","valueRequired":true,"valueName":"search_term_string"}}],"inLanguage":"es-PE"},{"@type":"Person","@id":"https:\/\/admision.up.edu.pe\/blog\/#\/schema\/person\/7057daa0ac97d5b3c09bac42ce3d5549","name":"admin","image":{"@type":"ImageObject","inLanguage":"es-PE","@id":"https:\/\/admision.up.edu.pe\/blog\/#\/schema\/person\/image\/","url":"https:\/\/secure.gravatar.com\/avatar\/4b0a7b02ed9b77e2b9377d08d9baea60?s=96&d=mm&r=g","contentUrl":"https:\/\/secure.gravatar.com\/avatar\/4b0a7b02ed9b77e2b9377d08d9baea60?s=96&d=mm&r=g","caption":"admin"},"url":"https:\/\/admision.up.edu.pe\/blog\/author\/admin\/"}]}},"_links":{"self":[{"href":"https:\/\/admision.up.edu.pe\/blog\/wp-json\/wp\/v2\/posts\/2745","targetHints":{"allow":["GET"]}}],"collection":[{"href":"https:\/\/admision.up.edu.pe\/blog\/wp-json\/wp\/v2\/posts"}],"about":[{"href":"https:\/\/admision.up.edu.pe\/blog\/wp-json\/wp\/v2\/types\/post"}],"author":[{"embeddable":true,"href":"https:\/\/admision.up.edu.pe\/blog\/wp-json\/wp\/v2\/users\/1"}],"replies":[{"embeddable":true,"href":"https:\/\/admision.up.edu.pe\/blog\/wp-json\/wp\/v2\/comments?post=2745"}],"version-history":[{"count":4,"href":"https:\/\/admision.up.edu.pe\/blog\/wp-json\/wp\/v2\/posts\/2745\/revisions"}],"predecessor-version":[{"id":2753,"href":"https:\/\/admision.up.edu.pe\/blog\/wp-json\/wp\/v2\/posts\/2745\/revisions\/2753"}],"wp:featuredmedia":[{"embeddable":true,"href":"https:\/\/admision.up.edu.pe\/blog\/wp-json\/wp\/v2\/media\/2749"}],"wp:attachment":[{"href":"https:\/\/admision.up.edu.pe\/blog\/wp-json\/wp\/v2\/media?parent=2745"}],"wp:term":[{"taxonomy":"category","embeddable":true,"href":"https:\/\/admision.up.edu.pe\/blog\/wp-json\/wp\/v2\/categories?post=2745"},{"taxonomy":"post_tag","embeddable":true,"href":"https:\/\/admision.up.edu.pe\/blog\/wp-json\/wp\/v2\/tags?post=2745"}],"curies":[{"name":"wp","href":"https:\/\/api.w.org\/{rel}","templated":true}]}}