{"id":2392,"date":"2023-03-21T17:22:00","date_gmt":"2023-03-21T22:22:00","guid":{"rendered":"https:\/\/admision.up.edu.pe\/blog\/?p=2392"},"modified":"2023-03-29T11:23:34","modified_gmt":"2023-03-29T16:23:34","slug":"astrid-medianero-asociada-en-litigios-en-nueva-york-vemos-aristas-que-otros-abogados-no-%ef%bf%bc","status":"publish","type":"post","link":"https:\/\/admision.up.edu.pe\/blog\/astrid-medianero-asociada-en-litigios-en-nueva-york-vemos-aristas-que-otros-abogados-no-%ef%bf%bc\/","title":{"rendered":"Astrid Medianero, asociada en litigios en Nueva York: \u201cvemos aristas que otros abogados no\u201d"},"content":{"rendered":"\n<p><em>Astrid Medianero, egresada de Derecho de la Universidad del Pac\u00edfico, ejerce la abogac\u00eda en Nueva York, el centro financiero de EE. UU., donde los bufetes se disputan a los clientes m\u00e1s importantes del mundo. Como asociada en Debevoise &amp; Plimpton, aplica a la pr\u00e1ctica jur\u00eddica el enfoque \u00e9tico e interdisciplinario desarrollado en su formaci\u00f3n universitaria.<\/em><\/p>\n\n\n\n<div class=\"wp-block-image\"><figure class=\"aligncenter size-large\"><img loading=\"lazy\" decoding=\"async\" width=\"1024\" height=\"640\" src=\"https:\/\/admision.up.edu.pe\/blog\/wp-content\/uploads\/2023\/03\/Foto-Astrid-1-1-1024x640.png\" alt=\"\" class=\"wp-image-2393\" srcset=\"https:\/\/admision.up.edu.pe\/blog\/wp-content\/uploads\/2023\/03\/Foto-Astrid-1-1-1024x640.png 1024w, https:\/\/admision.up.edu.pe\/blog\/wp-content\/uploads\/2023\/03\/Foto-Astrid-1-1-300x188.png 300w, https:\/\/admision.up.edu.pe\/blog\/wp-content\/uploads\/2023\/03\/Foto-Astrid-1-1-768x480.png 768w, https:\/\/admision.up.edu.pe\/blog\/wp-content\/uploads\/2023\/03\/Foto-Astrid-1-1-696x435.png 696w, https:\/\/admision.up.edu.pe\/blog\/wp-content\/uploads\/2023\/03\/Foto-Astrid-1-1-1068x668.png 1068w, https:\/\/admision.up.edu.pe\/blog\/wp-content\/uploads\/2023\/03\/Foto-Astrid-1-1-672x420.png 672w, https:\/\/admision.up.edu.pe\/blog\/wp-content\/uploads\/2023\/03\/Foto-Astrid-1-1.png 1200w\" sizes=\"auto, (max-width: 1024px) 100vw, 1024px\" \/><\/figure><\/div>\n\n\n\n<p>Los bufetes de abogados siempre buscan contar con un equipo de profesionales h\u00e1biles y calificados para ofrecer a sus clientes el mejor servicio legal. Y en una ciudad vor\u00e1gine del ejercicio jur\u00eddico como New York es imperante que tengan consigo al mejor talento humano. Para nuestra egresada de Derecho, Astrid Medianero, tener una preparaci\u00f3n de calidad y una alta exigencia acad\u00e9mica ha sido clave para tener \u00e9xito en este mercado de gran competencia. Por ello, nos cuenta c\u00f3mo llevar el sello distintivo de la Universidad del Pac\u00edfico ha aportado a su trabajo como asociada en Debevoise &amp; Plimpton, una de las firmas m\u00e1s rentables por socio del mundo ubicada en \u00abla gran manzana\u00bb.<\/p>\n\n\n\n<p>\u201cLlev\u00e1bamos cursos con economistas, administradores y contadores. Creo que eso te da no solo una formaci\u00f3n diferente, tambi\u00e9n hace que tu cerebro trabaje de una forma distinta. Hay aristas que quiz\u00e1s otro abogado con otro tipo de formaci\u00f3n no ve\u201d, afirm\u00f3 Medianero, alegando que la confluencia con otras carreras estuvo presente en su experiencia estudiantil desde el primer d\u00eda. Esto forma parte de la propuesta educativa de la UP, que brinda una formaci\u00f3n interdisciplinaria desde los primeros ciclos para que los estudiantes generen sinergias y comprendan el lenguaje de otras disciplinas con las que se relacionan. Y ello tiene importancia, seg\u00fan la exalumna, cuando se topa con un problema que usualmente ser\u00eda visto solo desde el lado legal.&nbsp;<\/p>\n\n\n\n<p>Otro de los factores que influy\u00f3 en su desempe\u00f1o profesional fue el alto nivel de exigencia que encontr\u00f3 en las aulas de la Universidad del Pac\u00edfico, con profesores pendientes de la actividad de cada uno de los estudiantes. Respecto a c\u00f3mo aport\u00f3 esto en su carrera,<strong> <\/strong>se\u00f1ala que \u201cen la UP nadie se puede esconder. El profesor se acuerda de todos porque somos pocos, entonces, el seguimiento es mucho m\u00e1s riguroso. Tienes que seguir el ritmo de los dem\u00e1s y eso hace que todos avancen en un mismo est\u00e1ndar\u201d, refiri\u00f3. Esto refleja la ense\u00f1anza personalizada que brinda nuestra instituci\u00f3n, con docentes a tiempo completo que identifican en los alumnos las habilidades y competencias m\u00e1s destacadas desde que empiezan a estudiar en la UP.&nbsp;<\/p>\n\n\n\n<h2 class=\"wp-block-heading\">\u00bfPor qu\u00e9 dedicarse a los litigios?<\/h2>\n\n\n\n<p>El inter\u00e9s de nuestra egresada en estudiar <a href=\"https:\/\/admision.up.edu.pe\/carreras\/derecho\/\">Derecho<\/a>, seg\u00fan relata, obedec\u00eda a su intenci\u00f3n de aportar desde su carrera al ideal de justicia y, en consecuencia, a la sociedad. Por ello, decidi\u00f3 enfocarse en litigios, \u00e1rea en la que se defienden los intereses de las partes involucradas en una disputa o enfrentamiento judicial. Su motivaci\u00f3n surgi\u00f3 desde un sentimiento personal al encontrarse con situaciones que, consideraba, no proced\u00edan de manera correcta.<\/p>\n\n\n\n<p>\u201cYo decid\u00ed que quer\u00eda hacer litigios en general porque sent\u00eda mucha frustraci\u00f3n cuando me parec\u00eda que algo no era justo. Me motiv\u00f3 el pelear por la causa justa, y todas las decisiones que tom\u00e9 en el camino eran pensando que a largo plazo iba a poder hacer mejor mi rol de hacer justicia\u201d, coment\u00f3.&nbsp;<\/p>\n\n\n\n<div class=\"wp-block-image\"><figure class=\"aligncenter size-large\"><img loading=\"lazy\" decoding=\"async\" width=\"1024\" height=\"640\" src=\"https:\/\/admision.up.edu.pe\/blog\/wp-content\/uploads\/2023\/03\/Foto-Astrid-2-1024x640.png\" alt=\"\" class=\"wp-image-2394\" srcset=\"https:\/\/admision.up.edu.pe\/blog\/wp-content\/uploads\/2023\/03\/Foto-Astrid-2-1024x640.png 1024w, https:\/\/admision.up.edu.pe\/blog\/wp-content\/uploads\/2023\/03\/Foto-Astrid-2-300x188.png 300w, https:\/\/admision.up.edu.pe\/blog\/wp-content\/uploads\/2023\/03\/Foto-Astrid-2-768x480.png 768w, https:\/\/admision.up.edu.pe\/blog\/wp-content\/uploads\/2023\/03\/Foto-Astrid-2-696x435.png 696w, https:\/\/admision.up.edu.pe\/blog\/wp-content\/uploads\/2023\/03\/Foto-Astrid-2-1068x668.png 1068w, https:\/\/admision.up.edu.pe\/blog\/wp-content\/uploads\/2023\/03\/Foto-Astrid-2-672x420.png 672w, https:\/\/admision.up.edu.pe\/blog\/wp-content\/uploads\/2023\/03\/Foto-Astrid-2.png 1200w\" sizes=\"auto, (max-width: 1024px) 100vw, 1024px\" \/><\/figure><\/div>\n\n\n\n<p>La experiencia de Medianero refleja el enfoque \u00e9tico e interdisciplinario, con un <strong>fuerte componente econ\u00f3mico, empresarial y humanista<\/strong> que brinda la Universidad del Pac\u00edfico en la preparaci\u00f3n de sus estudiantes, cuyo fin primordial es formar l\u00edderes con prop\u00f3sito para el mundo. Gracias a ello, los abogados de la UP son m\u00e1s competitivos en el mercado laboral y trabajan en reconocidas firmas a nivel nacional e internacional.<\/p>\n\n\n\n<h2 class=\"wp-block-heading\">La ense\u00f1anza con experiencias internacionales<\/h2>\n\n\n\n<p>Al mismo tiempo que Medianero cursaba la carrera de Derecho, tambi\u00e9n particip\u00f3 de diversas actividades m\u00e1s all\u00e1 de las clases, que le brindaron experiencias importantes para su desarrollo acad\u00e9mico. Al relatar qu\u00e9 actividades extracurriculares desarroll\u00f3 en su etapa universitaria, coment\u00f3 que la UP le permiti\u00f3 adentrarse en uno de los proyectos desarrollados por una organizaci\u00f3n de talla internacional: \u201cMi primera actividad extracurricular empez\u00f3 participando en el Modelo de Naciones Unidas.\u201d, sostuvo.&nbsp;<\/p>\n\n\n\n<p>Adem\u00e1s, la egresada de la UP tambi\u00e9n particip\u00f3 en los <strong><em>moot courts<\/em> <\/strong>(simulaciones de juicios) de arbitraje latinoamericanos y en el de Madrid, as\u00ed como el <em>moot courts<\/em> de competencia que organiza la misma universidad. Particip\u00f3 en la Asamblea Universitaria y en el Consejo de Facultad. Tambi\u00e9n fue tutora de Lenguaje y profesora de Negociaci\u00f3n y debate.&nbsp;<\/p>\n\n\n\n<p>Otra de las actividades que le dio acceso a una experiencia internacional fue realizar <strong>pr\u00e1cticas profesionales en Par\u00eds cuando se encontraba a mitad de la carrera. <\/strong>Esto fue posible gracias a los convenios internacionales de la UP, que tiene como pol\u00edtica que todos los estudiantes hayan vivido una experiencia internacional durante su paso por la universidad. Esta es solo una de las formas que los alumnos tienen de vivir la <a href=\"https:\/\/admision.up.edu.pe\/internacionalizacion\/\">internacionalizaci\u00f3n de su carrera<\/a>, ya que tambi\u00e9n pueden <strong>acceder a intercambios estudiantiles, programas de dobles grados con universidades top, programas empresariales vivenciales, interacci\u00f3n con profesores visitantes reconocidos internacionalmente y red de egresados de distintas partes del mundo.\u00a0<\/strong><br><\/p>\n\n\n\n<h2 class=\"wp-block-heading\">\u00bfPor qu\u00e9 considerar estudiar Derecho en la Pac\u00edfico?<\/h2>\n\n\n\n<p>La recomendaci\u00f3n de Astrid Medianero para las personas que est\u00e1n considerando estudiar Derecho es que se decidan por una universidad como la UP que no limite sus iniciativas de realizar proyectos propios y donde experimenten cosas distintas. <strong>\u201cLa carrera de Derecho realmente puede generar muchos cambios e impactos, y si no est\u00e1s en un lugar que te va a dar las herramientas, te vas a frustrar y no lograr\u00e1s lo que quieres. Debes estar en un lugar que te empuja, reta, ayuda y, sobre todo, que no te pone un techo\u201d<\/strong>, indic\u00f3.&nbsp;<\/p>\n\n\n\n<div class=\"wp-block-image\"><figure class=\"aligncenter size-large\"><img loading=\"lazy\" decoding=\"async\" width=\"1024\" height=\"640\" src=\"https:\/\/admision.up.edu.pe\/blog\/wp-content\/uploads\/2023\/03\/Foto-Astrid-3-1024x640.png\" alt=\"\" class=\"wp-image-2395\" srcset=\"https:\/\/admision.up.edu.pe\/blog\/wp-content\/uploads\/2023\/03\/Foto-Astrid-3-1024x640.png 1024w, https:\/\/admision.up.edu.pe\/blog\/wp-content\/uploads\/2023\/03\/Foto-Astrid-3-300x188.png 300w, https:\/\/admision.up.edu.pe\/blog\/wp-content\/uploads\/2023\/03\/Foto-Astrid-3-768x480.png 768w, https:\/\/admision.up.edu.pe\/blog\/wp-content\/uploads\/2023\/03\/Foto-Astrid-3-696x435.png 696w, https:\/\/admision.up.edu.pe\/blog\/wp-content\/uploads\/2023\/03\/Foto-Astrid-3-1068x668.png 1068w, https:\/\/admision.up.edu.pe\/blog\/wp-content\/uploads\/2023\/03\/Foto-Astrid-3-672x420.png 672w, https:\/\/admision.up.edu.pe\/blog\/wp-content\/uploads\/2023\/03\/Foto-Astrid-3.png 1200w\" sizes=\"auto, (max-width: 1024px) 100vw, 1024px\" \/><\/figure><\/div>\n\n\n\n<p>La experiencia de Medianero refleja el enfoque \u00e9tico e interdisciplinario, con un <strong>fuerte componente econ\u00f3mico, empresarial y humanista<\/strong> que brinda la Universidad del Pac\u00edfico en la preparaci\u00f3n de sus estudiantes, cuyo fin primordial es formar l\u00edderes con prop\u00f3sito para el mundo. Gracias a ello, los abogados de la UP son m\u00e1s competitivos en el mercado laboral y trabajan en reconocidas firmas a nivel nacional e internacional.<\/p>\n\n\n\n<p><\/p>\n\n\n\n<p>De su paso por la Pac\u00edfico, la abogada explic\u00f3 que siempre se sinti\u00f3 cubierta en dicho aspecto, incluso se decidi\u00f3 a emprender sus propios proyectos, en los que encontr\u00f3 el apoyo de la instituci\u00f3n. Este fue el caso cuando fund\u00f3 Forseti, una revista de derecho en la que trabaj\u00f3 dos a\u00f1os, la cual cont\u00f3 con la venia del mismo decanato de la UP.&nbsp;<\/p>\n\n\n\n<p>Las iniciativas de los estudiantes son incentivadas por la UP, pues complementan la educaci\u00f3n que ofrece nuestro plan de estudios. Este \u00faltimo, adem\u00e1s, <strong>est\u00e1 dise\u00f1ado con un enfoque multidisciplinario, adecuado a la incorporaci\u00f3n de nuevas tecnolog\u00edas y una sociedad en constante cambio. <\/strong>A trav\u00e9s de los cursos de la carrera, los alumnos no solo conocen en profundidad el derecho y sus diferentes \u00e1reas de desarrollo, sino que logran entender el lenguaje empresarial y adquieren una visi\u00f3n humanista para comprender con \u00e9xito contextos y escenarios diferentes.<\/p>\n\n\n\n<p>Finalmente, Medianero se refiri\u00f3 a la UP como un espacio donde encontr\u00f3 la formaci\u00f3n que necesitaba, por lo que consider\u00f3 a esta casa de estudios como la mejor para estudiar<a href=\"https:\/\/admision.up.edu.pe\/carreras\/derecho\/\"> Derecho<\/a>: \u201cMe ayud\u00f3 a formarme, me cogi\u00f3 de la mano cuando ten\u00eda que hacerlo y me empuj\u00f3 cuando era necesario\u201d. Asimismo, reiter\u00f3 sus expectativas de los actuales estudiantes de su alma mater. <strong>\u201cMe encantar\u00eda que todos los a\u00f1os haya alguien de Per\u00fa en Harvard, Columbia, Oxford y Cambridge\u201d, mencion\u00f3.&nbsp;<\/strong><\/p>\n\n\n<p><iframe loading=\"lazy\" width=\"560\" height=\"315\" src=\"https:\/\/www.youtube.com\/embed\/pUF-YBeFS68\" title=\"YouTube video player\" frameborder=\"0\" allow=\"accelerometer; autoplay; clipboard-write; encrypted-media; gyroscope; picture-in-picture; web-share\" allowfullscreen=\"\"><\/iframe><\/p>\n\n\n<p><strong>Conoce la carrera de Derecho, <a href=\"https:\/\/admision.up.edu.pe\/carreras\/derecho\/\">aqu\u00ed <\/a><\/strong><\/p>\n","protected":false},"excerpt":{"rendered":"<p>Astrid Medianero, egresada de Derecho de la Universidad del Pac\u00edfico, ejerce la abogac\u00eda en Nueva York, el centro financiero de EE. UU., donde los bufetes se disputan a los clientes m\u00e1s importantes del mundo. Como asociada en Debevoise &amp; Plimpton, aplica a la pr\u00e1ctica jur\u00eddica el enfoque \u00e9tico e interdisciplinario desarrollado en su formaci\u00f3n universitaria. [&hellip;]<\/p>\n","protected":false},"author":1,"featured_media":2398,"comment_status":"closed","ping_status":"open","sticky":false,"template":"","format":"standard","meta":{"_acf_changed":false,"inline_featured_image":false,"footnotes":""},"categories":[19],"tags":[],"class_list":{"0":"post-2392","1":"post","2":"type-post","3":"status-publish","4":"format-standard","5":"has-post-thumbnail","7":"category-vive-la-pacifico"},"acf":[],"yoast_head":"<!-- This site is optimized with the Yoast SEO plugin v25.6 - https:\/\/yoast.com\/wordpress\/plugins\/seo\/ -->\n<title>Astrid Medianero, asociada en litigios en Nueva York: \u201cvemos aristas que otros abogados no\u201d - Blog Admisi\u00f3n<\/title>\n<meta name=\"robots\" content=\"index, follow, max-snippet:-1, max-image-preview:large, max-video-preview:-1\" \/>\n<link rel=\"canonical\" href=\"https:\/\/admision.up.edu.pe\/blog\/astrid-medianero-asociada-en-litigios-en-nueva-york-vemos-aristas-que-otros-abogados-no-\ufffc\/\" \/>\n<meta property=\"og:locale\" content=\"es_ES\" \/>\n<meta property=\"og:type\" content=\"article\" \/>\n<meta property=\"og:title\" content=\"Astrid Medianero, asociada en litigios en Nueva York: \u201cvemos aristas que otros abogados no\u201d - Blog Admisi\u00f3n\" \/>\n<meta property=\"og:description\" content=\"Astrid Medianero, egresada de Derecho de la Universidad del Pac\u00edfico, ejerce la abogac\u00eda en Nueva York, el centro financiero de EE. UU., donde los bufetes se disputan a los clientes m\u00e1s importantes del mundo. Como asociada en Debevoise &amp; Plimpton, aplica a la pr\u00e1ctica jur\u00eddica el enfoque \u00e9tico e interdisciplinario desarrollado en su formaci\u00f3n universitaria. [&hellip;]\" \/>\n<meta property=\"og:url\" content=\"https:\/\/admision.up.edu.pe\/blog\/astrid-medianero-asociada-en-litigios-en-nueva-york-vemos-aristas-que-otros-abogados-no-\ufffc\/\" \/>\n<meta property=\"og:site_name\" content=\"Blog Admisi\u00f3n\" \/>\n<meta property=\"article:published_time\" content=\"2023-03-21T22:22:00+00:00\" \/>\n<meta property=\"article:modified_time\" content=\"2023-03-29T16:23:34+00:00\" \/>\n<meta property=\"og:image\" content=\"https:\/\/admision.up.edu.pe\/blog\/wp-content\/uploads\/2023\/03\/Portada-Astrid.png\" \/>\n\t<meta property=\"og:image:width\" content=\"1200\" \/>\n\t<meta property=\"og:image:height\" content=\"750\" \/>\n\t<meta property=\"og:image:type\" content=\"image\/png\" \/>\n<meta name=\"author\" content=\"admin\" \/>\n<meta name=\"twitter:card\" content=\"summary_large_image\" \/>\n<meta name=\"twitter:label1\" content=\"Written by\" \/>\n\t<meta name=\"twitter:data1\" content=\"admin\" \/>\n\t<meta name=\"twitter:label2\" content=\"Est. reading time\" \/>\n\t<meta name=\"twitter:data2\" content=\"7 minutos\" \/>\n<script type=\"application\/ld+json\" class=\"yoast-schema-graph\">{\"@context\":\"https:\/\/schema.org\",\"@graph\":[{\"@type\":\"WebPage\",\"@id\":\"https:\/\/admision.up.edu.pe\/blog\/astrid-medianero-asociada-en-litigios-en-nueva-york-vemos-aristas-que-otros-abogados-no-%ef%bf%bc\/\",\"url\":\"https:\/\/admision.up.edu.pe\/blog\/astrid-medianero-asociada-en-litigios-en-nueva-york-vemos-aristas-que-otros-abogados-no-%ef%bf%bc\/\",\"name\":\"Astrid Medianero, asociada en litigios en Nueva York: \u201cvemos aristas que otros abogados no\u201d - Blog Admisi\u00f3n\",\"isPartOf\":{\"@id\":\"https:\/\/admision.up.edu.pe\/blog\/#website\"},\"primaryImageOfPage\":{\"@id\":\"https:\/\/admision.up.edu.pe\/blog\/astrid-medianero-asociada-en-litigios-en-nueva-york-vemos-aristas-que-otros-abogados-no-%ef%bf%bc\/#primaryimage\"},\"image\":{\"@id\":\"https:\/\/admision.up.edu.pe\/blog\/astrid-medianero-asociada-en-litigios-en-nueva-york-vemos-aristas-que-otros-abogados-no-%ef%bf%bc\/#primaryimage\"},\"thumbnailUrl\":\"https:\/\/admision.up.edu.pe\/blog\/wp-content\/uploads\/2023\/03\/Portada-Astrid.png\",\"datePublished\":\"2023-03-21T22:22:00+00:00\",\"dateModified\":\"2023-03-29T16:23:34+00:00\",\"author\":{\"@id\":\"https:\/\/admision.up.edu.pe\/blog\/#\/schema\/person\/7057daa0ac97d5b3c09bac42ce3d5549\"},\"inLanguage\":\"es-PE\",\"potentialAction\":[{\"@type\":\"ReadAction\",\"target\":[\"https:\/\/admision.up.edu.pe\/blog\/astrid-medianero-asociada-en-litigios-en-nueva-york-vemos-aristas-que-otros-abogados-no-%ef%bf%bc\/\"]}]},{\"@type\":\"ImageObject\",\"inLanguage\":\"es-PE\",\"@id\":\"https:\/\/admision.up.edu.pe\/blog\/astrid-medianero-asociada-en-litigios-en-nueva-york-vemos-aristas-que-otros-abogados-no-%ef%bf%bc\/#primaryimage\",\"url\":\"https:\/\/admision.up.edu.pe\/blog\/wp-content\/uploads\/2023\/03\/Portada-Astrid.png\",\"contentUrl\":\"https:\/\/admision.up.edu.pe\/blog\/wp-content\/uploads\/2023\/03\/Portada-Astrid.png\",\"width\":1200,\"height\":750},{\"@type\":\"WebSite\",\"@id\":\"https:\/\/admision.up.edu.pe\/blog\/#website\",\"url\":\"https:\/\/admision.up.edu.pe\/blog\/\",\"name\":\"Blog Admisi\u00f3n\",\"description\":\"UP\",\"potentialAction\":[{\"@type\":\"SearchAction\",\"target\":{\"@type\":\"EntryPoint\",\"urlTemplate\":\"https:\/\/admision.up.edu.pe\/blog\/?s={search_term_string}\"},\"query-input\":{\"@type\":\"PropertyValueSpecification\",\"valueRequired\":true,\"valueName\":\"search_term_string\"}}],\"inLanguage\":\"es-PE\"},{\"@type\":\"Person\",\"@id\":\"https:\/\/admision.up.edu.pe\/blog\/#\/schema\/person\/7057daa0ac97d5b3c09bac42ce3d5549\",\"name\":\"admin\",\"image\":{\"@type\":\"ImageObject\",\"inLanguage\":\"es-PE\",\"@id\":\"https:\/\/admision.up.edu.pe\/blog\/#\/schema\/person\/image\/\",\"url\":\"https:\/\/secure.gravatar.com\/avatar\/4b0a7b02ed9b77e2b9377d08d9baea60?s=96&d=mm&r=g\",\"contentUrl\":\"https:\/\/secure.gravatar.com\/avatar\/4b0a7b02ed9b77e2b9377d08d9baea60?s=96&d=mm&r=g\",\"caption\":\"admin\"},\"url\":\"https:\/\/admision.up.edu.pe\/blog\/author\/admin\/\"}]}<\/script>\n<!-- \/ Yoast SEO plugin. -->","yoast_head_json":{"title":"Astrid Medianero, asociada en litigios en Nueva York: \u201cvemos aristas que otros abogados no\u201d - Blog Admisi\u00f3n","robots":{"index":"index","follow":"follow","max-snippet":"max-snippet:-1","max-image-preview":"max-image-preview:large","max-video-preview":"max-video-preview:-1"},"canonical":"https:\/\/admision.up.edu.pe\/blog\/astrid-medianero-asociada-en-litigios-en-nueva-york-vemos-aristas-que-otros-abogados-no-\ufffc\/","og_locale":"es_ES","og_type":"article","og_title":"Astrid Medianero, asociada en litigios en Nueva York: \u201cvemos aristas que otros abogados no\u201d - Blog Admisi\u00f3n","og_description":"Astrid Medianero, egresada de Derecho de la Universidad del Pac\u00edfico, ejerce la abogac\u00eda en Nueva York, el centro financiero de EE. UU., donde los bufetes se disputan a los clientes m\u00e1s importantes del mundo. Como asociada en Debevoise &amp; Plimpton, aplica a la pr\u00e1ctica jur\u00eddica el enfoque \u00e9tico e interdisciplinario desarrollado en su formaci\u00f3n universitaria. [&hellip;]","og_url":"https:\/\/admision.up.edu.pe\/blog\/astrid-medianero-asociada-en-litigios-en-nueva-york-vemos-aristas-que-otros-abogados-no-\ufffc\/","og_site_name":"Blog Admisi\u00f3n","article_published_time":"2023-03-21T22:22:00+00:00","article_modified_time":"2023-03-29T16:23:34+00:00","og_image":[{"width":1200,"height":750,"url":"https:\/\/admision.up.edu.pe\/blog\/wp-content\/uploads\/2023\/03\/Portada-Astrid.png","type":"image\/png"}],"author":"admin","twitter_card":"summary_large_image","twitter_misc":{"Written by":"admin","Est. reading time":"7 minutos"},"schema":{"@context":"https:\/\/schema.org","@graph":[{"@type":"WebPage","@id":"https:\/\/admision.up.edu.pe\/blog\/astrid-medianero-asociada-en-litigios-en-nueva-york-vemos-aristas-que-otros-abogados-no-%ef%bf%bc\/","url":"https:\/\/admision.up.edu.pe\/blog\/astrid-medianero-asociada-en-litigios-en-nueva-york-vemos-aristas-que-otros-abogados-no-%ef%bf%bc\/","name":"Astrid Medianero, asociada en litigios en Nueva York: \u201cvemos aristas que otros abogados no\u201d - Blog Admisi\u00f3n","isPartOf":{"@id":"https:\/\/admision.up.edu.pe\/blog\/#website"},"primaryImageOfPage":{"@id":"https:\/\/admision.up.edu.pe\/blog\/astrid-medianero-asociada-en-litigios-en-nueva-york-vemos-aristas-que-otros-abogados-no-%ef%bf%bc\/#primaryimage"},"image":{"@id":"https:\/\/admision.up.edu.pe\/blog\/astrid-medianero-asociada-en-litigios-en-nueva-york-vemos-aristas-que-otros-abogados-no-%ef%bf%bc\/#primaryimage"},"thumbnailUrl":"https:\/\/admision.up.edu.pe\/blog\/wp-content\/uploads\/2023\/03\/Portada-Astrid.png","datePublished":"2023-03-21T22:22:00+00:00","dateModified":"2023-03-29T16:23:34+00:00","author":{"@id":"https:\/\/admision.up.edu.pe\/blog\/#\/schema\/person\/7057daa0ac97d5b3c09bac42ce3d5549"},"inLanguage":"es-PE","potentialAction":[{"@type":"ReadAction","target":["https:\/\/admision.up.edu.pe\/blog\/astrid-medianero-asociada-en-litigios-en-nueva-york-vemos-aristas-que-otros-abogados-no-%ef%bf%bc\/"]}]},{"@type":"ImageObject","inLanguage":"es-PE","@id":"https:\/\/admision.up.edu.pe\/blog\/astrid-medianero-asociada-en-litigios-en-nueva-york-vemos-aristas-que-otros-abogados-no-%ef%bf%bc\/#primaryimage","url":"https:\/\/admision.up.edu.pe\/blog\/wp-content\/uploads\/2023\/03\/Portada-Astrid.png","contentUrl":"https:\/\/admision.up.edu.pe\/blog\/wp-content\/uploads\/2023\/03\/Portada-Astrid.png","width":1200,"height":750},{"@type":"WebSite","@id":"https:\/\/admision.up.edu.pe\/blog\/#website","url":"https:\/\/admision.up.edu.pe\/blog\/","name":"Blog Admisi\u00f3n","description":"UP","potentialAction":[{"@type":"SearchAction","target":{"@type":"EntryPoint","urlTemplate":"https:\/\/admision.up.edu.pe\/blog\/?s={search_term_string}"},"query-input":{"@type":"PropertyValueSpecification","valueRequired":true,"valueName":"search_term_string"}}],"inLanguage":"es-PE"},{"@type":"Person","@id":"https:\/\/admision.up.edu.pe\/blog\/#\/schema\/person\/7057daa0ac97d5b3c09bac42ce3d5549","name":"admin","image":{"@type":"ImageObject","inLanguage":"es-PE","@id":"https:\/\/admision.up.edu.pe\/blog\/#\/schema\/person\/image\/","url":"https:\/\/secure.gravatar.com\/avatar\/4b0a7b02ed9b77e2b9377d08d9baea60?s=96&d=mm&r=g","contentUrl":"https:\/\/secure.gravatar.com\/avatar\/4b0a7b02ed9b77e2b9377d08d9baea60?s=96&d=mm&r=g","caption":"admin"},"url":"https:\/\/admision.up.edu.pe\/blog\/author\/admin\/"}]}},"_links":{"self":[{"href":"https:\/\/admision.up.edu.pe\/blog\/wp-json\/wp\/v2\/posts\/2392","targetHints":{"allow":["GET"]}}],"collection":[{"href":"https:\/\/admision.up.edu.pe\/blog\/wp-json\/wp\/v2\/posts"}],"about":[{"href":"https:\/\/admision.up.edu.pe\/blog\/wp-json\/wp\/v2\/types\/post"}],"author":[{"embeddable":true,"href":"https:\/\/admision.up.edu.pe\/blog\/wp-json\/wp\/v2\/users\/1"}],"replies":[{"embeddable":true,"href":"https:\/\/admision.up.edu.pe\/blog\/wp-json\/wp\/v2\/comments?post=2392"}],"version-history":[{"count":11,"href":"https:\/\/admision.up.edu.pe\/blog\/wp-json\/wp\/v2\/posts\/2392\/revisions"}],"predecessor-version":[{"id":2422,"href":"https:\/\/admision.up.edu.pe\/blog\/wp-json\/wp\/v2\/posts\/2392\/revisions\/2422"}],"wp:featuredmedia":[{"embeddable":true,"href":"https:\/\/admision.up.edu.pe\/blog\/wp-json\/wp\/v2\/media\/2398"}],"wp:attachment":[{"href":"https:\/\/admision.up.edu.pe\/blog\/wp-json\/wp\/v2\/media?parent=2392"}],"wp:term":[{"taxonomy":"category","embeddable":true,"href":"https:\/\/admision.up.edu.pe\/blog\/wp-json\/wp\/v2\/categories?post=2392"},{"taxonomy":"post_tag","embeddable":true,"href":"https:\/\/admision.up.edu.pe\/blog\/wp-json\/wp\/v2\/tags?post=2392"}],"curies":[{"name":"wp","href":"https:\/\/api.w.org\/{rel}","templated":true}]}}