{"id":1899,"date":"2021-12-23T16:59:20","date_gmt":"2021-12-23T21:59:20","guid":{"rendered":"https:\/\/admision.up.edu.pe\/blog\/?p=1899"},"modified":"2022-07-06T20:20:31","modified_gmt":"2022-07-07T01:20:31","slug":"mejora-tu-empleabilidad-estudia-en-la-pacifico","status":"publish","type":"post","link":"https:\/\/admision.up.edu.pe\/blog\/mejora-tu-empleabilidad-estudia-en-la-pacifico\/","title":{"rendered":"Mejora tu empleabilidad, estudia en la Pac\u00edfico"},"content":{"rendered":"<p><em>La empleabilidad tiene que ver con todas las caracter\u00edsticas, circunstancias, habilidades y calificaciones que influyen en la capacidad de encontrar y mantener un empleo digno.<br \/>\nPor ello, te contamos lo importante de&nbsp;<a href=\"https:\/\/admision.up.edu.pe\/?utm_source=blog&amp;utm_medium=post_blog_mejora_empleabilidad_estudia_up&amp;utm_campaign=hijos&amp;utm_id=adm2022&amp;utm_term=post_blog\">estudiar en la Universidad del Pac\u00edfico<\/a>&nbsp;para mejorar tu empleabilidad.<\/em><\/p>\n<p><img loading=\"lazy\" decoding=\"async\" class=\"aligncenter size-full wp-image-1901\" src=\"https:\/\/admision.up.edu.pe\/blog\/wp-content\/uploads\/2022\/06\/Mejora-tu-empleabilidad-estudia-en-la-Pacifico-1024x683-1.jpg\" alt=\"\" width=\"1024\" height=\"683\" srcset=\"https:\/\/admision.up.edu.pe\/blog\/wp-content\/uploads\/2022\/06\/Mejora-tu-empleabilidad-estudia-en-la-Pacifico-1024x683-1.jpg 1024w, https:\/\/admision.up.edu.pe\/blog\/wp-content\/uploads\/2022\/06\/Mejora-tu-empleabilidad-estudia-en-la-Pacifico-1024x683-1-300x200.jpg 300w, https:\/\/admision.up.edu.pe\/blog\/wp-content\/uploads\/2022\/06\/Mejora-tu-empleabilidad-estudia-en-la-Pacifico-1024x683-1-768x512.jpg 768w, https:\/\/admision.up.edu.pe\/blog\/wp-content\/uploads\/2022\/06\/Mejora-tu-empleabilidad-estudia-en-la-Pacifico-1024x683-1-696x464.jpg 696w, https:\/\/admision.up.edu.pe\/blog\/wp-content\/uploads\/2022\/06\/Mejora-tu-empleabilidad-estudia-en-la-Pacifico-1024x683-1-630x420.jpg 630w\" sizes=\"auto, (max-width: 1024px) 100vw, 1024px\" \/><\/p>\n<h2><strong>\u00bfQu\u00e9 es la empleabilidad?<\/strong><\/h2>\n<p>Seg\u00fan la Organizaci\u00f3n Internacional del Trabajo (<a href=\"https:\/\/www.oitcinterfor.org\/taxonomy\/term\/3406\">OIT<\/a>), la empleabilidad tiene que ver con las competencias y cualificaciones transferibles que refuerzan la capacidad de las personas para aprovechar las oportunidades de educaci\u00f3n y de formaci\u00f3n con el objetivo de encontrar y conservar un trabajo decente.<\/p>\n<p>Esto significa que para desarrollar la empleabilidad no basta con la formaci\u00f3n acad\u00e9mica, sino que tambi\u00e9n es importante el desarrollo de habilidades blandas (como la comunicaci\u00f3n efectiva, el trabajo en equipo, la empat\u00eda, la gesti\u00f3n del tiempo, entre otras) as\u00ed como la consolidaci\u00f3n de contactos personales y profesionales que ayuden a construir tu futuro.<\/p>\n<h2><strong>Elementos que componen la empleabilidad<\/strong><\/h2>\n<p>El<a href=\"https:\/\/www.laopiniondemurcia.es\/murcia\/2018\/06\/21\/escaparate-talentos\/932205.html\">&nbsp;<\/a><strong>tener empleabilidad significa estar abierto al mundo y actuar de manera estrat\u00e9gica<\/strong>, pues no basta con tener un t\u00edtulo universitario, hay que cultivar una red de contactos y formarse como un profesional integral.<\/p>\n<p>Adem\u00e1s, debemos observar nuestro entorno y estar al d\u00eda de las tendencias, necesidades, requerimientos y competencias que se necesitan para ejercer competentemente nuestra profesi\u00f3n. Para ser atractivos ante las empresas tenemos que pasar a la acci\u00f3n y estar capacit\u00e1ndonos constantemente en nuestro campo de acci\u00f3n laboral.<\/p>\n<h3>Nuestra formaci\u00f3n acad\u00e9mica y extracad\u00e9mica<\/h3>\n<p>La Pac\u00edfico ofrece una educaci\u00f3n pensada en formar&nbsp;<a href=\"https:\/\/www.up.edu.pe\/vida-en-el-campus\/formacion-integral\">profesionales integrales<\/a>, es por ello que la&nbsp;<a href=\"https:\/\/www.up.edu.pe\/la-universidad\/modelo-formativo\">Propuesta Formativa de la Universidad del Pac\u00edfico<\/a>&nbsp;ofrece dos tipos de experiencias: las Experiencias Formativas Acad\u00e9micas (EFA) y las Experiencias Formativas Extracad\u00e9micas (EFE), las cuales est\u00e1n dise\u00f1adas para todas las carreras que ofrece la Pac\u00edfico.<\/p>\n<p>Para las Experiencias Formativas Acad\u00e9micas (EFA) la universidad cuenta con el respaldo de profesores de excelencia acad\u00e9mica, quienes cuentan con doctorados en universidades como Harvard University, University of Oxford, Yale University y Columbia University y m\u00e1s del 80 % de nuestros docentes a tiempo completo son investigadores.<\/p>\n<p>Adem\u00e1s, nuestros alumnos estudian con mallas curriculares alineadas a lo que las universidades del extranjero exigen y a lo que las empresas demandan del mercado laboral.<\/p>\n<p><a href=\"https:\/\/admision.up.edu.pe\/carreras\/?utm_source=blog&amp;utm_medium=post_blog_mejora_empleabilidad_estudia_up&amp;utm_campaign=hijos&amp;utm_id=adm2022&amp;utm_term=post_blog\"><img loading=\"lazy\" decoding=\"async\" class=\"aligncenter size-full wp-image-1902\" src=\"https:\/\/admision.up.edu.pe\/blog\/wp-content\/uploads\/2022\/06\/Conoce-Carreras-3.gif\" alt=\"\" width=\"1024\" height=\"170\"><\/a><\/p>\n<p>Por otro lado, las&nbsp;<a href=\"https:\/\/casaup.up.edu.pe\/plan-de-experiencias-formativas-extraacademicas-plan-efe\/\">Experiencias Formativas Extracad\u00e9micas (EFE)<\/a>&nbsp;tienen como objetivo promover el desarrollo y fortalecimiento de las competencias Sello UP y las habilidades socioemocionales de los estudiantes de la Pac\u00edfico.<\/p>\n<p>Entre ellas podr\u00e1s encontrar EFE obligatorias, como las siguientes:<\/p>\n<ul>\n<li>Introducci\u00f3n a las Competencias Sello UP<\/li>\n<li>Habilidades Intrapersonales e Interpersonales, a trav\u00e9s de experiencias de Arte y Cultura, Deporte, y Desarrollo Personal<\/li>\n<li>Servicio Social Universitario \u2013 Sensibilizaci\u00f3n Social<\/li>\n<li>Liderazgo<\/li>\n<li>Innovaci\u00f3n o Investigaci\u00f3n<\/li>\n<li>Internacionalizaci\u00f3n<\/li>\n<li>Fortalecimiento de Competencias Profesionales<\/li>\n<li>Pr\u00e1cticas Preprofesionales<\/li>\n<\/ul>\n<p>As\u00ed, como EFE voluntarias, como las siguientes:<\/p>\n<ul>\n<li>Elencos y selecciones deportivas<\/li>\n<li>Brigada UP<\/li>\n<li>Organizaciones Estudiantiles (CEUP, REUP, REA).<\/li>\n<\/ul>\n<p><em>Si deseas conocer m\u00e1s sobre estos cursos puedes dar clic&nbsp;<\/em><a href=\"https:\/\/casaup.up.edu.pe\/plan-de-experiencias-formativas-extraacademicas-plan-efe\/\"><em>aqu\u00ed.<\/em><\/a><\/p>\n<p>El&nbsp;<a href=\"https:\/\/sar.up.edu.pe\/wp-content\/uploads\/Flujograma_plan_efe-2019.4.24.pdf\">Plan EFE<\/a>&nbsp;tambi\u00e9n tiene un plan curricular, muy similar a los planes que tienen cada una de nuestras carreras, con la \u00fanica diferencia de que este plan se aplica a todas las carreras, sin distinci\u00f3n.<\/p>\n<p>La uni\u00f3n de ambas experiencias formativas te ayudar\u00e1n a complementar lo que aprendas en las aulas, adem\u00e1s de que son una forma de aplicar tus conocimientos y&nbsp; construir relaciones que, usualmente, son para toda la vida.<\/p>\n<p>Muy pronto podr\u00e1s notar que no basta con un t\u00edtulo profesional para alcanzar el \u00e9xito. Ese es solo el principio.&nbsp; La formaci\u00f3n y la disciplina que desarrollar\u00e1s en la Pac\u00edfico son la base para actualizarse constantemente y as\u00ed mejorar la empleabilidad.<\/p>\n<h3>Experiencias internacionales<\/h3>\n<p><strong>Todas nuestras carreras cuentan con doble grado internacional<\/strong>, por lo que podr\u00e1s obtener 2 grados acad\u00e9micos: uno nacional y otro internacional.<\/p>\n<p>Podr\u00e1s hacer 1 o 2 semestres acad\u00e9micos en las universidades m\u00e1s prestigiosas del extranjero, gracias a nuestros&nbsp;<strong>m\u00e1s de 160 convenios internacionales<\/strong>. Del mismo modo, podr\u00e1s hacer un&nbsp;<strong><a href=\"https:\/\/ori.up.edu.pe\/programas-cortos\/electivos-en-el-extranjero\/\">curso electivo en el extranjero<\/a>,<\/strong>&nbsp;el cual es un curso de corta duraci\u00f3n en donde el profesor y el estudiante trabajan en una disciplina y pa\u00eds espec\u00edfico bas\u00e1ndose en la teor\u00eda aprendida.<\/p>\n<p>Adem\u00e1s, sin salir del pa\u00eds, podr\u00e1s llevar cursos, seminarios y conferencias con profesores provenientes de las mejores universidades del extranjero, quienes, gracias a la&nbsp;<strong>semana internacional,<\/strong>&nbsp;vendr\u00e1n a compartir sus conocimientos y experiencias contigo.<\/p>\n<h3>La experiencia laboral<\/h3>\n<p>Deber\u00e1s buscar oportunidades para poner en pr\u00e1ctica todo lo aprendido en las aulas, para lo cual te enfrentar\u00e1s a diversos procesos laborales y aqu\u00ed radica la importancia de las actividades extraacad\u00e9micas, algo que motivamos en la&nbsp;<strong>Universidad del Pac\u00edfico,<\/strong>&nbsp;pues las habilidades blandas que desarrolles con estas actividades te ayudar\u00e1n a mejorar tu perfil profesional y resaltar en los procesos de selecci\u00f3n.<\/p>\n<h3>Tu adaptaci\u00f3n a las necesidades de sector profesional<\/h3>\n<p>Debes saber que mantenerse en<strong>&nbsp;constante actualizaci\u00f3n mejorar\u00e1 tu empleabilidad<\/strong>. Hoy en d\u00eda los cambios se dan cada vez m\u00e1s r\u00e1pido y deber\u00e1s adaptarte a las nuevas tecnolog\u00edas constantemente.<\/p>\n<p>Habilidades blandas como la resiliencia, comunicaci\u00f3n asertiva, flexibilidad de pensamiento, amor por el aprendizaje constante y resiliencia se valoran much\u00edsimo entre las empresas.<\/p>\n<h3>El objetivo profesional explica qu\u00e9 buscas en el mercado laboral.<\/h3>\n<p>Debes tener clara la estrategia que desarrollar\u00e1s para conseguir m\u00e1s y mejores oportunidades de empleo. Asimismo, tambi\u00e9n debes tener claros los planes alternativos que consideres cambiar de ruta laboral en alg\u00fan momento.<\/p>\n<p>Esto tiene mucho que ver con tu \u00e1mbito de b\u00fasqueda, es decir, en qu\u00e9 localidad y\/o pa\u00eds buscar\u00e1s trabajo o si desear\u00e1s trabajar a distancia. Finalmente, debido a la pandemia se han abierto muchas oportunidades laborales en el extranjero a las que puedes aplicar desde Per\u00fa, podr\u00edas aprovechar esta movilidad de empleabilidad.<\/p>\n<h3>Tus expectativas profesionales y salariales<\/h3>\n<p>Tienes que analizar y estudiar las bandas salariales que pagan en el pa\u00eds en el que deseas laborar, para ello, deber\u00edas considerar lo siguiente: circunstancias, competencias, experiencia, responsabilidades, tama\u00f1o de la empresa y tu formaci\u00f3n. Y, como te comentamos en l\u00edneas previas, toma en cuenta tambi\u00e9n la posibilidad de postular para puestos de trabajo a distancia.<\/p>\n<h2><strong>\u00bfPor qu\u00e9 estudiar en la Pac\u00edfico mejora mi empleabilidad?<\/strong><\/h2>\n<p><strong>Los conocimientos adquiridos en la universidad te permitir\u00e1n desarrolla<\/strong>r pensamiento anal\u00edtico para innovar y emprender, as\u00ed como tambi\u00e9n&nbsp;<strong>la capacidad de pensar en estrategias para reforzar tu empleabilidad<\/strong>.<\/p>\n<p>Seg\u00fan datos que brinda el&nbsp;<a href=\"https:\/\/www.inei.gob.pe\/\">Instituto Nacional de Estad\u00edstica e Inform\u00e1tica&nbsp;<\/a>(INEI), para 2018 el 63.2 % de las personas que trabajan en puestos formales tienen estudios superiores, mientras que quienes cuentan solo con diploma de secundaria completa representan el 31 % del trabajo formal.<\/p>\n<p>Igualmente, los datos del INEI destacan que los sueldos de profesionales con estudios superiores suelen duplicarse con respecto a quienes solo contaban con educaci\u00f3n secundaria y&nbsp;<strong>la brecha aumenta seg\u00fan carreras y universidades de egreso, entre las cuales destaca la Pac\u00edfico.<\/strong><\/p>\n<p>Por ejemplo, el portal&nbsp;<a href=\"https:\/\/www.ponteencarrera.pe\/\">Ponte en Carrera<\/a>&nbsp;indica que<strong>&nbsp;las personas que se grad\u00faan de la Pac\u00edfico han estudiado&nbsp;<\/strong><a href=\"https:\/\/www.ponteencarrera.pe\/pec-portal-web\/Inicio\/como-va-el-empleo\"><strong>las carreras mejor pagadas<\/strong><\/a><strong>&nbsp;y con mejor empleabilidad<\/strong>, pues se trata de&nbsp;<a href=\"https:\/\/intelligence.weforum.org\/topics\/a1Gb0000000LJQ4EAO?tab=publications\">carreras asociadas a la innovaci\u00f3n y an\u00e1lisis de data, que ser\u00e1n las m\u00e1s valoradas en el futuro cercano<\/a>, seg\u00fan el&nbsp;<a href=\"http:\/\/weforum.org\/\">Foro Econ\u00f3mico Mundial<\/a>.<\/p>\n<p>Toma en cuenta tambi\u00e9n que, si bien un t\u00edtulo universitario mejora tu empleabilidad (y, como viste, si es de una universidad reconocida como la&nbsp;<a href=\"https:\/\/www.up.edu.pe\/\">Universidad del Pac\u00edfico<\/a>, mejor a\u00fan), el networking que desarrollar\u00e1s en estas instituciones tienen mucho peso.<\/p>\n<p><strong>En la universidad tendr\u00e1s la oportunidad de desarrollar relaciones&nbsp;<\/strong>personales y profesionales<strong>&nbsp;<\/strong>con personas y organizaciones que luego pudieran convertirse en tus mentores, socios comerciales y aliados institucionales.<\/p>\n<p>Asimismo, podr\u00e1s disfrutar de la experiencia universitaria verdaderamente global, que va m\u00e1s all\u00e1 de los convenios internacionales.<\/p>\n<p>\u200b\u200b\u200b\u200b\u200bDe hecho, en la Universidad del Pac\u00edfico hacemos \u00e9nfasis en la internacionalizaci\u00f3n, intercambios estudiantiles, pr\u00e1cticas preprofesionales en el extranjero, programas empresariales vivenciales, profesores extranjeros invitados y convenios con m\u00e1s de 100 universidades a nivel internacional.<\/p>\n<ul>\n<li>Redes acad\u00e9micas<\/li>\n<li>Programa de Integraci\u00f3n y Visitas Empresariales (<strong>PIVE<\/strong>)<\/li>\n<li>Pr\u00e1cticas en el extranjero&nbsp; a trav\u00e9s de la red&nbsp;<a href=\"https:\/\/aiesec.pe\/\">AIESEC<\/a><\/li>\n<li>Intercambios estudiantiles<\/li>\n<li>Doble grado acad\u00e9mico con la&nbsp;<a href=\"https:\/\/udlondres.com\/\">Universidad de Londres<\/a><\/li>\n<\/ul>\n<p>\u00a1Ahora lo sabes,&nbsp;<strong>mejorar tu empleabilidad est\u00e1 en tus manos y la mejor decisi\u00f3n es estudiar en la Pac\u00edfico<\/strong>! Nuestro objetivo es formar l\u00edderes que encabecen los grandes cambios que necesita la sociedad para construir una sociedad m\u00e1s sustentable, sostenible y responsable.<\/p>\n<p><strong>Nuestros programas acad\u00e9micos y extraacad\u00e9micos est\u00e1n pensados en mejorar tu empleabilidad y desarrollar profesionales integrales<\/strong>&nbsp;con conciencia, \u00e9tica y voluntad de involucramiento.<\/p>\n<p>Adem\u00e1s, gracias a nuestros&nbsp;<strong>convenios internacionales<\/strong>, te ofrecemos la posibilidad de vivir<strong>&nbsp;la experiencia de estudiar en el extranjero<\/strong>, pero sin dejar de lado el aprendizaje en el Per\u00fa.<\/p>\n<p>Te invitamos a conocer m\u00e1s razones por qu\u00e9&nbsp;<a href=\"https:\/\/admision.up.edu.pe\/por-que-la-pacifico\/?utm_source=blog&amp;utm_medium=post_blog_mejora_empleabilidad_estudia_up&amp;utm_campaign=hijos&amp;utm_id=adm2022&amp;utm_term=post_blog\">estudiar en la Pac\u00edfico<\/a>&nbsp;y as\u00ed termines de concretar tu decisi\u00f3n. \u00a1Empecemos a construir juntos un mejor futuro!<\/p>\n<p><a href=\"https:\/\/admision.up.edu.pe\/postula-aqui\/?utm_source=blog&amp;utm_medium=post_blog_mejora_empleabilidad_estudia_up&amp;utm_campaign=hijos&amp;utm_id=adm2022&amp;utm_term=post_blog\"><img loading=\"lazy\" decoding=\"async\" class=\"aligncenter size-full wp-image-1903\" src=\"https:\/\/admision.up.edu.pe\/blog\/wp-content\/uploads\/2022\/06\/Postula-2.gif\" alt=\"\" width=\"1024\" height=\"170\"><\/a><\/p>\n","protected":false},"excerpt":{"rendered":"<p>La empleabilidad tiene que ver con todas las caracter\u00edsticas, circunstancias, habilidades y calificaciones que influyen en la capacidad de encontrar y mantener un empleo digno. Por ello, te contamos lo importante de&nbsp;estudiar en la Universidad del Pac\u00edfico&nbsp;para mejorar tu empleabilidad. \u00bfQu\u00e9 es la empleabilidad? Seg\u00fan la Organizaci\u00f3n Internacional del Trabajo (OIT), la empleabilidad tiene que [&hellip;]<\/p>\n","protected":false},"author":1,"featured_media":1901,"comment_status":"closed","ping_status":"open","sticky":false,"template":"","format":"standard","meta":{"_acf_changed":false,"inline_featured_image":false,"footnotes":""},"categories":[19],"tags":[],"class_list":{"0":"post-1899","1":"post","2":"type-post","3":"status-publish","4":"format-standard","5":"has-post-thumbnail","7":"category-vive-la-pacifico"},"acf":[],"yoast_head":"<!-- This site is optimized with the Yoast SEO plugin v25.6 - https:\/\/yoast.com\/wordpress\/plugins\/seo\/ -->\n<title>Mejora tu empleabilidad, estudia en la Pac\u00edfico - Blog Admisi\u00f3n<\/title>\n<meta name=\"description\" content=\"Tu mejor opci\u00f3n es la Universidad del Pacifico, m\u00e1s del 70 % de nuestros egresados cuentan con trabajos. \u00a1Inscr\u00edbete ahora!\" \/>\n<meta name=\"robots\" content=\"index, follow, max-snippet:-1, max-image-preview:large, max-video-preview:-1\" \/>\n<link rel=\"canonical\" href=\"https:\/\/admision.up.edu.pe\/blog\/mejora-tu-empleabilidad-estudia-en-la-pacifico\/\" \/>\n<meta property=\"og:locale\" content=\"es_ES\" \/>\n<meta property=\"og:type\" content=\"article\" \/>\n<meta property=\"og:title\" content=\"Mejora tu empleabilidad, estudia en la Pac\u00edfico - Blog Admisi\u00f3n\" \/>\n<meta property=\"og:description\" content=\"Tu mejor opci\u00f3n es la Universidad del Pacifico, m\u00e1s del 70 % de nuestros egresados cuentan con trabajos. \u00a1Inscr\u00edbete ahora!\" \/>\n<meta property=\"og:url\" content=\"https:\/\/admision.up.edu.pe\/blog\/mejora-tu-empleabilidad-estudia-en-la-pacifico\/\" \/>\n<meta property=\"og:site_name\" content=\"Blog Admisi\u00f3n\" \/>\n<meta property=\"article:published_time\" content=\"2021-12-23T21:59:20+00:00\" \/>\n<meta property=\"article:modified_time\" content=\"2022-07-07T01:20:31+00:00\" \/>\n<meta property=\"og:image\" content=\"https:\/\/admision.up.edu.pe\/blog\/wp-content\/uploads\/2022\/06\/Mejora-tu-empleabilidad-estudia-en-la-Pacifico-1024x683-1.jpg\" \/>\n\t<meta property=\"og:image:width\" content=\"1024\" \/>\n\t<meta property=\"og:image:height\" content=\"683\" \/>\n\t<meta property=\"og:image:type\" content=\"image\/jpeg\" \/>\n<meta name=\"author\" content=\"admin\" \/>\n<meta name=\"twitter:card\" content=\"summary_large_image\" \/>\n<meta name=\"twitter:label1\" content=\"Written by\" \/>\n\t<meta name=\"twitter:data1\" content=\"admin\" \/>\n\t<meta name=\"twitter:label2\" content=\"Est. reading time\" \/>\n\t<meta name=\"twitter:data2\" content=\"7 minutos\" \/>\n<script type=\"application\/ld+json\" class=\"yoast-schema-graph\">{\"@context\":\"https:\/\/schema.org\",\"@graph\":[{\"@type\":\"WebPage\",\"@id\":\"https:\/\/admision.up.edu.pe\/blog\/mejora-tu-empleabilidad-estudia-en-la-pacifico\/\",\"url\":\"https:\/\/admision.up.edu.pe\/blog\/mejora-tu-empleabilidad-estudia-en-la-pacifico\/\",\"name\":\"Mejora tu empleabilidad, estudia en la Pac\u00edfico - Blog Admisi\u00f3n\",\"isPartOf\":{\"@id\":\"https:\/\/admision.up.edu.pe\/blog\/#website\"},\"primaryImageOfPage\":{\"@id\":\"https:\/\/admision.up.edu.pe\/blog\/mejora-tu-empleabilidad-estudia-en-la-pacifico\/#primaryimage\"},\"image\":{\"@id\":\"https:\/\/admision.up.edu.pe\/blog\/mejora-tu-empleabilidad-estudia-en-la-pacifico\/#primaryimage\"},\"thumbnailUrl\":\"https:\/\/admision.up.edu.pe\/blog\/wp-content\/uploads\/2022\/06\/Mejora-tu-empleabilidad-estudia-en-la-Pacifico-1024x683-1.jpg\",\"datePublished\":\"2021-12-23T21:59:20+00:00\",\"dateModified\":\"2022-07-07T01:20:31+00:00\",\"author\":{\"@id\":\"https:\/\/admision.up.edu.pe\/blog\/#\/schema\/person\/7057daa0ac97d5b3c09bac42ce3d5549\"},\"description\":\"Tu mejor opci\u00f3n es la Universidad del Pacifico, m\u00e1s del 70 % de nuestros egresados cuentan con trabajos. \u00a1Inscr\u00edbete ahora!\",\"inLanguage\":\"es-PE\",\"potentialAction\":[{\"@type\":\"ReadAction\",\"target\":[\"https:\/\/admision.up.edu.pe\/blog\/mejora-tu-empleabilidad-estudia-en-la-pacifico\/\"]}]},{\"@type\":\"ImageObject\",\"inLanguage\":\"es-PE\",\"@id\":\"https:\/\/admision.up.edu.pe\/blog\/mejora-tu-empleabilidad-estudia-en-la-pacifico\/#primaryimage\",\"url\":\"https:\/\/admision.up.edu.pe\/blog\/wp-content\/uploads\/2022\/06\/Mejora-tu-empleabilidad-estudia-en-la-Pacifico-1024x683-1.jpg\",\"contentUrl\":\"https:\/\/admision.up.edu.pe\/blog\/wp-content\/uploads\/2022\/06\/Mejora-tu-empleabilidad-estudia-en-la-Pacifico-1024x683-1.jpg\",\"width\":1024,\"height\":683},{\"@type\":\"WebSite\",\"@id\":\"https:\/\/admision.up.edu.pe\/blog\/#website\",\"url\":\"https:\/\/admision.up.edu.pe\/blog\/\",\"name\":\"Blog Admisi\u00f3n\",\"description\":\"UP\",\"potentialAction\":[{\"@type\":\"SearchAction\",\"target\":{\"@type\":\"EntryPoint\",\"urlTemplate\":\"https:\/\/admision.up.edu.pe\/blog\/?s={search_term_string}\"},\"query-input\":{\"@type\":\"PropertyValueSpecification\",\"valueRequired\":true,\"valueName\":\"search_term_string\"}}],\"inLanguage\":\"es-PE\"},{\"@type\":\"Person\",\"@id\":\"https:\/\/admision.up.edu.pe\/blog\/#\/schema\/person\/7057daa0ac97d5b3c09bac42ce3d5549\",\"name\":\"admin\",\"image\":{\"@type\":\"ImageObject\",\"inLanguage\":\"es-PE\",\"@id\":\"https:\/\/admision.up.edu.pe\/blog\/#\/schema\/person\/image\/\",\"url\":\"https:\/\/secure.gravatar.com\/avatar\/4b0a7b02ed9b77e2b9377d08d9baea60?s=96&d=mm&r=g\",\"contentUrl\":\"https:\/\/secure.gravatar.com\/avatar\/4b0a7b02ed9b77e2b9377d08d9baea60?s=96&d=mm&r=g\",\"caption\":\"admin\"},\"url\":\"https:\/\/admision.up.edu.pe\/blog\/author\/admin\/\"}]}<\/script>\n<!-- \/ Yoast SEO plugin. -->","yoast_head_json":{"title":"Mejora tu empleabilidad, estudia en la Pac\u00edfico - Blog Admisi\u00f3n","description":"Tu mejor opci\u00f3n es la Universidad del Pacifico, m\u00e1s del 70 % de nuestros egresados cuentan con trabajos. \u00a1Inscr\u00edbete ahora!","robots":{"index":"index","follow":"follow","max-snippet":"max-snippet:-1","max-image-preview":"max-image-preview:large","max-video-preview":"max-video-preview:-1"},"canonical":"https:\/\/admision.up.edu.pe\/blog\/mejora-tu-empleabilidad-estudia-en-la-pacifico\/","og_locale":"es_ES","og_type":"article","og_title":"Mejora tu empleabilidad, estudia en la Pac\u00edfico - Blog Admisi\u00f3n","og_description":"Tu mejor opci\u00f3n es la Universidad del Pacifico, m\u00e1s del 70 % de nuestros egresados cuentan con trabajos. \u00a1Inscr\u00edbete ahora!","og_url":"https:\/\/admision.up.edu.pe\/blog\/mejora-tu-empleabilidad-estudia-en-la-pacifico\/","og_site_name":"Blog Admisi\u00f3n","article_published_time":"2021-12-23T21:59:20+00:00","article_modified_time":"2022-07-07T01:20:31+00:00","og_image":[{"width":1024,"height":683,"url":"https:\/\/admision.up.edu.pe\/blog\/wp-content\/uploads\/2022\/06\/Mejora-tu-empleabilidad-estudia-en-la-Pacifico-1024x683-1.jpg","type":"image\/jpeg"}],"author":"admin","twitter_card":"summary_large_image","twitter_misc":{"Written by":"admin","Est. reading time":"7 minutos"},"schema":{"@context":"https:\/\/schema.org","@graph":[{"@type":"WebPage","@id":"https:\/\/admision.up.edu.pe\/blog\/mejora-tu-empleabilidad-estudia-en-la-pacifico\/","url":"https:\/\/admision.up.edu.pe\/blog\/mejora-tu-empleabilidad-estudia-en-la-pacifico\/","name":"Mejora tu empleabilidad, estudia en la Pac\u00edfico - Blog Admisi\u00f3n","isPartOf":{"@id":"https:\/\/admision.up.edu.pe\/blog\/#website"},"primaryImageOfPage":{"@id":"https:\/\/admision.up.edu.pe\/blog\/mejora-tu-empleabilidad-estudia-en-la-pacifico\/#primaryimage"},"image":{"@id":"https:\/\/admision.up.edu.pe\/blog\/mejora-tu-empleabilidad-estudia-en-la-pacifico\/#primaryimage"},"thumbnailUrl":"https:\/\/admision.up.edu.pe\/blog\/wp-content\/uploads\/2022\/06\/Mejora-tu-empleabilidad-estudia-en-la-Pacifico-1024x683-1.jpg","datePublished":"2021-12-23T21:59:20+00:00","dateModified":"2022-07-07T01:20:31+00:00","author":{"@id":"https:\/\/admision.up.edu.pe\/blog\/#\/schema\/person\/7057daa0ac97d5b3c09bac42ce3d5549"},"description":"Tu mejor opci\u00f3n es la Universidad del Pacifico, m\u00e1s del 70 % de nuestros egresados cuentan con trabajos. \u00a1Inscr\u00edbete ahora!","inLanguage":"es-PE","potentialAction":[{"@type":"ReadAction","target":["https:\/\/admision.up.edu.pe\/blog\/mejora-tu-empleabilidad-estudia-en-la-pacifico\/"]}]},{"@type":"ImageObject","inLanguage":"es-PE","@id":"https:\/\/admision.up.edu.pe\/blog\/mejora-tu-empleabilidad-estudia-en-la-pacifico\/#primaryimage","url":"https:\/\/admision.up.edu.pe\/blog\/wp-content\/uploads\/2022\/06\/Mejora-tu-empleabilidad-estudia-en-la-Pacifico-1024x683-1.jpg","contentUrl":"https:\/\/admision.up.edu.pe\/blog\/wp-content\/uploads\/2022\/06\/Mejora-tu-empleabilidad-estudia-en-la-Pacifico-1024x683-1.jpg","width":1024,"height":683},{"@type":"WebSite","@id":"https:\/\/admision.up.edu.pe\/blog\/#website","url":"https:\/\/admision.up.edu.pe\/blog\/","name":"Blog Admisi\u00f3n","description":"UP","potentialAction":[{"@type":"SearchAction","target":{"@type":"EntryPoint","urlTemplate":"https:\/\/admision.up.edu.pe\/blog\/?s={search_term_string}"},"query-input":{"@type":"PropertyValueSpecification","valueRequired":true,"valueName":"search_term_string"}}],"inLanguage":"es-PE"},{"@type":"Person","@id":"https:\/\/admision.up.edu.pe\/blog\/#\/schema\/person\/7057daa0ac97d5b3c09bac42ce3d5549","name":"admin","image":{"@type":"ImageObject","inLanguage":"es-PE","@id":"https:\/\/admision.up.edu.pe\/blog\/#\/schema\/person\/image\/","url":"https:\/\/secure.gravatar.com\/avatar\/4b0a7b02ed9b77e2b9377d08d9baea60?s=96&d=mm&r=g","contentUrl":"https:\/\/secure.gravatar.com\/avatar\/4b0a7b02ed9b77e2b9377d08d9baea60?s=96&d=mm&r=g","caption":"admin"},"url":"https:\/\/admision.up.edu.pe\/blog\/author\/admin\/"}]}},"_links":{"self":[{"href":"https:\/\/admision.up.edu.pe\/blog\/wp-json\/wp\/v2\/posts\/1899","targetHints":{"allow":["GET"]}}],"collection":[{"href":"https:\/\/admision.up.edu.pe\/blog\/wp-json\/wp\/v2\/posts"}],"about":[{"href":"https:\/\/admision.up.edu.pe\/blog\/wp-json\/wp\/v2\/types\/post"}],"author":[{"embeddable":true,"href":"https:\/\/admision.up.edu.pe\/blog\/wp-json\/wp\/v2\/users\/1"}],"replies":[{"embeddable":true,"href":"https:\/\/admision.up.edu.pe\/blog\/wp-json\/wp\/v2\/comments?post=1899"}],"version-history":[{"count":2,"href":"https:\/\/admision.up.edu.pe\/blog\/wp-json\/wp\/v2\/posts\/1899\/revisions"}],"predecessor-version":[{"id":2041,"href":"https:\/\/admision.up.edu.pe\/blog\/wp-json\/wp\/v2\/posts\/1899\/revisions\/2041"}],"wp:featuredmedia":[{"embeddable":true,"href":"https:\/\/admision.up.edu.pe\/blog\/wp-json\/wp\/v2\/media\/1901"}],"wp:attachment":[{"href":"https:\/\/admision.up.edu.pe\/blog\/wp-json\/wp\/v2\/media?parent=1899"}],"wp:term":[{"taxonomy":"category","embeddable":true,"href":"https:\/\/admision.up.edu.pe\/blog\/wp-json\/wp\/v2\/categories?post=1899"},{"taxonomy":"post_tag","embeddable":true,"href":"https:\/\/admision.up.edu.pe\/blog\/wp-json\/wp\/v2\/tags?post=1899"}],"curies":[{"name":"wp","href":"https:\/\/api.w.org\/{rel}","templated":true}]}}