{"id":1871,"date":"2022-05-20T15:04:00","date_gmt":"2022-05-20T20:04:00","guid":{"rendered":"https:\/\/admision.up.edu.pe\/blog\/?p=1871"},"modified":"2022-07-06T20:50:45","modified_gmt":"2022-07-07T01:50:45","slug":"a-que-se-dedican-los-egresados-de-administracion-de-la-pacifico","status":"publish","type":"post","link":"https:\/\/admision.up.edu.pe\/blog\/a-que-se-dedican-los-egresados-de-administracion-de-la-pacifico\/","title":{"rendered":"\u00bfA qu\u00e9 se dedican los egresados de Administraci\u00f3n de la Pac\u00edfico?"},"content":{"rendered":"<p><em>Los profesionales de la UP son muy requeridos en el mercado laboral peruano y extranjero. Conoce 9 casos de egresados que hoy triunfan en distintos rubros.<\/em><\/p>\n\n\n<figure class=\"wp-block-image size-full\"><img loading=\"lazy\" decoding=\"async\" width=\"696\" height=\"327\" class=\"wp-image-1872 aligncenter\" src=\"https:\/\/admision.up.edu.pe\/blog\/wp-content\/uploads\/2022\/05\/graduacion-696x327-1.jpg\" alt=\"\" srcset=\"https:\/\/admision.up.edu.pe\/blog\/wp-content\/uploads\/2022\/05\/graduacion-696x327-1.jpg 696w, https:\/\/admision.up.edu.pe\/blog\/wp-content\/uploads\/2022\/05\/graduacion-696x327-1-300x141.jpg 300w\" sizes=\"auto, (max-width: 696px) 100vw, 696px\" \/><\/figure>\n\n\n<p>Los egresados de Administraci\u00f3n de la Pac\u00edfico se caracterizan por ser profesionales globales, vers\u00e1tiles y con una visi\u00f3n estrat\u00e9gica, lo cual les permite crear valor para las empresas y sociedad. Estas particularidades diferenciales les permite conformar los equipos gerenciales m\u00e1s prestigiosos del pa\u00eds y dirigir emprendimientos disruptivos e innovadores con gran \u00e9xito.<\/p>\n<p>En la Pac\u00edfico recibieron una formaci\u00f3n exigente que los ayud\u00f3 a desarrollar una mirada integral sobre c\u00f3mo operan distintas formas de empresas y organizaciones. Esta educaci\u00f3n les permiti\u00f3 convertirse en profesionales capaces de construir una ruta para las compa\u00f1\u00edas y liderar procesos de cambio o transformaci\u00f3n organizacional. &nbsp;Por ello, son muy solicitados en el mercado laboral peruano y extranjero.<\/p>\n<p>Desde hace 60 a\u00f1os, en la Pac\u00edfico formamos l\u00edderes exitosos que triunfan en organizaciones p\u00fablicas y privadas, tradicionales o digitales de todos los tama\u00f1os y rubros econ\u00f3micos. Nuestros egresados de distintas generaciones buscan nuevas y mejores formas de hacer las cosas en beneficio de la sociedad, por lo que aportan al desarrollo del pa\u00eds.&nbsp; A continuaci\u00f3n, brindaremos 9 ejemplos de profesionales destacados de la Pac\u00edfico:<\/p>\n<h2><strong>Gianfranco Ferrari<\/strong><\/h2>\n<p>Tiene una amplia trayectoria en el Grupo Credicorp y ha ocupado diferentes posiciones estrat\u00e9gicas. Asumi\u00f3 cargos importantes como jefe de Banca Corporativa y Finanzas Corporativas; jefe de Banca Minorista y Gesti\u00f3n Patrimonial en el Banco de Cr\u00e9dito del Per\u00fa, y director general de BCP Bolivia. Tambi\u00e9n lider\u00f3 la adquisici\u00f3n de Edyficar en 2009 y Mibanco en 2014. En junio de 2021 fue designado como&nbsp;CEO de Credicorp Ltd.<\/p>\n<h2><strong>Martha Velando<\/strong><\/h2>\n<p>Cuenta con m\u00e1s de 25 a\u00f1os de carrera en rubros de lujo y Fast Moving Consumer&nbsp;Goods (FMGC). Ha trabajado en el \u00e1rea de Strategy &amp; Corporate de Victoria\u2019s Secret y cumpli\u00f3 labores como Senior Marketing Manager en Procter &amp; Gamble, Marketing Director de Yves Saint Laurent en L\u2019Or\u00e9al, y European Managing Director para la pr\u00e1ctica de Marketing Effectiveness en Nielsen. Su cargo actual es Chief Marketing Officer en De Beers Group.<\/p>\n<h2><strong>Alonso Gotuzzo<\/strong><\/h2>\n<p>Es un profesional con m\u00e1s de 17 a\u00f1os de experiencia en diferentes mercados de Latinoam\u00e9rica, Espa\u00f1a e Inglaterra, en sectores de consumo masivo, retail y venta directa. En Kimberly-Clark ha cumplido funciones como Sales Regional Supervisor, Brand Trade Activator Family Care, European Brand Manager y Category Lead Latin America. Trabaja en L\u00b4Or\u00e9al desde hace 5 a\u00f1os y ha trabajado como General Manager | Director Professional Division, General Manager \u2013 Director Consumer Products Division (CPD) Per\u00fa y su puesto actual es Country Coordinator de L\u2019Or\u00e9al Per\u00fa.<\/p>\n<h2><strong>Daniella Raffo<\/strong><\/h2>\n<p>Se caracteriza por ser profesional destacada en empresas reconocidas y tambi\u00e9n en el Estado. Ha sido cofundadora de Ense\u00f1a Per\u00fa; cofundadora y Chief Operating Officer de Linio; gerente de gesti\u00f3n educativa de Escuelas Innova, y l\u00edder de la Unidad de Innovaci\u00f3n, Oficina de Cumplimiento de Gobierno e Innovaci\u00f3n Sectorial de la Presidencia del Consejo de Ministros.&nbsp; Actualmente se desempe\u00f1a como Head of Customer Experience y COO de RappiBank Per\u00fa.<\/p>\n<h2><strong>Karen Puskovitz<\/strong><\/h2>\n<p>Es una gerente sobresaliente en el sector retail-financiero-<em>fintech<\/em>. Se ha desempe\u00f1ado como Key Account Manager \u2013 Europe &amp; Africa de Austral Group y Sales and Marketing Manager en Hoteles Estelar. Trabaj\u00f3 m\u00e1s de 5 a\u00f1os en SafetyPay, donde ocup\u00f3 distintos puestos como Commercial Head South America, Country Manager Peru y Head Of Business Development South America. Actualmente es Commercial Manager de Openpay Per\u00fa.<\/p>\n<h2><strong>Gerardo Re\u00e1tegui<\/strong><\/h2>\n<p>Egresado con experiencia en empresas reconocidas y l\u00edder de un emprendimiento transnacional. Tambi\u00e9n es profesor a tiempo parcial de Administraci\u00f3n en la Universidad del Pac\u00edfico. Ha ocupado importantes puestos, como Senior Brand Manager de Bayer HealthCare, Head Global Operations de Cabify y Head of Innovation de R\u00edmac Seguros y Reaseguros. Adem\u00e1s de su labor como docente, se desempe\u00f1a como CEO Latinoam\u00e9rica de redBus.<\/p>\n<h2><strong>Paula Runciman<\/strong><\/h2>\n<p>Ha liderado emprendimientos digitales y en el mundo corporativo se ha desempe\u00f1ado en diferentes roles enfocados en&nbsp;<em>ecommerce<\/em>, omnicanalidad y estrategia digital en empresas reconocidas. Fue cofundadora y directora de ILIARI\/Eulises SAC, Compratonica y LoTraesLoVendo. Se ha desempe\u00f1ado como subgerente de tienda virtual de Ripley, Ecommerce Manager de Niubiz y gerente de ecommerce en Cencosud Per\u00fa. Hoy es directora de Innovaci\u00f3n y Omnicanalidad en Farmacias Peruanas (InkaFarma \u2013 MiFarma).<\/p>\n<h2><strong>Daniela Tagle<\/strong><\/h2>\n<p>Despu\u00e9s de trabajar en empresas destacadas, fund\u00f3 Recicla Latam, una ONG que busca concientizar y educar a la poblaci\u00f3n peruana sobre el reciclaje de botellas de pl\u00e1stico PET. Ha trabajado como Key Account Manager en Procter &amp; Gamble y Project Manager \u2013 Graduate Consultancy Columbia Impact Investment Iniciative (Ci3) de Generation Environment, PBC.<\/p>\n<h2><strong>Daniel Re\u00e1tegui<\/strong><\/h2>\n<p>Egres\u00f3 en 2014 y ya ha realizado una carrera exitosa, as\u00ed como un emprendimiento. Es CEO y cofundador de Gin Ferver, una empresa dedicada principalmente a la venta de bot\u00e1nicos para la creaci\u00f3n de diversos Gin &amp; Tonic. Trabaja en Procter &amp; Gamble desde el 2012 y, desde entonces, ha ido ascendiendo en distintos puestos. En la actualidad, cumple la funci\u00f3n de HFS Sales Director en esta empresa de bienes de consumo.<\/p>\n<p>La trayectoria de estos 9 egresados demuestra que la Pac\u00edfico forma l\u00edderes que las organizaciones y emprendimientos requieren para responder adecuadamente a los cambios y complejidades del entorno. Una de las razones por las que ellos se desenvuelven con \u00e9xito en distintos sectores es la formaci\u00f3n multidisciplinaria que recibieron en la UP, pues les permite generar sinergias con otras \u00e1reas del conocimiento y comprender el mundo empresarial.<\/p>\n<p><img loading=\"lazy\" decoding=\"async\" class=\"aligncenter size-full wp-image-1826\" src=\"https:\/\/admision.up.edu.pe\/blog\/wp-content\/uploads\/2022\/05\/Administracion.gif\" alt=\"\" width=\"1024\" height=\"170\"><\/p>","protected":false},"excerpt":{"rendered":"<p>Los profesionales de la UP son muy requeridos en el mercado laboral peruano y extranjero. Conoce 9 casos de egresados que hoy triunfan en distintos rubros. Los egresados de Administraci\u00f3n de la Pac\u00edfico se caracterizan por ser profesionales globales, vers\u00e1tiles y con una visi\u00f3n estrat\u00e9gica, lo cual les permite crear valor para las empresas y [&hellip;]<\/p>\n","protected":false},"author":1,"featured_media":1872,"comment_status":"closed","ping_status":"open","sticky":false,"template":"","format":"standard","meta":{"_acf_changed":false,"inline_featured_image":false,"footnotes":""},"categories":[19],"tags":[],"class_list":{"0":"post-1871","1":"post","2":"type-post","3":"status-publish","4":"format-standard","5":"has-post-thumbnail","7":"category-vive-la-pacifico"},"acf":[],"yoast_head":"<!-- This site is optimized with the Yoast SEO plugin v25.6 - https:\/\/yoast.com\/wordpress\/plugins\/seo\/ -->\n<title>\u00bfA qu\u00e9 se dedican los egresados de Administraci\u00f3n de la Pac\u00edfico?<\/title>\n<meta name=\"description\" content=\"Los profesionales de la UP son muy requeridos en el mercado laboral peruano y extranjero. Conoce 9 casos de egresados que hoy triunfan.\" \/>\n<meta name=\"robots\" content=\"index, follow, max-snippet:-1, max-image-preview:large, max-video-preview:-1\" \/>\n<link rel=\"canonical\" href=\"https:\/\/admision.up.edu.pe\/blog\/a-que-se-dedican-los-egresados-de-administracion-de-la-pacifico\/\" \/>\n<meta property=\"og:locale\" content=\"es_ES\" \/>\n<meta property=\"og:type\" content=\"article\" \/>\n<meta property=\"og:title\" content=\"\u00bfA qu\u00e9 se dedican los egresados de Administraci\u00f3n de la Pac\u00edfico?\" \/>\n<meta property=\"og:description\" content=\"Los profesionales de la UP son muy requeridos en el mercado laboral peruano y extranjero. Conoce 9 casos de egresados que hoy triunfan.\" \/>\n<meta property=\"og:url\" content=\"https:\/\/admision.up.edu.pe\/blog\/a-que-se-dedican-los-egresados-de-administracion-de-la-pacifico\/\" \/>\n<meta property=\"og:site_name\" content=\"Blog Admisi\u00f3n\" \/>\n<meta property=\"article:published_time\" content=\"2022-05-20T20:04:00+00:00\" \/>\n<meta property=\"article:modified_time\" content=\"2022-07-07T01:50:45+00:00\" \/>\n<meta property=\"og:image\" content=\"https:\/\/admision.up.edu.pe\/blog\/wp-content\/uploads\/2022\/05\/graduacion-696x327-1.jpg\" \/>\n\t<meta property=\"og:image:width\" content=\"696\" \/>\n\t<meta property=\"og:image:height\" content=\"327\" \/>\n\t<meta property=\"og:image:type\" content=\"image\/jpeg\" \/>\n<meta name=\"author\" content=\"admin\" \/>\n<meta name=\"twitter:card\" content=\"summary_large_image\" \/>\n<meta name=\"twitter:label1\" content=\"Written by\" \/>\n\t<meta name=\"twitter:data1\" content=\"admin\" \/>\n\t<meta name=\"twitter:label2\" content=\"Est. reading time\" \/>\n\t<meta name=\"twitter:data2\" content=\"5 minutos\" \/>\n<script type=\"application\/ld+json\" class=\"yoast-schema-graph\">{\"@context\":\"https:\/\/schema.org\",\"@graph\":[{\"@type\":\"WebPage\",\"@id\":\"https:\/\/admision.up.edu.pe\/blog\/a-que-se-dedican-los-egresados-de-administracion-de-la-pacifico\/\",\"url\":\"https:\/\/admision.up.edu.pe\/blog\/a-que-se-dedican-los-egresados-de-administracion-de-la-pacifico\/\",\"name\":\"\u00bfA qu\u00e9 se dedican los egresados de Administraci\u00f3n de la Pac\u00edfico?\",\"isPartOf\":{\"@id\":\"https:\/\/admision.up.edu.pe\/blog\/#website\"},\"primaryImageOfPage\":{\"@id\":\"https:\/\/admision.up.edu.pe\/blog\/a-que-se-dedican-los-egresados-de-administracion-de-la-pacifico\/#primaryimage\"},\"image\":{\"@id\":\"https:\/\/admision.up.edu.pe\/blog\/a-que-se-dedican-los-egresados-de-administracion-de-la-pacifico\/#primaryimage\"},\"thumbnailUrl\":\"https:\/\/admision.up.edu.pe\/blog\/wp-content\/uploads\/2022\/05\/graduacion-696x327-1.jpg\",\"datePublished\":\"2022-05-20T20:04:00+00:00\",\"dateModified\":\"2022-07-07T01:50:45+00:00\",\"author\":{\"@id\":\"https:\/\/admision.up.edu.pe\/blog\/#\/schema\/person\/7057daa0ac97d5b3c09bac42ce3d5549\"},\"description\":\"Los profesionales de la UP son muy requeridos en el mercado laboral peruano y extranjero. Conoce 9 casos de egresados que hoy triunfan.\",\"inLanguage\":\"es-PE\",\"potentialAction\":[{\"@type\":\"ReadAction\",\"target\":[\"https:\/\/admision.up.edu.pe\/blog\/a-que-se-dedican-los-egresados-de-administracion-de-la-pacifico\/\"]}]},{\"@type\":\"ImageObject\",\"inLanguage\":\"es-PE\",\"@id\":\"https:\/\/admision.up.edu.pe\/blog\/a-que-se-dedican-los-egresados-de-administracion-de-la-pacifico\/#primaryimage\",\"url\":\"https:\/\/admision.up.edu.pe\/blog\/wp-content\/uploads\/2022\/05\/graduacion-696x327-1.jpg\",\"contentUrl\":\"https:\/\/admision.up.edu.pe\/blog\/wp-content\/uploads\/2022\/05\/graduacion-696x327-1.jpg\",\"width\":696,\"height\":327},{\"@type\":\"WebSite\",\"@id\":\"https:\/\/admision.up.edu.pe\/blog\/#website\",\"url\":\"https:\/\/admision.up.edu.pe\/blog\/\",\"name\":\"Blog Admisi\u00f3n\",\"description\":\"UP\",\"potentialAction\":[{\"@type\":\"SearchAction\",\"target\":{\"@type\":\"EntryPoint\",\"urlTemplate\":\"https:\/\/admision.up.edu.pe\/blog\/?s={search_term_string}\"},\"query-input\":{\"@type\":\"PropertyValueSpecification\",\"valueRequired\":true,\"valueName\":\"search_term_string\"}}],\"inLanguage\":\"es-PE\"},{\"@type\":\"Person\",\"@id\":\"https:\/\/admision.up.edu.pe\/blog\/#\/schema\/person\/7057daa0ac97d5b3c09bac42ce3d5549\",\"name\":\"admin\",\"image\":{\"@type\":\"ImageObject\",\"inLanguage\":\"es-PE\",\"@id\":\"https:\/\/admision.up.edu.pe\/blog\/#\/schema\/person\/image\/\",\"url\":\"https:\/\/secure.gravatar.com\/avatar\/4b0a7b02ed9b77e2b9377d08d9baea60?s=96&d=mm&r=g\",\"contentUrl\":\"https:\/\/secure.gravatar.com\/avatar\/4b0a7b02ed9b77e2b9377d08d9baea60?s=96&d=mm&r=g\",\"caption\":\"admin\"},\"url\":\"https:\/\/admision.up.edu.pe\/blog\/author\/admin\/\"}]}<\/script>\n<!-- \/ Yoast SEO plugin. -->","yoast_head_json":{"title":"\u00bfA qu\u00e9 se dedican los egresados de Administraci\u00f3n de la Pac\u00edfico?","description":"Los profesionales de la UP son muy requeridos en el mercado laboral peruano y extranjero. Conoce 9 casos de egresados que hoy triunfan.","robots":{"index":"index","follow":"follow","max-snippet":"max-snippet:-1","max-image-preview":"max-image-preview:large","max-video-preview":"max-video-preview:-1"},"canonical":"https:\/\/admision.up.edu.pe\/blog\/a-que-se-dedican-los-egresados-de-administracion-de-la-pacifico\/","og_locale":"es_ES","og_type":"article","og_title":"\u00bfA qu\u00e9 se dedican los egresados de Administraci\u00f3n de la Pac\u00edfico?","og_description":"Los profesionales de la UP son muy requeridos en el mercado laboral peruano y extranjero. Conoce 9 casos de egresados que hoy triunfan.","og_url":"https:\/\/admision.up.edu.pe\/blog\/a-que-se-dedican-los-egresados-de-administracion-de-la-pacifico\/","og_site_name":"Blog Admisi\u00f3n","article_published_time":"2022-05-20T20:04:00+00:00","article_modified_time":"2022-07-07T01:50:45+00:00","og_image":[{"width":696,"height":327,"url":"https:\/\/admision.up.edu.pe\/blog\/wp-content\/uploads\/2022\/05\/graduacion-696x327-1.jpg","type":"image\/jpeg"}],"author":"admin","twitter_card":"summary_large_image","twitter_misc":{"Written by":"admin","Est. reading time":"5 minutos"},"schema":{"@context":"https:\/\/schema.org","@graph":[{"@type":"WebPage","@id":"https:\/\/admision.up.edu.pe\/blog\/a-que-se-dedican-los-egresados-de-administracion-de-la-pacifico\/","url":"https:\/\/admision.up.edu.pe\/blog\/a-que-se-dedican-los-egresados-de-administracion-de-la-pacifico\/","name":"\u00bfA qu\u00e9 se dedican los egresados de Administraci\u00f3n de la Pac\u00edfico?","isPartOf":{"@id":"https:\/\/admision.up.edu.pe\/blog\/#website"},"primaryImageOfPage":{"@id":"https:\/\/admision.up.edu.pe\/blog\/a-que-se-dedican-los-egresados-de-administracion-de-la-pacifico\/#primaryimage"},"image":{"@id":"https:\/\/admision.up.edu.pe\/blog\/a-que-se-dedican-los-egresados-de-administracion-de-la-pacifico\/#primaryimage"},"thumbnailUrl":"https:\/\/admision.up.edu.pe\/blog\/wp-content\/uploads\/2022\/05\/graduacion-696x327-1.jpg","datePublished":"2022-05-20T20:04:00+00:00","dateModified":"2022-07-07T01:50:45+00:00","author":{"@id":"https:\/\/admision.up.edu.pe\/blog\/#\/schema\/person\/7057daa0ac97d5b3c09bac42ce3d5549"},"description":"Los profesionales de la UP son muy requeridos en el mercado laboral peruano y extranjero. Conoce 9 casos de egresados que hoy triunfan.","inLanguage":"es-PE","potentialAction":[{"@type":"ReadAction","target":["https:\/\/admision.up.edu.pe\/blog\/a-que-se-dedican-los-egresados-de-administracion-de-la-pacifico\/"]}]},{"@type":"ImageObject","inLanguage":"es-PE","@id":"https:\/\/admision.up.edu.pe\/blog\/a-que-se-dedican-los-egresados-de-administracion-de-la-pacifico\/#primaryimage","url":"https:\/\/admision.up.edu.pe\/blog\/wp-content\/uploads\/2022\/05\/graduacion-696x327-1.jpg","contentUrl":"https:\/\/admision.up.edu.pe\/blog\/wp-content\/uploads\/2022\/05\/graduacion-696x327-1.jpg","width":696,"height":327},{"@type":"WebSite","@id":"https:\/\/admision.up.edu.pe\/blog\/#website","url":"https:\/\/admision.up.edu.pe\/blog\/","name":"Blog Admisi\u00f3n","description":"UP","potentialAction":[{"@type":"SearchAction","target":{"@type":"EntryPoint","urlTemplate":"https:\/\/admision.up.edu.pe\/blog\/?s={search_term_string}"},"query-input":{"@type":"PropertyValueSpecification","valueRequired":true,"valueName":"search_term_string"}}],"inLanguage":"es-PE"},{"@type":"Person","@id":"https:\/\/admision.up.edu.pe\/blog\/#\/schema\/person\/7057daa0ac97d5b3c09bac42ce3d5549","name":"admin","image":{"@type":"ImageObject","inLanguage":"es-PE","@id":"https:\/\/admision.up.edu.pe\/blog\/#\/schema\/person\/image\/","url":"https:\/\/secure.gravatar.com\/avatar\/4b0a7b02ed9b77e2b9377d08d9baea60?s=96&d=mm&r=g","contentUrl":"https:\/\/secure.gravatar.com\/avatar\/4b0a7b02ed9b77e2b9377d08d9baea60?s=96&d=mm&r=g","caption":"admin"},"url":"https:\/\/admision.up.edu.pe\/blog\/author\/admin\/"}]}},"_links":{"self":[{"href":"https:\/\/admision.up.edu.pe\/blog\/wp-json\/wp\/v2\/posts\/1871","targetHints":{"allow":["GET"]}}],"collection":[{"href":"https:\/\/admision.up.edu.pe\/blog\/wp-json\/wp\/v2\/posts"}],"about":[{"href":"https:\/\/admision.up.edu.pe\/blog\/wp-json\/wp\/v2\/types\/post"}],"author":[{"embeddable":true,"href":"https:\/\/admision.up.edu.pe\/blog\/wp-json\/wp\/v2\/users\/1"}],"replies":[{"embeddable":true,"href":"https:\/\/admision.up.edu.pe\/blog\/wp-json\/wp\/v2\/comments?post=1871"}],"version-history":[{"count":2,"href":"https:\/\/admision.up.edu.pe\/blog\/wp-json\/wp\/v2\/posts\/1871\/revisions"}],"predecessor-version":[{"id":2044,"href":"https:\/\/admision.up.edu.pe\/blog\/wp-json\/wp\/v2\/posts\/1871\/revisions\/2044"}],"wp:featuredmedia":[{"embeddable":true,"href":"https:\/\/admision.up.edu.pe\/blog\/wp-json\/wp\/v2\/media\/1872"}],"wp:attachment":[{"href":"https:\/\/admision.up.edu.pe\/blog\/wp-json\/wp\/v2\/media?parent=1871"}],"wp:term":[{"taxonomy":"category","embeddable":true,"href":"https:\/\/admision.up.edu.pe\/blog\/wp-json\/wp\/v2\/categories?post=1871"},{"taxonomy":"post_tag","embeddable":true,"href":"https:\/\/admision.up.edu.pe\/blog\/wp-json\/wp\/v2\/tags?post=1871"}],"curies":[{"name":"wp","href":"https:\/\/api.w.org\/{rel}","templated":true}]}}