{"id":1844,"date":"2022-01-13T10:55:00","date_gmt":"2022-01-13T15:55:00","guid":{"rendered":"https:\/\/admision.up.edu.pe\/blog\/?p=1844"},"modified":"2022-10-28T13:58:47","modified_gmt":"2022-10-28T18:58:47","slug":"la-universidad-del-pacifico-reconoce-tu-talento-becas-bcp-beca-18-y-becas-up","status":"publish","type":"post","link":"https:\/\/admision.up.edu.pe\/blog\/la-universidad-del-pacifico-reconoce-tu-talento-becas-bcp-beca-18-y-becas-up\/","title":{"rendered":"La Universidad del Pac\u00edfico reconoce tu talento: Becas BCP, Beca 18 y Becas UP"},"content":{"rendered":"<p><em data-rich-text-format-boundary=\"true\">La Universidad del Pac\u00edfico quiere verte brillar. Por eso, para que puedas lograr tus metas acad\u00e9micas y profesionales, te presentamos las alianzas educativas que tenemos con Pronabec, para <\/em><strong><em>Beca 18<\/em><\/strong><em> y con el Patronato BCP para <\/em><strong><em>Becas BCP<\/em><\/strong><em>. Adem\u00e1s, conoce m\u00e1s acerca de nuestro programa de <\/em><strong><em>Becas UP<\/em><\/strong><em> y cu\u00e1les son los requisitos para ser beneficiario. No pierdas la oportunidad de formarte con los mejores profesores.<\/em><\/p>\n<p><img loading=\"lazy\" decoding=\"async\" class=\"aligncenter size-full wp-image-1845\" src=\"https:\/\/admision.up.edu.pe\/blog\/wp-content\/uploads\/2022\/05\/1-8.jpg\" alt=\"\" width=\"524\" height=\"273\" srcset=\"https:\/\/admision.up.edu.pe\/blog\/wp-content\/uploads\/2022\/05\/1-8.jpg 524w, https:\/\/admision.up.edu.pe\/blog\/wp-content\/uploads\/2022\/05\/1-8-300x156.jpg 300w\" sizes=\"auto, (max-width: 524px) 100vw, 524px\" \/><\/p>\n<p>La Universidad del Pac\u00edfico tiene el compromiso de contribuir con una educaci\u00f3n de alta calidad en el pa\u00eds, y es consciente de lo vital que resulta formar alianzas y sumar esfuerzos de la mano de diversas instituciones, tanto p\u00fablicas como privadas para formar a profesionales destacados que sean agentes de cambio de las futuras generaciones.<\/p>\n<p>La Pac\u00edfico le ofrece a sus alumnos la oportunidad de aprender en un ambiente educativo de primer nivel, con un enfoque integral, una malla curricular completa e internacional y una plana docente altamente calificada. Su experiencia como instituci\u00f3n l\u00edder le lleva a comprender la importancia de no desperdiciar el talento de los j\u00f3venes y m\u00e1s bien, tiene el claro objetivo de potenciarlo. Sin duda, la Pac\u00edfico es la mejor opci\u00f3n, dado que la universidad cuenta con las herramientas, las condiciones y las acreditaciones necesarias para lograr este prop\u00f3sito<\/p>\n<p>En ese sentido, la universidad ofrece distintos programas de becas entre las que destacan la\u00a0<strong>Beca 18\u00a0<\/strong>y<strong>\u00a0Becas BCP.\u00a0<\/strong>Adem\u00e1s de ellas, cuenta con las\u00a0<strong>Becas UP<\/strong>, que son becas propias de la casa de estudios. Entre ellas, se encuentran la\u00a0<strong>Beca Robert Maes<\/strong>, la\u00a0<strong>Beca Desaf\u00edos UP<\/strong>\u00a0y la\u00a0<strong>Beca DECAN<\/strong>. A continuaci\u00f3n te contamos un poco m\u00e1s acerca de cada una de ellas.<\/p>\n<h2><strong>Beca 18<\/strong><\/h2>\n<p>El Ministerio de Educaci\u00f3n, a trav\u00e9s del\u00a0<strong>Programa Nacional de Becas y Cr\u00e9dito Educativo (PRONABEC)<\/strong>, otorga la\u00a0<strong>Beca 18,\u00a0<\/strong>dirigida a j\u00f3venes de alto rendimiento acad\u00e9mico y bajos recursos econ\u00f3micos que hayan terminado sus estudios en un colegio p\u00fablico o privado.<\/p>\n<p>Los requisitos para acceder a esta beca son los siguientes:<\/p>\n<ol>\n<li>Haber culminado o estar cursando el \u00faltimo a\u00f1o de la secundaria.<\/li>\n<li>Alto rendimiento escolar en los 2 \u00faltimos a\u00f1os cursados de la secundaria, seg\u00fan la modalidad de beca.<\/li>\n<li>Inscribirse al Examen Nacional del Pronabec para la preselecci\u00f3n.<\/li>\n<\/ol>\n<p>Conoce los requisitos espec\u00edficos y postulaci\u00f3n en<a href=\"https:\/\/www.pronabec.gob.pe\/beca18\">\u00a0https:\/\/www.pronabec.gob.pe\/beca18<\/a><\/p>\n<p>De obtener la\u00a0<strong>Beca 18<\/strong>, obtendr\u00e1s muchos beneficios, entre los que destacan :<\/p>\n<p>\u2013 \u00a0 \u00a0 \u00a0 Derechos de admisi\u00f3n<\/p>\n<p>\u2013 \u00a0 \u00a0 \u00a0 Matr\u00edcula y pensi\u00f3n de estudios<\/p>\n<p>\u2013 \u00a0 \u00a0 \u00a0 Laptop<\/p>\n<p>\u2013 \u00a0 \u00a0 \u00a0 Grado y titulaci\u00f3n<\/p>\n<p>\u2013 \u00a0 \u00a0 \u00a0 Entre otros<\/p>\n<p><iframe loading=\"lazy\" title=\"YouTube video player\" src=\"https:\/\/www.youtube.com\/embed\/yW6uTmIJFtY\" width=\"560\" height=\"315\" frameborder=\"0\" allowfullscreen=\"allowfullscreen\"><\/iframe><\/p>\n<h2><strong>BECAS BCP<\/strong><\/h2>\n<p>Gracias al Patronato BCP contamos con\u00a0<strong>Becas BCP<\/strong>, la cual tambi\u00e9n est\u00e1 pensada para beneficiar a\u00a0 aquellos j\u00f3venes talentos de escasos recursos econ\u00f3micos que provienen de distintas instituciones educativas p\u00fablicas y privadas a nivel nacional, para que puedan acceder a una educaci\u00f3n superior de calidad.<\/p>\n<h3><strong>Becas BCP ofrece 2 tipos de becas:<\/strong><\/h3>\n<p>Por una lado, la<strong>\u00a0beca total<\/strong>, que cubre los costos acad\u00e9micos, de graduaci\u00f3n y de titulaci\u00f3n universitaria. As\u00ed como los gastos de manutenci\u00f3n, entrega de laptop y clases de ingl\u00e9s.<\/p>\n<p>Y, por otro, la<strong>\u00a0beca acad\u00e9mica<\/strong>, que cubre los costos acad\u00e9micos, de graduaci\u00f3n y de titulaci\u00f3n universitaria. Tambi\u00e9n se otorga una laptop y clases de ingl\u00e9s.<\/p>\n<p>La diferencia entre ambas opciones de becas es que la\u00a0<strong>beca acad\u00e9mica<\/strong>\u00a0no cubre los gastos de manutenci\u00f3n que s\u00ed ofrece la\u00a0<strong>beca total<\/strong>.<\/p>\n<p>Si est\u00e1s interesado en ser beneficiario de alguna de las\u00a0<strong>becas BCP<\/strong>, te presentamos<strong>\u00a0algunos de los requisitos\u00a0<\/strong>que deber\u00e1s cumplir para poder obtenerla:<\/p>\n<p>\u2013 \u00a0 Contar con nacionalidad o residencia permanente peruana.<\/p>\n<p>\u2013 \u00a0 Cursar o haber cursado el 5to de secundaria en un colegio p\u00fablico o privado en el Per\u00fa.<\/p>\n<p>\u2013 \u00a0 Poseer excelencia acad\u00e9mica acreditando tercio superior o mejor en 3ro, 4to y 5to de secundaria.<\/p>\n<p>\u2013 \u00a0 Haber terminado el colegio en los a\u00f1os 2018, 2019 y 2020.<\/p>\n<p>\u2013 \u00a0 Ingreso por una modalidad aprobada por el BCP: Admisi\u00f3n selectiva, Admisi\u00f3n por excelencia acad\u00e9mica, Admisi\u00f3n Regular (a\u00f1o anterior).<\/p>\n<p>\u2013 \u00a0 Inter\u00e9s en una de las carreras financiadas por el programa Becas BCP: Administraci\u00f3n, Contabilidad, Econom\u00eda, Finanzas, Ingenier\u00eda Empresarial, Ingenier\u00eda de la Informaci\u00f3n y Negocios Internacionales.<\/p>\n<p>Las personas interesadas deben postular siguiendo las instrucciones en su<a href=\"https:\/\/www.viabcp.com\/wcm\/connect\/fa7bf245-ce8f-4083-87df-882b0da3b1a3\/Concurso+de+Becas+Universitarias+2022-2.pdf?MOD=AJPERES&amp;CVID=nL0RlUH#:~:text=Requisitos%20generales%20de%20postulaci%C3%B3n&amp;text=Necesidad%20econ%C3%B3mica.,4to%20y%205to%20de%20secundaria.\">\u00a0p\u00e1gina web<\/a>\u00a0comprobando previamente el cumplimiento de todos los requisitos descritos en su portal.<\/p>\n<p>Adem\u00e1s de los beneficios ya mencionados, ya sea con la\u00a0<strong>beca total<\/strong>\u00a0o con la\u00a0<strong>beca acad\u00e9mica,\u00a0<\/strong>la Beca BCP brinda:<\/p>\n<p><strong>Acompa\u00f1amiento:<\/strong>\u00a0se asesora a los becarios con el fin de que logren adaptarse favorablemente a la vida universitaria, desarrollen su talento y se conviertan en egresados altamente empleables.<\/p>\n<p><img loading=\"lazy\" decoding=\"async\" class=\"aligncenter wp-image-1846 size-medium\" src=\"https:\/\/admision.up.edu.pe\/blog\/wp-content\/uploads\/2022\/05\/Hanna-Paulino-tiny-300x300.jpg\" alt=\"Hanna Paulino, alumna del 9.\u00b0 ciclo de la Universidad del Pac\u00edfico. Actualmente es becaria del programa Becas BCP.\" width=\"300\" height=\"300\" srcset=\"https:\/\/admision.up.edu.pe\/blog\/wp-content\/uploads\/2022\/05\/Hanna-Paulino-tiny-300x300.jpg 300w, https:\/\/admision.up.edu.pe\/blog\/wp-content\/uploads\/2022\/05\/Hanna-Paulino-tiny-150x150.jpg 150w, https:\/\/admision.up.edu.pe\/blog\/wp-content\/uploads\/2022\/05\/Hanna-Paulino-tiny-768x768.jpg 768w, https:\/\/admision.up.edu.pe\/blog\/wp-content\/uploads\/2022\/05\/Hanna-Paulino-tiny-696x696.jpg 696w, https:\/\/admision.up.edu.pe\/blog\/wp-content\/uploads\/2022\/05\/Hanna-Paulino-tiny-420x420.jpg 420w, https:\/\/admision.up.edu.pe\/blog\/wp-content\/uploads\/2022\/05\/Hanna-Paulino-tiny.jpg 800w\" sizes=\"auto, (max-width: 300px) 100vw, 300px\" \/><\/p>\n<p><strong>Inserci\u00f3n Laboral:<\/strong> genera oportunidades laborales para los becarios. Se coordina y comparte perfiles con una red de prestigiosas empresas con la finalidad de impulsar su desarrollo profesional.<\/p>\n<h2><strong>BECAS UP<\/strong><\/h2>\n<p>Finalmente, la\u00a0<strong>Universidad del Pac\u00edfico<\/strong>\u00a0no se conforma con ofrecer a sus postulantes las becas ya mencionadas, sino que ha dise\u00f1ado una oferta de becas con el fin de ayudar a m\u00e1s j\u00f3venes:<\/p>\n<p>\u25cf \u00a0 La<strong>\u00a0Beca Robert Maes<\/strong>\u00a0se otorga al alumno que obtiene el primer puesto de cada carrera y se aplica en el a\u00f1o lectivo siguiente a aquel en que se alcanza la referida distinci\u00f3n acad\u00e9mica. Es una beca de derechos de ense\u00f1anza que se confiere por el plazo de 1 a\u00f1o hasta 40 cr\u00e9ditos. Y aplica para todas las carreras que ofrece la UP: Administraci\u00f3n, Contabilidad, Derecho, Econom\u00eda, Finanzas, Ingenier\u00eda Empresarial, Ingenier\u00eda de la Informaci\u00f3n, Marketing, Negocios Internacionales.<\/p>\n<p>\u25cf\u00a0 La\u00a0<strong>Beca Desaf\u00edos UP<\/strong>\u00a0es una beca integral para cada uno de los miembros de los equipos ganadores de los concursos Desaf\u00edo UP (Datat\u00f3n, MKT, Inversionista Jr. y Derecho en Acci\u00f3n) que aplica a las carreras de Finanzas, Contabilidad, Derecho, Ingenier\u00eda de la Informaci\u00f3n o Marketing.<\/p>\n<p>\u25cf La\u00a0<strong>Beca DECAN<\/strong>\u00a0es una media beca de estudios sobre la escala de pensiones, dirigida a deportistas calificados de alto nivel (DECAN) reconocidos por el Instituto Peruano del Deporte y de acuerdo con los criterios establecidos en las Normas de la Universidad. Dirigida a todos los seleccionados que hayan formalizado su ingreso a la universidad. La beca se debe renovar de forma semestral y est\u00e1 sujeta a los requisitos de la universidad.<\/p>\n<p>Aprovecha tu talento y no pierdas la oportunidad de formarte con los mejores.<\/p>\n<p>\u00bfQu\u00e9 esperas para ser parte de la Pac\u00edfico?<\/p>\n<p>An\u00edmate a ser el agente de cambio que el Per\u00fa y el mundo necesitan.<\/p>\n<p>Para mayor informaci\u00f3n sobre las becas, escr\u00edbenos a:\u00a0<strong>pensiones@up.edu.pe<\/strong><\/p>\n<p><a href=\"https:\/\/admision.up.edu.pe\/carreras\/?utm_source=blog&amp;utm_medium=post_blog_clinicas_juridicas&amp;utm_campaign=hijos&amp;utm_id=adm2022&amp;utm_term=post_blog\"><img loading=\"lazy\" decoding=\"async\" class=\"aligncenter size-full wp-image-1847\" src=\"https:\/\/admision.up.edu.pe\/blog\/wp-content\/uploads\/2022\/05\/Conoce-Carreras-4.gif\" alt=\"\" width=\"1024\" height=\"170\" \/><\/a><\/p>\n<div class=\"wp-block-image\"><\/div>\n<p><script type=\"application\/ld+json\">{\n\"@context\": \"https:\/\/schema.org\/\",\n\"@type\": \"CreativeWorkSeries\",\n \"brand\": {\n\t\"@type\" : \"Brand\",\n    \t\"logo\" : \"https:\/\/admision.up.edu.pe\/wp-content\/uploads\/logo-up-60-b.svg\"\n},\n  \"url\": \"https:\/\/admision.up.edu.pe\/blog\/2022\/01\/13\/la-universidad-del-pacifico-reconoce-tu-talento-becas-bcp-beca-18-y-becas-up\/\",\n\"name\": \"La Universidad del Pac\u00edfico reconoce tu talento: Becas BCP, Beca 18 y Becas UP\",\n  \"image\": \"https:\/\/admision.up.edu.pe\/blog\/wp-content\/uploads\/2022\/05\/1-8.jpg\",\n\"aggregateRating\": {\n\"@type\": \"AggregateRating\",\n\"ratingValue\": \"5\",\n\"bestRating\": \"5\",\n\"ratingCount\": \"145\"\n}\n}<\/script><\/p>\n<p><!-- START - Generated by ClassySchema.org on Fri, 28 Oct 2022 18:58:12 GMT --><br \/>\n<script type=\"application\/ld+json\">\n{\n\t\"@context\": \"https:\/\/schema.org\",\n\t\"@type\": \"FAQPage\",\n\t\"mainEntity\": [\n\t\t{\n\t\t\t\"@type\": \"Question\",\n\t\t\t\"name\": \"Beca 18\",\n\t\t\t\"acceptedAnswer\": {\n\t\t\t\t\"@type\": \"Answer\",\n\t\t\t\t\"text\": \"<\/p>\n<p style=\\\"text-align: left;\\\"><span style=\\\"background-color: rgb(255, 255, 255); font-size: 15px; color: rgb(34, 34, 34); font-family: Montserrat;\\\">El Ministerio de Educaci\u00f3n, a trav\u00e9s del\u00a0<\/span><strong style=\\\"font-size: 15px; color: rgb(34, 34, 34); font-family: Montserrat;\\\">Programa Nacional de Becas y Cr\u00e9dito Educativo (PRONABEC)<\/strong><span style=\\\"font-size: 15px; color: rgb(34, 34, 34); font-family: Montserrat; background-color: rgb(255, 255, 255);\\\">, otorga la\u00a0<\/span><strong style=\\\"font-size: 15px; color: rgb(34, 34, 34); font-family: Montserrat;\\\">Beca 18,\u00a0<\/strong><span style=\\\"font-size: 15px; color: rgb(34, 34, 34); font-family: Montserrat; background-color: rgb(255, 255, 255);\\\">dirigida a j\u00f3venes de alto rendimiento acad\u00e9mico y bajos recursos econ\u00f3micos que hayan terminado sus estudios en un colegio p\u00fablico o privado.<\/span><\/p>\n<p style=\\\"text-align: left;\\\"><span style=\\\"background-color: rgb(255, 255, 255);\\\">Los requisitos para acceder a esta beca son los siguientes:<\/span><\/p>\n<ol>\n<li style=\\\"text-align: left;\\\"><span style=\\\"background-color: rgb(255, 255, 255); font-size: 15px; font-family: Montserrat; color: rgb(34, 34, 34);\\\">Haber culminado o estar cursando el \u00faltimo a\u00f1o de la secundaria.<\/span><\/li>\n<li style=\\\"text-align: left;\\\"><span style=\\\"background-color: rgb(255, 255, 255); font-size: 15px; font-family: Montserrat; color: rgb(34, 34, 34);\\\">Alto rendimiento escolar en los 2 \u00faltimos a\u00f1os cursados de la secundaria, seg\u00fan la modalidad de beca.<\/span><\/li>\n<li style=\\\"text-align: left;\\\"><span style=\\\"background-color: rgb(255, 255, 255); font-size: 15px; font-family: Montserrat; color: rgb(34, 34, 34);\\\">Inscribirse al Examen Nacional del Pronabec para la preselecci\u00f3n.<\/span><\/li>\n<\/ol>\n<p style=\\\"text-align: left;\\\"><span style=\\\"background-color: rgb(255, 255, 255); font-size: 15px; color: rgb(34, 34, 34); font-family: Montserrat;\\\">Conoce los requisitos espec\u00edficos y postulaci\u00f3n en<\/span><a href=\\\"https:\/\/www.pronabec.gob.pe\/beca18\\\" rel=\\\"noopener noreferrer\\\" style=\\\"font-size: 15px; color: rgb(0, 123, 255); font-family: Montserrat; background-color: transparent;\\\">\u00a0https:\/\/www.pronabec.gob.pe\/beca18<\/a><\/p>\n<p style=\\\"text-align: left;\\\"><span style=\\\"background-color: rgb(255, 255, 255); font-size: 15px; color: rgb(34, 34, 34); font-family: Montserrat;\\\">De obtener la\u00a0<\/span><strong style=\\\"font-size: 15px; color: rgb(34, 34, 34); font-family: Montserrat;\\\">Beca 18<\/strong><span style=\\\"font-size: 15px; color: rgb(34, 34, 34); font-family: Montserrat; background-color: rgb(255, 255, 255);\\\">, obtendr\u00e1s muchos beneficios, entre los que destacan :<\/span><\/p>\n<p style=\\\"text-align: left;\\\"><span style=\\\"background-color: rgb(255, 255, 255);\\\">\u2013\u00a0\u00a0\u00a0Derechos de admisi\u00f3n<\/span><\/p>\n<p style=\\\"text-align: left;\\\"><span style=\\\"background-color: rgb(255, 255, 255);\\\">\u2013\u00a0\u00a0\u00a0Matr\u00edcula y pensi\u00f3n de estudios<\/span><\/p>\n<p style=\\\"text-align: left;\\\"><span style=\\\"background-color: rgb(255, 255, 255);\\\">\u2013\u00a0\u00a0\u00a0Laptop<\/span><\/p>\n<p style=\\\"text-align: left;\\\"><span style=\\\"background-color: rgb(255, 255, 255);\\\">\u2013\u00a0\u00a0\u00a0Grado y titulaci\u00f3n<\/span><\/p>\n<p style=\\\"text-align: left;\\\"><span style=\\\"background-color: rgb(255, 255, 255);\\\">\u2013\u00a0\u00a0\u00a0Entre otros<\/span><\/p>\n<p><\/p>\n<p>\"\n\t\t\t}\n\t\t},\n\t\t{\n\t\t\t\"@type\": \"Question\",\n\t\t\t\"name\": \"BECAS BCP\",\n\t\t\t\"acceptedAnswer\": {\n\t\t\t\t\"@type\": \"Answer\",\n\t\t\t\t\"text\": \"<\/p>\n<p><span style=\\\"background-color: rgb(255, 255, 255); font-size: 15px; font-family: Montserrat; color: rgb(34, 34, 34);\\\">Gracias al Patronato BCP contamos con\u00a0<\/span><strong style=\\\"font-size: 15px; font-family: Montserrat; color: rgb(34, 34, 34);\\\">Becas BCP<\/strong><span style=\\\"font-size: 15px; font-family: Montserrat; color: rgb(34, 34, 34); background-color: rgb(255, 255, 255);\\\">, la cual tambi\u00e9n est\u00e1 pensada para beneficiar a\u00a0aquellos j\u00f3venes talentos de escasos recursos econ\u00f3micos que provienen de distintas instituciones educativas p\u00fablicas y privadas a nivel nacional, para que puedan acceder a una educaci\u00f3n superior de calidad.<\/span><\/p>\n<p>\"\n\t\t\t}\n\t\t},\n\t\t{\n\t\t\t\"@type\": \"Question\",\n\t\t\t\"name\": \"Becas BCP ofrece 2 tipos de becas:\",\n\t\t\t\"acceptedAnswer\": {\n\t\t\t\t\"@type\": \"Answer\",\n\t\t\t\t\"text\": \"<\/p>\n<p style=\\\"text-align: left;\\\"><span style=\\\"background-color: rgb(255, 255, 255); font-size: 15px; color: rgb(34, 34, 34); font-family: Montserrat;\\\">Por una lado, la<\/span><strong style=\\\"font-size: 15px; color: rgb(34, 34, 34); font-family: Montserrat;\\\">\u00a0beca total<\/strong><span style=\\\"font-size: 15px; color: rgb(34, 34, 34); font-family: Montserrat; background-color: rgb(255, 255, 255);\\\">, que cubre los costos acad\u00e9micos, de graduaci\u00f3n y de titulaci\u00f3n universitaria. As\u00ed como los gastos de manutenci\u00f3n, entrega de laptop y clases de ingl\u00e9s.<\/span><\/p>\n<p style=\\\"text-align: left;\\\"><span style=\\\"background-color: rgb(255, 255, 255);\\\">Y, por otro, la<\/span><strong style=\\\"font-size: 15px; color: rgb(34, 34, 34); font-family: Montserrat;\\\">\u00a0beca acad\u00e9mica<\/strong><span style=\\\"font-size: 15px; color: rgb(34, 34, 34); font-family: Montserrat; background-color: rgb(255, 255, 255);\\\">, que cubre los costos acad\u00e9micos, de graduaci\u00f3n y de titulaci\u00f3n universitaria. Tambi\u00e9n se otorga una laptop y clases de ingl\u00e9s.<\/span><\/p>\n<p style=\\\"text-align: left;\\\"><span style=\\\"background-color: rgb(255, 255, 255);\\\">La diferencia entre ambas opciones de becas es que la\u00a0<\/span><strong style=\\\"font-size: 15px; color: rgb(34, 34, 34); font-family: Montserrat;\\\">beca acad\u00e9mica<\/strong><span style=\\\"font-size: 15px; color: rgb(34, 34, 34); font-family: Montserrat; background-color: rgb(255, 255, 255);\\\">\u00a0no cubre los gastos de manutenci\u00f3n que s\u00ed ofrece la\u00a0<\/span><strong style=\\\"font-size: 15px; color: rgb(34, 34, 34); font-family: Montserrat;\\\">beca total<\/strong><span style=\\\"font-size: 15px; color: rgb(34, 34, 34); font-family: Montserrat; background-color: rgb(255, 255, 255);\\\">.<\/span><\/p>\n<p style=\\\"text-align: left;\\\"><span style=\\\"background-color: rgb(255, 255, 255);\\\">Si est\u00e1s interesado en ser beneficiario de alguna de las\u00a0<\/span><strong style=\\\"font-size: 15px; color: rgb(34, 34, 34); font-family: Montserrat;\\\">becas BCP<\/strong><span style=\\\"font-size: 15px; color: rgb(34, 34, 34); font-family: Montserrat; background-color: rgb(255, 255, 255);\\\">, te presentamos<\/span><strong style=\\\"font-size: 15px; color: rgb(34, 34, 34); font-family: Montserrat;\\\">\u00a0algunos de los requisitos\u00a0<\/strong><span style=\\\"font-size: 15px; color: rgb(34, 34, 34); font-family: Montserrat; background-color: rgb(255, 255, 255);\\\">que deber\u00e1s cumplir para poder obtenerla:<\/span><\/p>\n<p style=\\\"text-align: left;\\\"><span style=\\\"background-color: rgb(255, 255, 255);\\\">\u2013\u00a0Contar con nacionalidad o residencia permanente peruana.<\/span><\/p>\n<p style=\\\"text-align: left;\\\"><span style=\\\"background-color: rgb(255, 255, 255);\\\">\u2013\u00a0Cursar o haber cursado el 5to de secundaria en un colegio p\u00fablico o privado en el Per\u00fa.<\/span><\/p>\n<p style=\\\"text-align: left;\\\"><span style=\\\"background-color: rgb(255, 255, 255);\\\">\u2013\u00a0Poseer excelencia acad\u00e9mica acreditando tercio superior o mejor en 3ro, 4to y 5to de secundaria.<\/span><\/p>\n<p style=\\\"text-align: left;\\\"><span style=\\\"background-color: rgb(255, 255, 255);\\\">\u2013\u00a0Haber terminado el colegio en los a\u00f1os 2018, 2019 y 2020.<\/span><\/p>\n<p style=\\\"text-align: left;\\\"><span style=\\\"background-color: rgb(255, 255, 255);\\\">\u2013\u00a0Ingreso por una modalidad aprobada por el BCP: Admisi\u00f3n selectiva, Admisi\u00f3n por excelencia acad\u00e9mica, Admisi\u00f3n Regular (a\u00f1o anterior).<\/span><\/p>\n<p style=\\\"text-align: left;\\\"><span style=\\\"background-color: rgb(255, 255, 255);\\\">\u2013\u00a0Inter\u00e9s en una de las carreras financiadas por el programa Becas BCP: Administraci\u00f3n, Contabilidad, Econom\u00eda, Finanzas, Ingenier\u00eda Empresarial, Ingenier\u00eda de la Informaci\u00f3n y Negocios Internacionales.<\/span><\/p>\n<p style=\\\"text-align: left;\\\"><span style=\\\"background-color: rgb(255, 255, 255);\\\">Las personas interesadas deben postular siguiendo las instrucciones en su<\/span><a href=\\\"https:\/\/www.viabcp.com\/wcm\/connect\/fa7bf245-ce8f-4083-87df-882b0da3b1a3\/Concurso+de+Becas+Universitarias+2022-2.pdf?MOD=AJPERES&amp;CVID=nL0RlUH#:~:text=Requisitos%20generales%20de%20postulaci%C3%B3n&amp;text=Necesidad%20econ%C3%B3mica.,4to%20y%205to%20de%20secundaria.\\\" rel=\\\"noopener noreferrer\\\" style=\\\"background-color: transparent; font-size: 15px; font-family: Montserrat; color: rgb(0, 123, 255);\\\">\u00a0p\u00e1gina web<\/a><span style=\\\"font-size: 15px; font-family: Montserrat; color: rgb(34, 34, 34); background-color: rgb(255, 255, 255);\\\">\u00a0comprobando previamente el cumplimiento de todos los requisitos descritos en su portal.<\/span><\/p>\n<p style=\\\"text-align: left;\\\"><span style=\\\"background-color: rgb(255, 255, 255); color: rgb(34, 34, 34);\\\">Adem\u00e1s de los beneficios ya mencionados, ya sea con la\u00a0<\/span><strong style=\\\"color: rgb(34, 34, 34); font-size: 15px; font-family: Montserrat;\\\">beca total<\/strong><span style=\\\"color: rgb(34, 34, 34); font-size: 15px; font-family: Montserrat; background-color: rgb(255, 255, 255);\\\">\u00a0o con la\u00a0<\/span><strong style=\\\"color: rgb(34, 34, 34); font-size: 15px; font-family: Montserrat;\\\">beca acad\u00e9mica,\u00a0<\/strong><span style=\\\"color: rgb(34, 34, 34); font-size: 15px; font-family: Montserrat; background-color: rgb(255, 255, 255);\\\">la Beca BCP brinda:<\/span><\/p>\n<p style=\\\"text-align: left;\\\"><strong style=\\\"background-color: rgb(255, 255, 255); font-size: 15px; color: rgb(34, 34, 34); font-family: Montserrat;\\\">Acompa\u00f1amiento:<\/strong><span style=\\\"font-size: 15px; color: rgb(34, 34, 34); font-family: Montserrat;\\\">\u00a0se asesora a los becarios con el fin de que logren adaptarse favorablemente a la vida universitaria, desarrollen su talento y se conviertan en egresados altamente empleables.<\/span><\/p>\n<p><\/p>\n<p>\"\n\t\t\t}\n\t\t}\n\t]\n}\n<\/script><br \/>\n<!-- END - Generated by ClassySchema.org--><\/p>\n","protected":false},"excerpt":{"rendered":"<p>La Universidad del Pac\u00edfico quiere verte brillar. Por eso, para que puedas lograr tus metas acad\u00e9micas y profesionales, te presentamos las alianzas educativas que tenemos con Pronabec, para Beca 18 y con el Patronato BCP para Becas BCP. Adem\u00e1s, conoce m\u00e1s acerca de nuestro programa de Becas UP y cu\u00e1les son los requisitos para ser [&hellip;]<\/p>\n","protected":false},"author":1,"featured_media":1845,"comment_status":"closed","ping_status":"open","sticky":false,"template":"","format":"standard","meta":{"_acf_changed":false,"inline_featured_image":false,"footnotes":""},"categories":[38,19],"tags":[],"class_list":{"0":"post-1844","1":"post","2":"type-post","3":"status-publish","4":"format-standard","5":"has-post-thumbnail","7":"category-becas","8":"category-vive-la-pacifico"},"acf":[],"yoast_head":"<!-- This site is optimized with the Yoast SEO plugin v25.6 - https:\/\/yoast.com\/wordpress\/plugins\/seo\/ -->\n<title>La UP reconoce tu talento: Becas BCP, Beca 18 y Becas UP<\/title>\n<meta name=\"description\" content=\"Para que puedas lograr tus acad\u00e9micas te presentamos las alianzas educativas que tenemos con Pronabec y con el Patronato BCP\" \/>\n<meta name=\"robots\" content=\"index, follow, max-snippet:-1, max-image-preview:large, max-video-preview:-1\" \/>\n<link rel=\"canonical\" href=\"https:\/\/admision.up.edu.pe\/blog\/la-universidad-del-pacifico-reconoce-tu-talento-becas-bcp-beca-18-y-becas-up\/\" \/>\n<meta property=\"og:locale\" content=\"es_ES\" \/>\n<meta property=\"og:type\" content=\"article\" \/>\n<meta property=\"og:title\" content=\"La UP reconoce tu talento: Becas BCP, Beca 18 y Becas UP\" \/>\n<meta property=\"og:description\" content=\"Para que puedas lograr tus acad\u00e9micas te presentamos las alianzas educativas que tenemos con Pronabec y con el Patronato BCP\" \/>\n<meta property=\"og:url\" content=\"https:\/\/admision.up.edu.pe\/blog\/la-universidad-del-pacifico-reconoce-tu-talento-becas-bcp-beca-18-y-becas-up\/\" \/>\n<meta property=\"og:site_name\" content=\"Blog Admisi\u00f3n\" \/>\n<meta property=\"article:published_time\" content=\"2022-01-13T15:55:00+00:00\" \/>\n<meta property=\"article:modified_time\" content=\"2022-10-28T18:58:47+00:00\" \/>\n<meta property=\"og:image\" content=\"https:\/\/admision.up.edu.pe\/blog\/wp-content\/uploads\/2022\/05\/1-8.jpg\" \/>\n\t<meta property=\"og:image:width\" content=\"524\" \/>\n\t<meta property=\"og:image:height\" content=\"273\" \/>\n\t<meta property=\"og:image:type\" content=\"image\/jpeg\" \/>\n<meta name=\"author\" content=\"admin\" \/>\n<meta name=\"twitter:card\" content=\"summary_large_image\" \/>\n<meta name=\"twitter:label1\" content=\"Written by\" \/>\n\t<meta name=\"twitter:data1\" content=\"admin\" \/>\n\t<meta name=\"twitter:label2\" content=\"Est. reading time\" \/>\n\t<meta name=\"twitter:data2\" content=\"6 minutos\" \/>\n<script type=\"application\/ld+json\" class=\"yoast-schema-graph\">{\"@context\":\"https:\/\/schema.org\",\"@graph\":[{\"@type\":\"WebPage\",\"@id\":\"https:\/\/admision.up.edu.pe\/blog\/la-universidad-del-pacifico-reconoce-tu-talento-becas-bcp-beca-18-y-becas-up\/\",\"url\":\"https:\/\/admision.up.edu.pe\/blog\/la-universidad-del-pacifico-reconoce-tu-talento-becas-bcp-beca-18-y-becas-up\/\",\"name\":\"La UP reconoce tu talento: Becas BCP, Beca 18 y Becas UP\",\"isPartOf\":{\"@id\":\"https:\/\/admision.up.edu.pe\/blog\/#website\"},\"primaryImageOfPage\":{\"@id\":\"https:\/\/admision.up.edu.pe\/blog\/la-universidad-del-pacifico-reconoce-tu-talento-becas-bcp-beca-18-y-becas-up\/#primaryimage\"},\"image\":{\"@id\":\"https:\/\/admision.up.edu.pe\/blog\/la-universidad-del-pacifico-reconoce-tu-talento-becas-bcp-beca-18-y-becas-up\/#primaryimage\"},\"thumbnailUrl\":\"https:\/\/admision.up.edu.pe\/blog\/wp-content\/uploads\/2022\/05\/1-8.jpg\",\"datePublished\":\"2022-01-13T15:55:00+00:00\",\"dateModified\":\"2022-10-28T18:58:47+00:00\",\"author\":{\"@id\":\"https:\/\/admision.up.edu.pe\/blog\/#\/schema\/person\/7057daa0ac97d5b3c09bac42ce3d5549\"},\"description\":\"Para que puedas lograr tus acad\u00e9micas te presentamos las alianzas educativas que tenemos con Pronabec y con el Patronato BCP\",\"inLanguage\":\"es-PE\",\"potentialAction\":[{\"@type\":\"ReadAction\",\"target\":[\"https:\/\/admision.up.edu.pe\/blog\/la-universidad-del-pacifico-reconoce-tu-talento-becas-bcp-beca-18-y-becas-up\/\"]}]},{\"@type\":\"ImageObject\",\"inLanguage\":\"es-PE\",\"@id\":\"https:\/\/admision.up.edu.pe\/blog\/la-universidad-del-pacifico-reconoce-tu-talento-becas-bcp-beca-18-y-becas-up\/#primaryimage\",\"url\":\"https:\/\/admision.up.edu.pe\/blog\/wp-content\/uploads\/2022\/05\/1-8.jpg\",\"contentUrl\":\"https:\/\/admision.up.edu.pe\/blog\/wp-content\/uploads\/2022\/05\/1-8.jpg\",\"width\":524,\"height\":273,\"caption\":\"Beca 18\"},{\"@type\":\"WebSite\",\"@id\":\"https:\/\/admision.up.edu.pe\/blog\/#website\",\"url\":\"https:\/\/admision.up.edu.pe\/blog\/\",\"name\":\"Blog Admisi\u00f3n\",\"description\":\"UP\",\"potentialAction\":[{\"@type\":\"SearchAction\",\"target\":{\"@type\":\"EntryPoint\",\"urlTemplate\":\"https:\/\/admision.up.edu.pe\/blog\/?s={search_term_string}\"},\"query-input\":{\"@type\":\"PropertyValueSpecification\",\"valueRequired\":true,\"valueName\":\"search_term_string\"}}],\"inLanguage\":\"es-PE\"},{\"@type\":\"Person\",\"@id\":\"https:\/\/admision.up.edu.pe\/blog\/#\/schema\/person\/7057daa0ac97d5b3c09bac42ce3d5549\",\"name\":\"admin\",\"image\":{\"@type\":\"ImageObject\",\"inLanguage\":\"es-PE\",\"@id\":\"https:\/\/admision.up.edu.pe\/blog\/#\/schema\/person\/image\/\",\"url\":\"https:\/\/secure.gravatar.com\/avatar\/4b0a7b02ed9b77e2b9377d08d9baea60?s=96&d=mm&r=g\",\"contentUrl\":\"https:\/\/secure.gravatar.com\/avatar\/4b0a7b02ed9b77e2b9377d08d9baea60?s=96&d=mm&r=g\",\"caption\":\"admin\"},\"url\":\"https:\/\/admision.up.edu.pe\/blog\/author\/admin\/\"}]}<\/script>\n<!-- \/ Yoast SEO plugin. -->","yoast_head_json":{"title":"La UP reconoce tu talento: Becas BCP, Beca 18 y Becas UP","description":"Para que puedas lograr tus acad\u00e9micas te presentamos las alianzas educativas que tenemos con Pronabec y con el Patronato BCP","robots":{"index":"index","follow":"follow","max-snippet":"max-snippet:-1","max-image-preview":"max-image-preview:large","max-video-preview":"max-video-preview:-1"},"canonical":"https:\/\/admision.up.edu.pe\/blog\/la-universidad-del-pacifico-reconoce-tu-talento-becas-bcp-beca-18-y-becas-up\/","og_locale":"es_ES","og_type":"article","og_title":"La UP reconoce tu talento: Becas BCP, Beca 18 y Becas UP","og_description":"Para que puedas lograr tus acad\u00e9micas te presentamos las alianzas educativas que tenemos con Pronabec y con el Patronato BCP","og_url":"https:\/\/admision.up.edu.pe\/blog\/la-universidad-del-pacifico-reconoce-tu-talento-becas-bcp-beca-18-y-becas-up\/","og_site_name":"Blog Admisi\u00f3n","article_published_time":"2022-01-13T15:55:00+00:00","article_modified_time":"2022-10-28T18:58:47+00:00","og_image":[{"width":524,"height":273,"url":"https:\/\/admision.up.edu.pe\/blog\/wp-content\/uploads\/2022\/05\/1-8.jpg","type":"image\/jpeg"}],"author":"admin","twitter_card":"summary_large_image","twitter_misc":{"Written by":"admin","Est. reading time":"6 minutos"},"schema":{"@context":"https:\/\/schema.org","@graph":[{"@type":"WebPage","@id":"https:\/\/admision.up.edu.pe\/blog\/la-universidad-del-pacifico-reconoce-tu-talento-becas-bcp-beca-18-y-becas-up\/","url":"https:\/\/admision.up.edu.pe\/blog\/la-universidad-del-pacifico-reconoce-tu-talento-becas-bcp-beca-18-y-becas-up\/","name":"La UP reconoce tu talento: Becas BCP, Beca 18 y Becas UP","isPartOf":{"@id":"https:\/\/admision.up.edu.pe\/blog\/#website"},"primaryImageOfPage":{"@id":"https:\/\/admision.up.edu.pe\/blog\/la-universidad-del-pacifico-reconoce-tu-talento-becas-bcp-beca-18-y-becas-up\/#primaryimage"},"image":{"@id":"https:\/\/admision.up.edu.pe\/blog\/la-universidad-del-pacifico-reconoce-tu-talento-becas-bcp-beca-18-y-becas-up\/#primaryimage"},"thumbnailUrl":"https:\/\/admision.up.edu.pe\/blog\/wp-content\/uploads\/2022\/05\/1-8.jpg","datePublished":"2022-01-13T15:55:00+00:00","dateModified":"2022-10-28T18:58:47+00:00","author":{"@id":"https:\/\/admision.up.edu.pe\/blog\/#\/schema\/person\/7057daa0ac97d5b3c09bac42ce3d5549"},"description":"Para que puedas lograr tus acad\u00e9micas te presentamos las alianzas educativas que tenemos con Pronabec y con el Patronato BCP","inLanguage":"es-PE","potentialAction":[{"@type":"ReadAction","target":["https:\/\/admision.up.edu.pe\/blog\/la-universidad-del-pacifico-reconoce-tu-talento-becas-bcp-beca-18-y-becas-up\/"]}]},{"@type":"ImageObject","inLanguage":"es-PE","@id":"https:\/\/admision.up.edu.pe\/blog\/la-universidad-del-pacifico-reconoce-tu-talento-becas-bcp-beca-18-y-becas-up\/#primaryimage","url":"https:\/\/admision.up.edu.pe\/blog\/wp-content\/uploads\/2022\/05\/1-8.jpg","contentUrl":"https:\/\/admision.up.edu.pe\/blog\/wp-content\/uploads\/2022\/05\/1-8.jpg","width":524,"height":273,"caption":"Beca 18"},{"@type":"WebSite","@id":"https:\/\/admision.up.edu.pe\/blog\/#website","url":"https:\/\/admision.up.edu.pe\/blog\/","name":"Blog Admisi\u00f3n","description":"UP","potentialAction":[{"@type":"SearchAction","target":{"@type":"EntryPoint","urlTemplate":"https:\/\/admision.up.edu.pe\/blog\/?s={search_term_string}"},"query-input":{"@type":"PropertyValueSpecification","valueRequired":true,"valueName":"search_term_string"}}],"inLanguage":"es-PE"},{"@type":"Person","@id":"https:\/\/admision.up.edu.pe\/blog\/#\/schema\/person\/7057daa0ac97d5b3c09bac42ce3d5549","name":"admin","image":{"@type":"ImageObject","inLanguage":"es-PE","@id":"https:\/\/admision.up.edu.pe\/blog\/#\/schema\/person\/image\/","url":"https:\/\/secure.gravatar.com\/avatar\/4b0a7b02ed9b77e2b9377d08d9baea60?s=96&d=mm&r=g","contentUrl":"https:\/\/secure.gravatar.com\/avatar\/4b0a7b02ed9b77e2b9377d08d9baea60?s=96&d=mm&r=g","caption":"admin"},"url":"https:\/\/admision.up.edu.pe\/blog\/author\/admin\/"}]}},"_links":{"self":[{"href":"https:\/\/admision.up.edu.pe\/blog\/wp-json\/wp\/v2\/posts\/1844","targetHints":{"allow":["GET"]}}],"collection":[{"href":"https:\/\/admision.up.edu.pe\/blog\/wp-json\/wp\/v2\/posts"}],"about":[{"href":"https:\/\/admision.up.edu.pe\/blog\/wp-json\/wp\/v2\/types\/post"}],"author":[{"embeddable":true,"href":"https:\/\/admision.up.edu.pe\/blog\/wp-json\/wp\/v2\/users\/1"}],"replies":[{"embeddable":true,"href":"https:\/\/admision.up.edu.pe\/blog\/wp-json\/wp\/v2\/comments?post=1844"}],"version-history":[{"count":6,"href":"https:\/\/admision.up.edu.pe\/blog\/wp-json\/wp\/v2\/posts\/1844\/revisions"}],"predecessor-version":[{"id":2246,"href":"https:\/\/admision.up.edu.pe\/blog\/wp-json\/wp\/v2\/posts\/1844\/revisions\/2246"}],"wp:featuredmedia":[{"embeddable":true,"href":"https:\/\/admision.up.edu.pe\/blog\/wp-json\/wp\/v2\/media\/1845"}],"wp:attachment":[{"href":"https:\/\/admision.up.edu.pe\/blog\/wp-json\/wp\/v2\/media?parent=1844"}],"wp:term":[{"taxonomy":"category","embeddable":true,"href":"https:\/\/admision.up.edu.pe\/blog\/wp-json\/wp\/v2\/categories?post=1844"},{"taxonomy":"post_tag","embeddable":true,"href":"https:\/\/admision.up.edu.pe\/blog\/wp-json\/wp\/v2\/tags?post=1844"}],"curies":[{"name":"wp","href":"https:\/\/api.w.org\/{rel}","templated":true}]}}