{"id":1825,"date":"2022-04-08T15:09:14","date_gmt":"2022-04-08T20:09:14","guid":{"rendered":"https:\/\/admision.up.edu.pe\/blog\/?p=1825"},"modified":"2022-07-06T20:38:12","modified_gmt":"2022-07-07T01:38:12","slug":"sergio-cordova-administracion-de-la-pacifico-doble-grado-hec-montreal","status":"publish","type":"post","link":"https:\/\/admision.up.edu.pe\/blog\/sergio-cordova-administracion-de-la-pacifico-doble-grado-hec-montreal\/","title":{"rendered":"Sergio C\u00f3rdova, alumno de Administraci\u00f3n de la Universidad del Pac\u00edfico, participa en el programa de Doble Grado Internacional y estudia en HEC Montr\u00e9al"},"content":{"rendered":"<p><em><span style=\"font-weight: 400;\">La carrera de Administraci\u00f3n de la Universidad del Pac\u00edfico permite a sus alumnos ser parte del programa de Doble Grado Internacional, con el que pueden obtener dos grados acad\u00e9micos: uno otorgado por la Pac\u00edfico y otro por una universidad del extranjero.<\/span><\/em><\/p>\r\n<p><span style=\"font-weight: 400;\">Sergio C\u00f3rdova, alumno de Administraci\u00f3n, actualmente estudia en la escuela de negocios HEC Montr\u00e9al (Canad\u00e1), lo cual le permitir\u00e1 darle a su carrera una dimensi\u00f3n internacional, as\u00ed como\u00a0 asumir un nuevo desaf\u00edo para seguir creciendo profesionalmente.<\/span><\/p>\r\n<p><span style=\"font-weight: 400;\">Sergio eligi\u00f3 HEC Montreal debido al prestigio de la instituci\u00f3n que se ubica en el 2\u00b0 puesto en Canad\u00e1 y 13\u00b0 en el mundo para Research in Management, seg\u00fan la Academic Ranking of the World Universities (2021), cuenta con profesores reconocidos y con estudiantes que proceden de distintas regiones del mundo.\u00a0\u00a0<\/span><\/p>\r\n<p><span style=\"font-weight: 400;\">Para Sergio, superar los distintos retos de integrarse a un programa internacional de excelencia, as\u00ed como sobreponerse a las dificultades de la pandemia constituyen una experiencia muy enriquecedora. Tras llegar a Canad\u00e1, conoci\u00f3 las instalaciones de la universidad y fue consciente de todo el esfuerzo que hab\u00eda realizado para llegar a ese momento. \u00c9l estaba recogiendo los frutos de una lucha permanente por un sue\u00f1o que hab\u00eda empezado dos a\u00f1os atr\u00e1s.<\/span><\/p>\r\n<p><span style=\"font-weight: 400;\">Sobre la experiencia de estudiar con personas de diversas partes del mundo, Sergio cree que estar expuesto a un bagaje pluricultural es muy desafiante, motivador y enriquecedor, pues sus compa\u00f1eros han recibido una formaci\u00f3n cultural distinta a la suya.<\/span><\/p>\r\n<p><b>Sergio nos cuenta por qu\u00e9 estudiar el doble grado en HEC Montr\u00e9al es una buena opci\u00f3n<\/b><\/p>\r\n<p><span style=\"font-weight: 400;\">\u00abCreo que el doble grado es una oportunidad perfecta para toda persona que tenga o quiera desarrollar una visi\u00f3n global del mundo empresarial. Estudiar con personas de todas partes, as\u00ed como vivir en una ciudad tan pluricultural como Montreal te motivan a querer desarrollar una l\u00ednea de carrera internacional y ver oportunidades m\u00e1s all\u00e1 de la frontera de un pa\u00eds. Sumado a ello, el prestigio acad\u00e9mico, as\u00ed como las especializaciones que se ofrecen, definitivamente permiten a un graduado del programa contar con un alto nivel de competitividad internacional y estar preparado para los desaf\u00edos profesionales a futuro\u00bb, afirm\u00f3.<\/span><\/p>\r\n<p><span style=\"font-weight: 400;\">Por otro lado, Sergio destac\u00f3 que la formaci\u00f3n brindada durante sus tres primeros a\u00f1os en la Pac\u00edfico le permite responder a las exigencias acad\u00e9micas de la escuela de negocios de manera sobresaliente.<\/span><\/p>\r\n<p><iframe loading=\"lazy\" title=\"Sergio C\u00f3rdova, alumno de la Pac\u00edfico y del doble grado en HEC Montr\u00e9al cuenta su historia\" width=\"696\" height=\"522\" src=\"https:\/\/www.youtube.com\/embed\/62KzBi-D18A?feature=oembed\" frameborder=\"0\" allow=\"accelerometer; autoplay; clipboard-write; encrypted-media; gyroscope; picture-in-picture\" allowfullscreen><\/iframe><\/p>\r\n<p><span style=\"font-weight: 400;\">\u00abSinceramente, la exigencia de la Pac\u00edfico me ha permitido desarrollar una disciplina valiosa que fue clave al momento de comenzar a estudiar en HEC Montr\u00e9al. Del mismo modo, la base acad\u00e9mica que recib\u00ed me permiti\u00f3 contar con los conocimientos necesarios para no presentar ning\u00fan problema ante los nuevos temas vistos en HEC. Cursos como Inform\u00e1tica para los Negocios, Gerencia o Econom\u00eda General han sido muy valiosos para m\u00ed por el <\/span><i><span style=\"font-weight: 400;\">mindset<\/span><\/i><span style=\"font-weight: 400;\">, las herramientas y la capacidad anal\u00edtica que te permiten desarrollar\u00bb, detall\u00f3 Sergio.<\/span><\/p>\r\n<p>&nbsp;<\/p>\r\n\r\n<figure class=\"wp-block-image size-full\"><img loading=\"lazy\" decoding=\"async\" width=\"1024\" height=\"170\" class=\"wp-image-1826\" src=\"https:\/\/admision.up.edu.pe\/blog\/wp-content\/uploads\/2022\/05\/Administracion.gif\" alt=\"\" \/><\/figure>\r\n\r\n\r\n\r\n<p>&nbsp;<\/p>\r\n","protected":false},"excerpt":{"rendered":"<p>La carrera de Administraci\u00f3n de la Universidad del Pac\u00edfico permite a sus alumnos ser parte del programa de Doble Grado Internacional, con el que pueden obtener dos grados acad\u00e9micos: uno otorgado por la Pac\u00edfico y otro por una universidad del extranjero. Sergio C\u00f3rdova, alumno de Administraci\u00f3n, actualmente estudia en la escuela de negocios HEC Montr\u00e9al [&hellip;]<\/p>\n","protected":false},"author":1,"featured_media":1971,"comment_status":"closed","ping_status":"open","sticky":false,"template":"","format":"standard","meta":{"_acf_changed":false,"inline_featured_image":false,"footnotes":""},"categories":[18],"tags":[],"class_list":{"0":"post-1825","1":"post","2":"type-post","3":"status-publish","4":"format-standard","5":"has-post-thumbnail","7":"category-tu-carrera"},"acf":[],"yoast_head":"<!-- This site is optimized with the Yoast SEO plugin v25.6 - https:\/\/yoast.com\/wordpress\/plugins\/seo\/ -->\n<title>Sergio C\u00f3rdova, alumno de Administraci\u00f3n de la Universidad del Pac\u00edfico.<\/title>\n<meta name=\"description\" content=\"La carrera de Administraci\u00f3n de la Universidad del Pac\u00edfico permite a sus alumnos ser parte del programa de Doble Grado Internacional\" \/>\n<meta name=\"robots\" content=\"index, follow, max-snippet:-1, max-image-preview:large, max-video-preview:-1\" \/>\n<link rel=\"canonical\" href=\"https:\/\/admision.up.edu.pe\/blog\/sergio-cordova-administracion-de-la-pacifico-doble-grado-hec-montreal\/\" \/>\n<meta property=\"og:locale\" content=\"es_ES\" \/>\n<meta property=\"og:type\" content=\"article\" \/>\n<meta property=\"og:title\" content=\"Sergio C\u00f3rdova, alumno de Administraci\u00f3n de la Universidad del Pac\u00edfico.\" \/>\n<meta property=\"og:description\" content=\"La carrera de Administraci\u00f3n de la Universidad del Pac\u00edfico permite a sus alumnos ser parte del programa de Doble Grado Internacional\" \/>\n<meta property=\"og:url\" content=\"https:\/\/admision.up.edu.pe\/blog\/sergio-cordova-administracion-de-la-pacifico-doble-grado-hec-montreal\/\" \/>\n<meta property=\"og:site_name\" content=\"Blog Admisi\u00f3n\" \/>\n<meta property=\"article:published_time\" content=\"2022-04-08T20:09:14+00:00\" \/>\n<meta property=\"article:modified_time\" content=\"2022-07-07T01:38:12+00:00\" \/>\n<meta property=\"og:image\" content=\"https:\/\/admision.up.edu.pe\/blog\/wp-content\/uploads\/2022\/04\/og-hec-1024x538-1-thumb.jpg\" \/>\n\t<meta property=\"og:image:width\" content=\"524\" \/>\n\t<meta property=\"og:image:height\" content=\"273\" \/>\n\t<meta property=\"og:image:type\" content=\"image\/jpeg\" \/>\n<meta name=\"author\" content=\"admin\" \/>\n<meta name=\"twitter:card\" content=\"summary_large_image\" \/>\n<meta name=\"twitter:label1\" content=\"Written by\" \/>\n\t<meta name=\"twitter:data1\" content=\"admin\" \/>\n\t<meta name=\"twitter:label2\" content=\"Est. reading time\" \/>\n\t<meta name=\"twitter:data2\" content=\"3 minutos\" \/>\n<script type=\"application\/ld+json\" class=\"yoast-schema-graph\">{\"@context\":\"https:\/\/schema.org\",\"@graph\":[{\"@type\":\"WebPage\",\"@id\":\"https:\/\/admision.up.edu.pe\/blog\/sergio-cordova-administracion-de-la-pacifico-doble-grado-hec-montreal\/\",\"url\":\"https:\/\/admision.up.edu.pe\/blog\/sergio-cordova-administracion-de-la-pacifico-doble-grado-hec-montreal\/\",\"name\":\"Sergio C\u00f3rdova, alumno de Administraci\u00f3n de la Universidad del Pac\u00edfico.\",\"isPartOf\":{\"@id\":\"https:\/\/admision.up.edu.pe\/blog\/#website\"},\"primaryImageOfPage\":{\"@id\":\"https:\/\/admision.up.edu.pe\/blog\/sergio-cordova-administracion-de-la-pacifico-doble-grado-hec-montreal\/#primaryimage\"},\"image\":{\"@id\":\"https:\/\/admision.up.edu.pe\/blog\/sergio-cordova-administracion-de-la-pacifico-doble-grado-hec-montreal\/#primaryimage\"},\"thumbnailUrl\":\"https:\/\/admision.up.edu.pe\/blog\/wp-content\/uploads\/2022\/04\/og-hec-1024x538-1-thumb.jpg\",\"datePublished\":\"2022-04-08T20:09:14+00:00\",\"dateModified\":\"2022-07-07T01:38:12+00:00\",\"author\":{\"@id\":\"https:\/\/admision.up.edu.pe\/blog\/#\/schema\/person\/7057daa0ac97d5b3c09bac42ce3d5549\"},\"description\":\"La carrera de Administraci\u00f3n de la Universidad del Pac\u00edfico permite a sus alumnos ser parte del programa de Doble Grado Internacional\",\"inLanguage\":\"es-PE\",\"potentialAction\":[{\"@type\":\"ReadAction\",\"target\":[\"https:\/\/admision.up.edu.pe\/blog\/sergio-cordova-administracion-de-la-pacifico-doble-grado-hec-montreal\/\"]}]},{\"@type\":\"ImageObject\",\"inLanguage\":\"es-PE\",\"@id\":\"https:\/\/admision.up.edu.pe\/blog\/sergio-cordova-administracion-de-la-pacifico-doble-grado-hec-montreal\/#primaryimage\",\"url\":\"https:\/\/admision.up.edu.pe\/blog\/wp-content\/uploads\/2022\/04\/og-hec-1024x538-1-thumb.jpg\",\"contentUrl\":\"https:\/\/admision.up.edu.pe\/blog\/wp-content\/uploads\/2022\/04\/og-hec-1024x538-1-thumb.jpg\",\"width\":524,\"height\":273},{\"@type\":\"WebSite\",\"@id\":\"https:\/\/admision.up.edu.pe\/blog\/#website\",\"url\":\"https:\/\/admision.up.edu.pe\/blog\/\",\"name\":\"Blog Admisi\u00f3n\",\"description\":\"UP\",\"potentialAction\":[{\"@type\":\"SearchAction\",\"target\":{\"@type\":\"EntryPoint\",\"urlTemplate\":\"https:\/\/admision.up.edu.pe\/blog\/?s={search_term_string}\"},\"query-input\":{\"@type\":\"PropertyValueSpecification\",\"valueRequired\":true,\"valueName\":\"search_term_string\"}}],\"inLanguage\":\"es-PE\"},{\"@type\":\"Person\",\"@id\":\"https:\/\/admision.up.edu.pe\/blog\/#\/schema\/person\/7057daa0ac97d5b3c09bac42ce3d5549\",\"name\":\"admin\",\"image\":{\"@type\":\"ImageObject\",\"inLanguage\":\"es-PE\",\"@id\":\"https:\/\/admision.up.edu.pe\/blog\/#\/schema\/person\/image\/\",\"url\":\"https:\/\/secure.gravatar.com\/avatar\/4b0a7b02ed9b77e2b9377d08d9baea60?s=96&d=mm&r=g\",\"contentUrl\":\"https:\/\/secure.gravatar.com\/avatar\/4b0a7b02ed9b77e2b9377d08d9baea60?s=96&d=mm&r=g\",\"caption\":\"admin\"},\"url\":\"https:\/\/admision.up.edu.pe\/blog\/author\/admin\/\"}]}<\/script>\n<!-- \/ Yoast SEO plugin. -->","yoast_head_json":{"title":"Sergio C\u00f3rdova, alumno de Administraci\u00f3n de la Universidad del Pac\u00edfico.","description":"La carrera de Administraci\u00f3n de la Universidad del Pac\u00edfico permite a sus alumnos ser parte del programa de Doble Grado Internacional","robots":{"index":"index","follow":"follow","max-snippet":"max-snippet:-1","max-image-preview":"max-image-preview:large","max-video-preview":"max-video-preview:-1"},"canonical":"https:\/\/admision.up.edu.pe\/blog\/sergio-cordova-administracion-de-la-pacifico-doble-grado-hec-montreal\/","og_locale":"es_ES","og_type":"article","og_title":"Sergio C\u00f3rdova, alumno de Administraci\u00f3n de la Universidad del Pac\u00edfico.","og_description":"La carrera de Administraci\u00f3n de la Universidad del Pac\u00edfico permite a sus alumnos ser parte del programa de Doble Grado Internacional","og_url":"https:\/\/admision.up.edu.pe\/blog\/sergio-cordova-administracion-de-la-pacifico-doble-grado-hec-montreal\/","og_site_name":"Blog Admisi\u00f3n","article_published_time":"2022-04-08T20:09:14+00:00","article_modified_time":"2022-07-07T01:38:12+00:00","og_image":[{"width":524,"height":273,"url":"https:\/\/admision.up.edu.pe\/blog\/wp-content\/uploads\/2022\/04\/og-hec-1024x538-1-thumb.jpg","type":"image\/jpeg"}],"author":"admin","twitter_card":"summary_large_image","twitter_misc":{"Written by":"admin","Est. reading time":"3 minutos"},"schema":{"@context":"https:\/\/schema.org","@graph":[{"@type":"WebPage","@id":"https:\/\/admision.up.edu.pe\/blog\/sergio-cordova-administracion-de-la-pacifico-doble-grado-hec-montreal\/","url":"https:\/\/admision.up.edu.pe\/blog\/sergio-cordova-administracion-de-la-pacifico-doble-grado-hec-montreal\/","name":"Sergio C\u00f3rdova, alumno de Administraci\u00f3n de la Universidad del Pac\u00edfico.","isPartOf":{"@id":"https:\/\/admision.up.edu.pe\/blog\/#website"},"primaryImageOfPage":{"@id":"https:\/\/admision.up.edu.pe\/blog\/sergio-cordova-administracion-de-la-pacifico-doble-grado-hec-montreal\/#primaryimage"},"image":{"@id":"https:\/\/admision.up.edu.pe\/blog\/sergio-cordova-administracion-de-la-pacifico-doble-grado-hec-montreal\/#primaryimage"},"thumbnailUrl":"https:\/\/admision.up.edu.pe\/blog\/wp-content\/uploads\/2022\/04\/og-hec-1024x538-1-thumb.jpg","datePublished":"2022-04-08T20:09:14+00:00","dateModified":"2022-07-07T01:38:12+00:00","author":{"@id":"https:\/\/admision.up.edu.pe\/blog\/#\/schema\/person\/7057daa0ac97d5b3c09bac42ce3d5549"},"description":"La carrera de Administraci\u00f3n de la Universidad del Pac\u00edfico permite a sus alumnos ser parte del programa de Doble Grado Internacional","inLanguage":"es-PE","potentialAction":[{"@type":"ReadAction","target":["https:\/\/admision.up.edu.pe\/blog\/sergio-cordova-administracion-de-la-pacifico-doble-grado-hec-montreal\/"]}]},{"@type":"ImageObject","inLanguage":"es-PE","@id":"https:\/\/admision.up.edu.pe\/blog\/sergio-cordova-administracion-de-la-pacifico-doble-grado-hec-montreal\/#primaryimage","url":"https:\/\/admision.up.edu.pe\/blog\/wp-content\/uploads\/2022\/04\/og-hec-1024x538-1-thumb.jpg","contentUrl":"https:\/\/admision.up.edu.pe\/blog\/wp-content\/uploads\/2022\/04\/og-hec-1024x538-1-thumb.jpg","width":524,"height":273},{"@type":"WebSite","@id":"https:\/\/admision.up.edu.pe\/blog\/#website","url":"https:\/\/admision.up.edu.pe\/blog\/","name":"Blog Admisi\u00f3n","description":"UP","potentialAction":[{"@type":"SearchAction","target":{"@type":"EntryPoint","urlTemplate":"https:\/\/admision.up.edu.pe\/blog\/?s={search_term_string}"},"query-input":{"@type":"PropertyValueSpecification","valueRequired":true,"valueName":"search_term_string"}}],"inLanguage":"es-PE"},{"@type":"Person","@id":"https:\/\/admision.up.edu.pe\/blog\/#\/schema\/person\/7057daa0ac97d5b3c09bac42ce3d5549","name":"admin","image":{"@type":"ImageObject","inLanguage":"es-PE","@id":"https:\/\/admision.up.edu.pe\/blog\/#\/schema\/person\/image\/","url":"https:\/\/secure.gravatar.com\/avatar\/4b0a7b02ed9b77e2b9377d08d9baea60?s=96&d=mm&r=g","contentUrl":"https:\/\/secure.gravatar.com\/avatar\/4b0a7b02ed9b77e2b9377d08d9baea60?s=96&d=mm&r=g","caption":"admin"},"url":"https:\/\/admision.up.edu.pe\/blog\/author\/admin\/"}]}},"_links":{"self":[{"href":"https:\/\/admision.up.edu.pe\/blog\/wp-json\/wp\/v2\/posts\/1825","targetHints":{"allow":["GET"]}}],"collection":[{"href":"https:\/\/admision.up.edu.pe\/blog\/wp-json\/wp\/v2\/posts"}],"about":[{"href":"https:\/\/admision.up.edu.pe\/blog\/wp-json\/wp\/v2\/types\/post"}],"author":[{"embeddable":true,"href":"https:\/\/admision.up.edu.pe\/blog\/wp-json\/wp\/v2\/users\/1"}],"replies":[{"embeddable":true,"href":"https:\/\/admision.up.edu.pe\/blog\/wp-json\/wp\/v2\/comments?post=1825"}],"version-history":[{"count":2,"href":"https:\/\/admision.up.edu.pe\/blog\/wp-json\/wp\/v2\/posts\/1825\/revisions"}],"predecessor-version":[{"id":1972,"href":"https:\/\/admision.up.edu.pe\/blog\/wp-json\/wp\/v2\/posts\/1825\/revisions\/1972"}],"wp:featuredmedia":[{"embeddable":true,"href":"https:\/\/admision.up.edu.pe\/blog\/wp-json\/wp\/v2\/media\/1971"}],"wp:attachment":[{"href":"https:\/\/admision.up.edu.pe\/blog\/wp-json\/wp\/v2\/media?parent=1825"}],"wp:term":[{"taxonomy":"category","embeddable":true,"href":"https:\/\/admision.up.edu.pe\/blog\/wp-json\/wp\/v2\/categories?post=1825"},{"taxonomy":"post_tag","embeddable":true,"href":"https:\/\/admision.up.edu.pe\/blog\/wp-json\/wp\/v2\/tags?post=1825"}],"curies":[{"name":"wp","href":"https:\/\/api.w.org\/{rel}","templated":true}]}}