{"id":1753,"date":"2022-01-18T15:58:00","date_gmt":"2022-01-18T20:58:00","guid":{"rendered":"https:\/\/admision.up.edu.pe\/blog\/?p=1753"},"modified":"2022-06-09T18:25:19","modified_gmt":"2022-06-09T23:25:19","slug":"por-que-estudiar-administracion-en-la-pacifico","status":"publish","type":"post","link":"https:\/\/admision.up.edu.pe\/blog\/por-que-estudiar-administracion-en-la-pacifico\/","title":{"rendered":"\u00bfPor qu\u00e9 estudiar Administraci\u00f3n en la Pac\u00edfico?"},"content":{"rendered":"<p class=\"has-text-color has-very-dark-gray-color dropcapp\" style=\"font-size: 16px;\"><em>Sabemos que te encuentras en un momento importante que te llevar\u00e1 a tomar la decisi\u00f3n de qu\u00e9 carrera y en d\u00f3nde estudiar. A continuaci\u00f3n, te presentamos algunos puntos claves de por qu\u00e9 estudiar Administraci\u00f3n en la Universidad del Pac\u00edfico.<\/em><\/p>\n<!-- \/wp:paragraph -->\n\n<!-- wp:paragraph -->\n\nEstudiar Administraci\u00f3n en la Pac\u00edfico te llevar\u00e1 a liderar el tipo de organizaciones que reclama el futuro. Nuestra formaci\u00f3n integral y multidisciplinaria te dar\u00e1 las herramientas para emprender proyectos con \u00e9xito, o para conducir empresas en el Per\u00fa o el extranjero con una visi\u00f3n socialmente responsable.\n\n<!-- \/wp:paragraph -->\n\n<!-- wp:heading {\"customTextColor\":\"#159a34\"} -->\n<h2 class=\"has-text-color\" style=\"color: #159a34;\"><strong>Doble grado con la University of London \u2013 London School of Economics &amp; Political Science (LSE)<\/strong><\/h2>\n<!-- \/wp:heading -->\n\n<!-- wp:paragraph -->\n\nGracias a un convenio con la University of London bajo la direcci\u00f3n acad\u00e9mica de London School of Economics &amp; Political Science (LSE) podr\u00e1s obtener el grado de Bachelor Of Science in Business &amp; Management, con valor en el Per\u00fa y el extranjero. Los cursos se ense\u00f1an en ingl\u00e9s de manera presencial en la Universidad Pac\u00edfico.\n\n<!-- \/wp:paragraph -->\n\n<!-- wp:heading {\"customTextColor\":\"#159a34\"} -->\n<h2 class=\"has-text-color\" style=\"color: #159a34;\"><strong>Doble grado con la Universidad HEC Montr\u00e9al<\/strong><\/h2>\n<!-- \/wp:heading -->\n\n<!-- wp:paragraph {\"textColor\":\"very-dark-gray\"} -->\n<p class=\"has-text-color has-very-dark-gray-color\">Podr\u00e1s egresar con dos grados acad\u00e9micos: <strong>Bachiller en Administraci\u00f3n por la Universidad del Pac\u00edfico y\u200b\u200b Bachelor of Business Administration por HEC Montr\u00e9al<\/strong>.\u200b\u200b As\u00ed, le dar\u00e1s a tu carrera una dimensi\u00f3n internacional, fortalecer\u00e1s tus competencias internacionales y te permitir\u00e1 generar una red de contactos importante, porque estudiar\u00e1s tambi\u00e9n de manera presencial en esta universidad canadiense.<\/p>\n<!-- \/wp:paragraph -->\n\n<!-- wp:heading {\"customTextColor\":\"#159a34\"} -->\n<h2 class=\"has-text-color\" style=\"color: #159a34;\"><strong>Nuestros egresados son los principales CEO del pa\u00eds<\/strong><!-- wp:paragraph --><\/h2>\n<!-- \/wp:heading -->\n\n\u00a1Se\u00f1al clara de nuestra excelencia formativa!\n\n<img loading=\"lazy\" decoding=\"async\" class=\"aligncenter wp-image-1759 size-full\" src=\"https:\/\/admision.up.edu.pe\/blog\/wp-content\/uploads\/2022\/05\/Luis-Felipe-Castellanos-tiny.jpg\" alt=\"\" width=\"1024\" height=\"682\" srcset=\"https:\/\/admision.up.edu.pe\/blog\/wp-content\/uploads\/2022\/05\/Luis-Felipe-Castellanos-tiny.jpg 1024w, https:\/\/admision.up.edu.pe\/blog\/wp-content\/uploads\/2022\/05\/Luis-Felipe-Castellanos-tiny-300x200.jpg 300w, https:\/\/admision.up.edu.pe\/blog\/wp-content\/uploads\/2022\/05\/Luis-Felipe-Castellanos-tiny-768x512.jpg 768w, https:\/\/admision.up.edu.pe\/blog\/wp-content\/uploads\/2022\/05\/Luis-Felipe-Castellanos-tiny-696x464.jpg 696w, https:\/\/admision.up.edu.pe\/blog\/wp-content\/uploads\/2022\/05\/Luis-Felipe-Castellanos-tiny-631x420.jpg 631w\" sizes=\"auto, (max-width: 1024px) 100vw, 1024px\" \/>\n\n<!-- \/wp:paragraph -->\n\n<!-- wp:image {\"id\":1650,\"sizeSlug\":\"large\"} --><!-- \/wp:image -->\n\n<!-- wp:paragraph -->\n\nPara Luis Felipe Castellanos, \u201clos peruanos estamos hechos de resiliencia. Estamos acostumbrados a enfrentarnos a diversas situaciones adversas, solo necesitamos involucrarnos y trabajar juntos para sacar al pa\u00eds adelante\u201d.\n\n<!-- \/wp:paragraph -->\n\n<!-- wp:heading {\"customTextColor\":\"#159a34\"} -->\n<h2 class=\"has-text-color\" style=\"color: #159a34;\"><strong>Emprendedores exitosos que lideran start-ups<\/strong><\/h2>\n<!-- \/wp:heading -->\n\n<!-- wp:paragraph {\"textColor\":\"very-dark-gray\"} -->\n<p class=\"has-text-color has-very-dark-gray-color\">Como administrador, aprender\u00e1s a reconocer oportunidades de mercado y todo el procedimiento administrativo. Un gran aliado para ello ser\u00e1 <strong>Emprende UP<\/strong>, que te ayudar\u00e1 a desarrollar innovadoras ideas de negocio.<\/p>\n<!-- \/wp:paragraph -->\n\n<!-- wp:heading {\"customTextColor\":\"#159a34\"} -->\n<h2 class=\"has-text-color\" style=\"color: #159a34;\"><strong>\u00danica con la acreditaci\u00f3n AACSB<img loading=\"lazy\" decoding=\"async\" class=\"size-full wp-image-1755 alignright\" src=\"https:\/\/admision.up.edu.pe\/blog\/wp-content\/uploads\/2022\/05\/ACCSB.png\" alt=\"\" width=\"279\" height=\"168\"><\/strong><\/h2>\n<div class=\"wp-block-columns\">\n<div class=\"wp-block-column\" style=\"flex-basis: 80%;\">\n<p class=\"has-text-color has-very-dark-gray-color\" style=\"margin-top: 0px;\">La Universidad del Pac\u00edfico es la \u00fanica universidad peruana cuyas carreras de pregrado han recibido la&nbsp;acreditaci\u00f3n AACSB. De hecho, solo el 6% de las principales universidades del mundo, como Harvard University, Yale University y Columbia University, cuentan con esta prestigiosa certificaci\u00f3n, garant\u00eda de la calidad de nuestra ense\u00f1anza.<\/p>\n\n<\/div>\n<\/div>\n<!-- \/wp:group -->\n<div>\n\n<div id='gallery-1' class='gallery galleryid-1753 gallery-columns-3 gallery-size-medium'><figure class='gallery-item'>\n\t\t\t<div class='gallery-icon landscape'>\n\t\t\t\t<a href='https:\/\/admision.up.edu.pe\/blog\/por-que-estudiar-administracion-en-la-pacifico\/l72_sheikh_zayed_theatre-150x150\/'><img loading=\"lazy\" decoding=\"async\" width=\"150\" height=\"150\" src=\"https:\/\/admision.up.edu.pe\/blog\/wp-content\/uploads\/2022\/05\/L72_Sheikh_Zayed_Theatre-150x150-1.jpg\" class=\"attachment-medium size-medium\" alt=\"\" \/><\/a>\n\t\t\t<\/div><\/figure><figure class='gallery-item'>\n\t\t\t<div class='gallery-icon landscape'>\n\t\t\t\t<a href='https:\/\/admision.up.edu.pe\/blog\/por-que-estudiar-administracion-en-la-pacifico\/0-1536x664-1-150x150\/'><img loading=\"lazy\" decoding=\"async\" width=\"150\" height=\"150\" src=\"https:\/\/admision.up.edu.pe\/blog\/wp-content\/uploads\/2022\/05\/0-1536x664-1-150x150-1.jpeg\" class=\"attachment-medium size-medium\" alt=\"\" \/><\/a>\n\t\t\t<\/div><\/figure><figure class='gallery-item'>\n\t\t\t<div class='gallery-icon landscape'>\n\t\t\t\t<a href='https:\/\/admision.up.edu.pe\/blog\/por-que-estudiar-administracion-en-la-pacifico\/images-1-150x150\/'><img loading=\"lazy\" decoding=\"async\" width=\"150\" height=\"150\" src=\"https:\/\/admision.up.edu.pe\/blog\/wp-content\/uploads\/2022\/05\/images-1-150x150-1.jpeg\" class=\"attachment-medium size-medium\" alt=\"\" \/><\/a>\n\t\t\t<\/div><\/figure>\n\t\t<\/div>\n\n\n<\/div>\n<!-- wp:heading {\"customTextColor\":\"#159a34\"} -->\n<h2 class=\"has-text-color\" style=\"color: #159a34;\"><strong>Programa de Integraci\u00f3n y Visitas Empresariales (PIVE)<\/strong><\/h2>\n<!-- \/wp:heading -->\n\n<!-- wp:paragraph -->\n\nVisitar\u00e1s organismos de promoci\u00f3n de inversi\u00f3n y empresas en el Per\u00fa y el extranjero. Conocer\u00e1s de primera mano las mejores pr\u00e1cticas y estrategias de los negocios, gesti\u00f3n administrativa, aprender\u00e1s a identificar y dimensionar oportunidades de inversi\u00f3n y ver\u00e1s los beneficios de la internacionalizaci\u00f3n en lo econ\u00f3mico, social y ambiental. Adem\u00e1s, ampliar\u00e1s tu red de contactos.\n\n<iframe loading=\"lazy\" title=\"UP International Day 2019\" width=\"696\" height=\"392\" src=\"https:\/\/www.youtube.com\/embed\/l_9MHChnu94?feature=oembed\" frameborder=\"0\" allow=\"accelerometer; autoplay; clipboard-write; encrypted-media; gyroscope; picture-in-picture\" allowfullscreen><\/iframe>\n\n<!-- \/wp:paragraph -->\n\n<!-- wp:heading {\"customTextColor\":\"#159a34\"} -->\n<h2 class=\"has-text-color\" style=\"color: #159a34;\"><strong>Programas de Intercambio<\/strong><\/h2>\n<!-- \/wp:heading -->\n\n<!-- wp:paragraph {\"textColor\":\"very-dark-gray\"} -->\n<p class=\"has-text-color has-very-dark-gray-color\">Podr\u00e1s estudiar 1 o 2 ciclos de intercambio gracias a los m\u00e1s de 160 convenios que tenemos con las universidades m\u00e1s prestigiosas del extranjero. El 22% de ellas son escuelas de negocio \u201ctriple corona\u201d, t\u00edtulo que obtienen por contar con las tres principales acreditaciones globales: AACSB, AMBA y EQUIS. En el mundo solo el 1% de las escuelas de negocio tienen esta distinci\u00f3n.<\/p>\n<div id='gallery-2' class='gallery galleryid-1753 gallery-columns-3 gallery-size-thumbnail'><figure class='gallery-item'>\n\t\t\t<div class='gallery-icon landscape'>\n\t\t\t\t<a href='https:\/\/admision.up.edu.pe\/blog\/por-que-estudiar-administracion-en-la-pacifico\/1421845161php8zmdkl-1-150x150\/'><img loading=\"lazy\" decoding=\"async\" width=\"150\" height=\"150\" src=\"https:\/\/admision.up.edu.pe\/blog\/wp-content\/uploads\/2022\/05\/1421845161php8ZmDKL-1-150x150-1-150x150.jpeg\" class=\"attachment-thumbnail size-thumbnail\" alt=\"\" \/><\/a>\n\t\t\t<\/div><\/figure><figure class='gallery-item'>\n\t\t\t<div class='gallery-icon landscape'>\n\t\t\t\t<a href='https:\/\/admision.up.edu.pe\/blog\/por-que-estudiar-administracion-en-la-pacifico\/inactive_entete_decouvrezhec-1-150x150\/'><img loading=\"lazy\" decoding=\"async\" width=\"150\" height=\"150\" src=\"https:\/\/admision.up.edu.pe\/blog\/wp-content\/uploads\/2022\/05\/inactive_entete_decouvrezHEC-1-150x150-1-150x150.gif\" class=\"attachment-thumbnail size-thumbnail\" alt=\"\" \/><\/a>\n\t\t\t<\/div><\/figure><figure class='gallery-item'>\n\t\t\t<div class='gallery-icon landscape'>\n\t\t\t\t<a href='https:\/\/admision.up.edu.pe\/blog\/por-que-estudiar-administracion-en-la-pacifico\/1537775752phpjbdnbb-1-150x150\/'><img loading=\"lazy\" decoding=\"async\" width=\"150\" height=\"150\" src=\"https:\/\/admision.up.edu.pe\/blog\/wp-content\/uploads\/2022\/05\/1537775752phpjBDnbb-1-150x150-1-150x150.jpeg\" class=\"attachment-thumbnail size-thumbnail\" alt=\"\" \/><\/a>\n\t\t\t<\/div><\/figure>\n\t\t<\/div>\n\n\n<!-- \/wp:gallery -->\n\n<!-- wp:heading {\"customTextColor\":\"#159a34\"} -->\n<h2 class=\"has-text-color\" style=\"color: #159a34;\"><strong>Formaci\u00f3n integral<\/strong><\/h2>\n<!-- \/wp:heading -->\n\n<!-- wp:paragraph -->\n\nComo parte de la Propuesta Formativa de la Universidad del Pac\u00edfico se ofrecen dos tipos de experiencias: las Experiencias Formativas Acad\u00e9micas (EFA) y las Experiencias Formativas Extracad\u00e9micas (EFE).\n\n<!-- \/wp:paragraph -->\n\n<!-- wp:paragraph -->\n\nPara las Experiencias Formativas Acad\u00e9micas (EFA) la universidad cuenta con el respaldo de profesores de excelencia acad\u00e9mica, quienes cuentan con doctorados en universidades como Harvard University, University of Oxford, Yale University y Columbia University. Adem\u00e1s, nuestros alumnos estudian con mallas curriculares alineadas a lo que las universidades del extranjero exigen y a lo que las empresas demandan del mercado laboral.\n\n<!-- \/wp:paragraph -->\n\n<!-- wp:paragraph -->\n\nPor otro lado, las <a href=\"https:\/\/casaup.up.edu.pe\/plan-de-experiencias-formativas-extraacademicas-plan-efe\/\">Experiencias Formativas Extracad\u00e9micas (EFE)<\/a> tienen como objetivo promover el desarrollo y fortalecimiento de las competencias Sello UP y las habilidades socioemocionales de los estudiantes de la Pac\u00edfico. El <a href=\"https:\/\/sar.up.edu.pe\/wp-content\/uploads\/Flujograma_plan_efe-2019.4.24.pdf\">Plan EFE<\/a> tambi\u00e9n tiene un plan curricular, muy similar a los planes que tienen cada una de nuestras carreras, con la \u00fanica diferencia de que este plan se aplica a todas las carreras, sin distinci\u00f3n\n\n<!-- \/wp:paragraph -->\n\n<!-- wp:heading {\"customTextColor\":\"#159a34\"} -->\n<h2 class=\"has-text-color\" style=\"color: #159a34;\"><strong>Experiencias internacionales<\/strong><\/h2>\n<!-- \/wp:heading -->\n\n<!-- wp:paragraph -->\n\nPodr\u00e1s hacer un curso electivo en el extranjero.&nbsp; Estos son cursos de corta duraci\u00f3n en donde el profesor y el estudiante trabajan en una disciplina y pa\u00eds espec\u00edfico bas\u00e1ndose en la teor\u00eda aprendida.\n\n<!-- \/wp:paragraph -->\n\n<!-- wp:paragraph -->\n\nConoce m\u00e1s <a href=\"https:\/\/ori.up.edu.pe\/programas-cortos\/electivos-en-el-extranjero\/\">aqu\u00ed<\/a>.\n\n<!-- \/wp:paragraph -->\n\n<!-- wp:paragraph -->\n\nAdem\u00e1s, sin salir del pa\u00eds, podr\u00e1s llevar cursos, seminarios y conferencias con profesores provenientes de las mejores universidades del extranjero, quienes, gracias a la <strong>semana internacional<\/strong>, vendr\u00e1n a compartir sus conocimientos y experiencias contigo.\n\n<!-- \/wp:paragraph -->\n\n<!-- wp:paragraph {\"textColor\":\"vivid-cyan-blue\",\"customFontSize\":18,\"dropCapStyle\":\"dropcapp\"} -->\n<p class=\"has-text-color has-vivid-cyan-blue-color dropcapp\" style=\"font-size: 18px;\"><strong> Descarga el brochure de la carrera<\/strong> <strong><a href=\"https:\/\/admision.up.edu.pe\/wp-content\/uploads\/Universidad-del-Pacifico-brochure-carrera-administracion-1.pdf\"><em>aqu\u00ed<\/em>.<\/a> <\/strong><\/p>\n<!-- \/wp:paragraph -->\n\n<iframe loading=\"lazy\" title=\"YouTube video player\" src=\"https:\/\/www.youtube.com\/embed\/uuHT3OcXVho\" width=\"560\" height=\"315\" frameborder=\"0\" allowfullscreen=\"allowfullscreen\" data-mce-fragment=\"1\"><\/iframe>\n\n<!-- wp:paragraph -->\n\n<strong>Recuerda que contamos con 8 Modalidades de Admisi\u00f3n:<\/strong>\n\n<!-- \/wp:paragraph -->\n\n<!-- wp:list -->\n<ul>\n \t<li>Admisi\u00f3n por Excelencia Acad\u00e9mica<\/li>\n \t<li>Admisi\u00f3n Selectiva<\/li>\n \t<li>Admisi\u00f3n por Bachillerato Excelencia<\/li>\n \t<li>Admisi\u00f3n por Bachillerato Selectiva<\/li>\n \t<li>Admisi\u00f3n por la Pre Pac\u00edfico<\/li>\n \t<li>Examen de Admisi\u00f3n<\/li>\n \t<li>Traslados<\/li>\n \t<li>Graduados<\/li>\n<\/ul>\n<a href=\"https:\/\/admision.up.edu.pe\/modalidades\/?utm_source=blog&amp;utm_medium=post_blog_por_que_administracion_up&amp;utm_campaign=hijos&amp;utm_id=adm2022&amp;utm_term=post_blog\"><img loading=\"lazy\" decoding=\"async\" class=\"aligncenter size-full wp-image-1760\" src=\"https:\/\/admision.up.edu.pe\/blog\/wp-content\/uploads\/2022\/05\/Descubre_Modalidad-1-2-2.gif\" alt=\"\" width=\"1024\" height=\"170\"><\/a>","protected":false},"excerpt":{"rendered":"<p>Sabemos que te encuentras en un momento importante que te llevar\u00e1 a tomar la decisi\u00f3n de qu\u00e9 carrera y en d\u00f3nde estudiar. A continuaci\u00f3n, te presentamos algunos puntos claves de por qu\u00e9 estudiar Administraci\u00f3n en la Universidad del Pac\u00edfico. Estudiar Administraci\u00f3n en la Pac\u00edfico te llevar\u00e1 a liderar el tipo de organizaciones que reclama el [&hellip;]<\/p>\n","protected":false},"author":1,"featured_media":1763,"comment_status":"closed","ping_status":"open","sticky":false,"template":"","format":"standard","meta":{"_acf_changed":false,"inline_featured_image":false,"footnotes":""},"categories":[18],"tags":[],"class_list":{"0":"post-1753","1":"post","2":"type-post","3":"status-publish","4":"format-standard","5":"has-post-thumbnail","7":"category-tu-carrera"},"acf":[],"yoast_head":"<!-- This site is optimized with the Yoast SEO plugin v25.6 - https:\/\/yoast.com\/wordpress\/plugins\/seo\/ -->\n<title>\u00bfPor qu\u00e9 estudiar Administraci\u00f3n en la Pac\u00edfico? - Blog Admisi\u00f3n<\/title>\n<meta name=\"description\" content=\"Estudiar Administraci\u00f3n en la Pac\u00edfico te llevar\u00e1 a liderar el tipo de organizaciones que reclama el futuro\" \/>\n<meta name=\"robots\" content=\"index, follow, max-snippet:-1, max-image-preview:large, max-video-preview:-1\" \/>\n<link rel=\"canonical\" href=\"https:\/\/admision.up.edu.pe\/blog\/por-que-estudiar-administracion-en-la-pacifico\/\" \/>\n<meta property=\"og:locale\" content=\"es_ES\" \/>\n<meta property=\"og:type\" content=\"article\" \/>\n<meta property=\"og:title\" content=\"\u00bfPor qu\u00e9 estudiar Administraci\u00f3n en la Pac\u00edfico? - Blog Admisi\u00f3n\" \/>\n<meta property=\"og:description\" content=\"Estudiar Administraci\u00f3n en la Pac\u00edfico te llevar\u00e1 a liderar el tipo de organizaciones que reclama el futuro\" \/>\n<meta property=\"og:url\" content=\"https:\/\/admision.up.edu.pe\/blog\/por-que-estudiar-administracion-en-la-pacifico\/\" \/>\n<meta property=\"og:site_name\" content=\"Blog Admisi\u00f3n\" \/>\n<meta property=\"article:published_time\" content=\"2022-01-18T20:58:00+00:00\" \/>\n<meta property=\"article:modified_time\" content=\"2022-06-09T23:25:19+00:00\" \/>\n<meta property=\"og:image\" content=\"https:\/\/admision.up.edu.pe\/blog\/wp-content\/uploads\/2022\/05\/portada-selectiva.tiny_-1.png\" \/>\n\t<meta property=\"og:image:width\" content=\"524\" \/>\n\t<meta property=\"og:image:height\" content=\"273\" \/>\n\t<meta property=\"og:image:type\" content=\"image\/png\" \/>\n<meta name=\"author\" content=\"admin\" \/>\n<meta name=\"twitter:card\" content=\"summary_large_image\" \/>\n<meta name=\"twitter:label1\" content=\"Written by\" \/>\n\t<meta name=\"twitter:data1\" content=\"admin\" \/>\n\t<meta name=\"twitter:label2\" content=\"Est. reading time\" \/>\n\t<meta name=\"twitter:data2\" content=\"5 minutos\" \/>\n<script type=\"application\/ld+json\" class=\"yoast-schema-graph\">{\"@context\":\"https:\/\/schema.org\",\"@graph\":[{\"@type\":\"WebPage\",\"@id\":\"https:\/\/admision.up.edu.pe\/blog\/por-que-estudiar-administracion-en-la-pacifico\/\",\"url\":\"https:\/\/admision.up.edu.pe\/blog\/por-que-estudiar-administracion-en-la-pacifico\/\",\"name\":\"\u00bfPor qu\u00e9 estudiar Administraci\u00f3n en la Pac\u00edfico? - Blog Admisi\u00f3n\",\"isPartOf\":{\"@id\":\"https:\/\/admision.up.edu.pe\/blog\/#website\"},\"primaryImageOfPage\":{\"@id\":\"https:\/\/admision.up.edu.pe\/blog\/por-que-estudiar-administracion-en-la-pacifico\/#primaryimage\"},\"image\":{\"@id\":\"https:\/\/admision.up.edu.pe\/blog\/por-que-estudiar-administracion-en-la-pacifico\/#primaryimage\"},\"thumbnailUrl\":\"https:\/\/admision.up.edu.pe\/blog\/wp-content\/uploads\/2022\/05\/portada-selectiva.tiny_-1.png\",\"datePublished\":\"2022-01-18T20:58:00+00:00\",\"dateModified\":\"2022-06-09T23:25:19+00:00\",\"author\":{\"@id\":\"https:\/\/admision.up.edu.pe\/blog\/#\/schema\/person\/7057daa0ac97d5b3c09bac42ce3d5549\"},\"description\":\"Estudiar Administraci\u00f3n en la Pac\u00edfico te llevar\u00e1 a liderar el tipo de organizaciones que reclama el futuro\",\"inLanguage\":\"es-PE\",\"potentialAction\":[{\"@type\":\"ReadAction\",\"target\":[\"https:\/\/admision.up.edu.pe\/blog\/por-que-estudiar-administracion-en-la-pacifico\/\"]}]},{\"@type\":\"ImageObject\",\"inLanguage\":\"es-PE\",\"@id\":\"https:\/\/admision.up.edu.pe\/blog\/por-que-estudiar-administracion-en-la-pacifico\/#primaryimage\",\"url\":\"https:\/\/admision.up.edu.pe\/blog\/wp-content\/uploads\/2022\/05\/portada-selectiva.tiny_-1.png\",\"contentUrl\":\"https:\/\/admision.up.edu.pe\/blog\/wp-content\/uploads\/2022\/05\/portada-selectiva.tiny_-1.png\",\"width\":524,\"height\":273},{\"@type\":\"WebSite\",\"@id\":\"https:\/\/admision.up.edu.pe\/blog\/#website\",\"url\":\"https:\/\/admision.up.edu.pe\/blog\/\",\"name\":\"Blog Admisi\u00f3n\",\"description\":\"UP\",\"potentialAction\":[{\"@type\":\"SearchAction\",\"target\":{\"@type\":\"EntryPoint\",\"urlTemplate\":\"https:\/\/admision.up.edu.pe\/blog\/?s={search_term_string}\"},\"query-input\":{\"@type\":\"PropertyValueSpecification\",\"valueRequired\":true,\"valueName\":\"search_term_string\"}}],\"inLanguage\":\"es-PE\"},{\"@type\":\"Person\",\"@id\":\"https:\/\/admision.up.edu.pe\/blog\/#\/schema\/person\/7057daa0ac97d5b3c09bac42ce3d5549\",\"name\":\"admin\",\"image\":{\"@type\":\"ImageObject\",\"inLanguage\":\"es-PE\",\"@id\":\"https:\/\/admision.up.edu.pe\/blog\/#\/schema\/person\/image\/\",\"url\":\"https:\/\/secure.gravatar.com\/avatar\/4b0a7b02ed9b77e2b9377d08d9baea60?s=96&d=mm&r=g\",\"contentUrl\":\"https:\/\/secure.gravatar.com\/avatar\/4b0a7b02ed9b77e2b9377d08d9baea60?s=96&d=mm&r=g\",\"caption\":\"admin\"},\"url\":\"https:\/\/admision.up.edu.pe\/blog\/author\/admin\/\"}]}<\/script>\n<!-- \/ Yoast SEO plugin. -->","yoast_head_json":{"title":"\u00bfPor qu\u00e9 estudiar Administraci\u00f3n en la Pac\u00edfico? - Blog Admisi\u00f3n","description":"Estudiar Administraci\u00f3n en la Pac\u00edfico te llevar\u00e1 a liderar el tipo de organizaciones que reclama el futuro","robots":{"index":"index","follow":"follow","max-snippet":"max-snippet:-1","max-image-preview":"max-image-preview:large","max-video-preview":"max-video-preview:-1"},"canonical":"https:\/\/admision.up.edu.pe\/blog\/por-que-estudiar-administracion-en-la-pacifico\/","og_locale":"es_ES","og_type":"article","og_title":"\u00bfPor qu\u00e9 estudiar Administraci\u00f3n en la Pac\u00edfico? - Blog Admisi\u00f3n","og_description":"Estudiar Administraci\u00f3n en la Pac\u00edfico te llevar\u00e1 a liderar el tipo de organizaciones que reclama el futuro","og_url":"https:\/\/admision.up.edu.pe\/blog\/por-que-estudiar-administracion-en-la-pacifico\/","og_site_name":"Blog Admisi\u00f3n","article_published_time":"2022-01-18T20:58:00+00:00","article_modified_time":"2022-06-09T23:25:19+00:00","og_image":[{"width":524,"height":273,"url":"https:\/\/admision.up.edu.pe\/blog\/wp-content\/uploads\/2022\/05\/portada-selectiva.tiny_-1.png","type":"image\/png"}],"author":"admin","twitter_card":"summary_large_image","twitter_misc":{"Written by":"admin","Est. reading time":"5 minutos"},"schema":{"@context":"https:\/\/schema.org","@graph":[{"@type":"WebPage","@id":"https:\/\/admision.up.edu.pe\/blog\/por-que-estudiar-administracion-en-la-pacifico\/","url":"https:\/\/admision.up.edu.pe\/blog\/por-que-estudiar-administracion-en-la-pacifico\/","name":"\u00bfPor qu\u00e9 estudiar Administraci\u00f3n en la Pac\u00edfico? - Blog Admisi\u00f3n","isPartOf":{"@id":"https:\/\/admision.up.edu.pe\/blog\/#website"},"primaryImageOfPage":{"@id":"https:\/\/admision.up.edu.pe\/blog\/por-que-estudiar-administracion-en-la-pacifico\/#primaryimage"},"image":{"@id":"https:\/\/admision.up.edu.pe\/blog\/por-que-estudiar-administracion-en-la-pacifico\/#primaryimage"},"thumbnailUrl":"https:\/\/admision.up.edu.pe\/blog\/wp-content\/uploads\/2022\/05\/portada-selectiva.tiny_-1.png","datePublished":"2022-01-18T20:58:00+00:00","dateModified":"2022-06-09T23:25:19+00:00","author":{"@id":"https:\/\/admision.up.edu.pe\/blog\/#\/schema\/person\/7057daa0ac97d5b3c09bac42ce3d5549"},"description":"Estudiar Administraci\u00f3n en la Pac\u00edfico te llevar\u00e1 a liderar el tipo de organizaciones que reclama el futuro","inLanguage":"es-PE","potentialAction":[{"@type":"ReadAction","target":["https:\/\/admision.up.edu.pe\/blog\/por-que-estudiar-administracion-en-la-pacifico\/"]}]},{"@type":"ImageObject","inLanguage":"es-PE","@id":"https:\/\/admision.up.edu.pe\/blog\/por-que-estudiar-administracion-en-la-pacifico\/#primaryimage","url":"https:\/\/admision.up.edu.pe\/blog\/wp-content\/uploads\/2022\/05\/portada-selectiva.tiny_-1.png","contentUrl":"https:\/\/admision.up.edu.pe\/blog\/wp-content\/uploads\/2022\/05\/portada-selectiva.tiny_-1.png","width":524,"height":273},{"@type":"WebSite","@id":"https:\/\/admision.up.edu.pe\/blog\/#website","url":"https:\/\/admision.up.edu.pe\/blog\/","name":"Blog Admisi\u00f3n","description":"UP","potentialAction":[{"@type":"SearchAction","target":{"@type":"EntryPoint","urlTemplate":"https:\/\/admision.up.edu.pe\/blog\/?s={search_term_string}"},"query-input":{"@type":"PropertyValueSpecification","valueRequired":true,"valueName":"search_term_string"}}],"inLanguage":"es-PE"},{"@type":"Person","@id":"https:\/\/admision.up.edu.pe\/blog\/#\/schema\/person\/7057daa0ac97d5b3c09bac42ce3d5549","name":"admin","image":{"@type":"ImageObject","inLanguage":"es-PE","@id":"https:\/\/admision.up.edu.pe\/blog\/#\/schema\/person\/image\/","url":"https:\/\/secure.gravatar.com\/avatar\/4b0a7b02ed9b77e2b9377d08d9baea60?s=96&d=mm&r=g","contentUrl":"https:\/\/secure.gravatar.com\/avatar\/4b0a7b02ed9b77e2b9377d08d9baea60?s=96&d=mm&r=g","caption":"admin"},"url":"https:\/\/admision.up.edu.pe\/blog\/author\/admin\/"}]}},"_links":{"self":[{"href":"https:\/\/admision.up.edu.pe\/blog\/wp-json\/wp\/v2\/posts\/1753","targetHints":{"allow":["GET"]}}],"collection":[{"href":"https:\/\/admision.up.edu.pe\/blog\/wp-json\/wp\/v2\/posts"}],"about":[{"href":"https:\/\/admision.up.edu.pe\/blog\/wp-json\/wp\/v2\/types\/post"}],"author":[{"embeddable":true,"href":"https:\/\/admision.up.edu.pe\/blog\/wp-json\/wp\/v2\/users\/1"}],"replies":[{"embeddable":true,"href":"https:\/\/admision.up.edu.pe\/blog\/wp-json\/wp\/v2\/comments?post=1753"}],"version-history":[{"count":3,"href":"https:\/\/admision.up.edu.pe\/blog\/wp-json\/wp\/v2\/posts\/1753\/revisions"}],"predecessor-version":[{"id":1944,"href":"https:\/\/admision.up.edu.pe\/blog\/wp-json\/wp\/v2\/posts\/1753\/revisions\/1944"}],"wp:featuredmedia":[{"embeddable":true,"href":"https:\/\/admision.up.edu.pe\/blog\/wp-json\/wp\/v2\/media\/1763"}],"wp:attachment":[{"href":"https:\/\/admision.up.edu.pe\/blog\/wp-json\/wp\/v2\/media?parent=1753"}],"wp:term":[{"taxonomy":"category","embeddable":true,"href":"https:\/\/admision.up.edu.pe\/blog\/wp-json\/wp\/v2\/categories?post=1753"},{"taxonomy":"post_tag","embeddable":true,"href":"https:\/\/admision.up.edu.pe\/blog\/wp-json\/wp\/v2\/tags?post=1753"}],"curies":[{"name":"wp","href":"https:\/\/api.w.org\/{rel}","templated":true}]}}