{"id":1734,"date":"2022-01-08T11:14:18","date_gmt":"2022-01-08T16:14:18","guid":{"rendered":"https:\/\/admision.up.edu.pe\/blog\/?p=1734"},"modified":"2022-07-06T20:28:34","modified_gmt":"2022-07-07T01:28:34","slug":"las-clinicas-juridicas-de-la-universidad-del-pacifico-aprendizaje-practico-y-responsabilidad-social-para-estudiantes-de-derecho","status":"publish","type":"post","link":"https:\/\/admision.up.edu.pe\/blog\/las-clinicas-juridicas-de-la-universidad-del-pacifico-aprendizaje-practico-y-responsabilidad-social-para-estudiantes-de-derecho\/","title":{"rendered":"Las cl\u00ednicas jur\u00eddicas de la Universidad del Pac\u00edfico: aprendizaje pr\u00e1ctico y responsabilidad social para estudiantes de derecho"},"content":{"rendered":"<p><em>Las cl\u00ednicas jur\u00eddicas de derecho penal, derecho ambiental, y libertades informativas y transparencia que se llevan a cabo en la Universidad del Pac\u00edfico tienen un fuerte enfoque social y est\u00e1n dise\u00f1adas para que los estudiantes apliquen sus conocimientos a situaciones de la vida real. Conoce m\u00e1s sobre ellas en este art\u00edculo.<\/em><\/p>\n<p><img loading=\"lazy\" decoding=\"async\" class=\"size-full wp-image-1737 aligncenter\" src=\"https:\/\/admision.up.edu.pe\/blog\/wp-content\/uploads\/2022\/05\/2-8.jpg\" alt=\"\" width=\"524\" height=\"273\" srcset=\"https:\/\/admision.up.edu.pe\/blog\/wp-content\/uploads\/2022\/05\/2-8.jpg 524w, https:\/\/admision.up.edu.pe\/blog\/wp-content\/uploads\/2022\/05\/2-8-300x156.jpg 300w\" sizes=\"auto, (max-width: 524px) 100vw, 524px\" \/><\/p>\n<p>La propuesta acad\u00e9mica de la Universidad del Pac\u00edfico est\u00e1 orientada a formar l\u00edderes con altos est\u00e1ndares acad\u00e9micos y socialmente responsables. Con ese compromiso constante, la Facultad de Derecho de la Universidad del Pac\u00edfico apuesta por crear la Cl\u00ednica de Gesti\u00f3n Ambiental, Cl\u00ednica de Derecho Penal, y Cl\u00ednica de Libertades Informativas y Transparencia. El formato de cl\u00ednica jur\u00eddica resulta id\u00f3neo, precisamente, cuando se busca tratar temas de car\u00e1cter social. Esta es una alternativa de ense\u00f1anza del derecho que le permite al alumno adquirir y aplicar conocimiento de forma simult\u00e1nea a trav\u00e9s de los casos reales sobre los que trabaja. El estudiante, guiado por mentores, abogados, instituciones u organizaciones, tiene la posibilidad de aplicar sus conocimientos a fin de contribuir con propuestas que beneficien de forma directa a la sociedad.<\/p>\n<h2>Cl\u00ednica de Gesti\u00f3n Ambiental<\/h2>\n<p>La protecci\u00f3n del medio ambiente y la lucha frente al cambio clim\u00e1tico son temas trascendentales que se discuten desde distintos sectores y perspectivas. Asimismo, el enfoque jur\u00eddico sobre esta gran discusi\u00f3n global cobra vital importancia, dado que, a trav\u00e9s de las leyes, reglamentos, normas, convenios y acuerdos, se pueden sancionar aquellas pr\u00e1cticas que atenten contra nuestro ecosistema, as\u00ed como tambi\u00e9n se pueden promover o impulsar acciones que est\u00e9n orientadas a preservar la salud ambiental.<\/p>\n<p>Por ello, alineada con las necesidades de las actuales y futuras generaciones, la Facultad de Derecho de la Universidad del Pac\u00edfico apuesta por la Cl\u00ednica de Gesti\u00f3n Ambiental (CGA), con el fin de brindar una educaci\u00f3n ambiental interdisciplinaria. A trav\u00e9s de la CGA, los estudiantes tienen la posibilidad de analizar los problemas actuales relacionados al uso de los recursos naturales. Los alumnos, con el apoyo de especialistas de distintas disciplinas, podr\u00e1n formular recomendaciones para la \u00f3ptima implementaci\u00f3n de instrumentos legales y pol\u00edticas p\u00fablicas.<\/p>\n<p>La forma de trabajo se basa en la formaci\u00f3n de grupos reducidos de alumnos que cuenten con la asesor\u00eda de mentores voluntarios y la decana de la facultad, para desarrollar conocimiento referente a la legislaci\u00f3n aplicable, las condiciones de implementaci\u00f3n, estado de la articulaci\u00f3n institucional y recomendaciones, dentro de las l\u00edneas de trabajo de la CGA, que son las que se detallan a continuaci\u00f3n:<\/p>\n<ul>\n<li>Salud Ambiental y Zoonosis.<\/li>\n<li>Sostenibilidad de inversiones chinas en el Per\u00fa.<\/li>\n<li>Defensores Ambientales.<\/li>\n<li>Acceso al agua y saneamiento en Lima metropolitana<\/li>\n<li>Convenio de Diversidad Biol\u00f3gica, Propiedad Intelectual y Conocimientos Tradicionales.<\/li>\n<\/ul>\n<p>La Cl\u00ednica de Gesti\u00f3n Ambiental opera en coordinaci\u00f3n directa con aquellos actores que son fundamentales en estos temas, como lo son los servidores p\u00fablicos, los defensores ambientales, las organizaciones no gubernamentales e instituciones acad\u00e9micas internacionales. Adem\u00e1s, es parte de la Alianza de Cl\u00ednicas Jur\u00eddicas Ambientales de Latinoam\u00e9rica y el Caribe. Esta alianza est\u00e1 conformada por distintos pa\u00edses, entre ellos, Brasil, Colombia, Chile y Per\u00fa, con el objetivo de impulsar la educaci\u00f3n legal ambiental.<\/p>\n<p>Actualmente, la docente a cargo de la CGA es M\u00f3nica N\u00fa\u00f1ez Salas, M\u00e1ster en Gesti\u00f3n Ambiental (M.E.M.) con menci\u00f3n en An\u00e1lisis de Pol\u00edticas Ambientales por la Universidad de Yale, School of Forestry and Environmental Studies (Estados Unidos), y abogada por la Pontificia Universidad Cat\u00f3lica del Per\u00fa.<\/p>\n<p><iframe loading=\"lazy\" title=\"YouTube video player\" src=\"https:\/\/www.youtube.com\/embed\/P6yezLbec5w\" width=\"560\" height=\"315\" frameborder=\"0\" allowfullscreen=\"allowfullscreen\"><\/iframe><\/p>\n<h2>Cl\u00ednica de Derecho Penal<\/h2>\n<p>Por otro lado, bajo el mismo formato de cl\u00ednica jur\u00eddica, la facultad ha creado la Cl\u00ednica de Derecho Penal. En este caso, el programa brinda a los estudiantes la oportunidad de aplicar su formaci\u00f3n jur\u00eddica en la soluci\u00f3n de conflictos reales de naturaleza jur\u00eddica penal, as\u00ed tambi\u00e9n les permite a los alumnos poner en pr\u00e1ctica los valores de responsabilidad social y solidaridad con los que son formados en las aulas de la universidad.<\/p>\n<p>Para aquellos interesados en formar parte del programa, les resultar\u00e1 valioso saber que en la Cl\u00ednica Penal que ofrece la Pac\u00edfico se desarrollan las siguientes actividades:<\/p>\n<ul>\n<li>Asesor\u00edas gratuitas en la litigaci\u00f3n de personas vulnerables y de escasos recursos en temas de inter\u00e9s p\u00fablico.<\/li>\n<li>Elaboraci\u00f3n de informes legales,\u00a0<em>amicus curiae<\/em>, proyecto de leyes sobre temas que impactan en la justicia penal y que contribuyen a construir una sociedad mejor.<\/li>\n<li>Organizaci\u00f3n del Concurso Interuniversitario de Derecho Penal- MOOT Penal.<\/li>\n<li>Integra la \u201cRed Inocente\u201d que dirige la California Western School of Law para Latinoam\u00e9rica, con sede en San Diego, que trabaja en la elaboraci\u00f3n y aplicaci\u00f3n de estrategias con la finalidad de obtener la libertad de personas inocentes que fueron condenadas por errores judiciales de nuestro sistema penal.<\/li>\n<\/ul>\n<p>Los abogados en Derecho Penal, el Dr. Jos\u00e9 Antonio Caro John y el Dr. Daniel Osarim Huam\u00e1n Castellares, son los docentes a cargo del programa.<\/p>\n<h2>Cl\u00ednica de Libertades Informativas y Transparencia<\/h2>\n<p>Asimismo, la Pac\u00edfico, alineada con su misi\u00f3n de ser un agente de cambio y mejora para lograr una sociedad m\u00e1s transparente, dialogante y democr\u00e1tica, tiene en marcha la Cl\u00ednica de Libertades Informativas y Transparencia, con el objetivo de defender las libertades de informaci\u00f3n y expresi\u00f3n de los ciudadanos. Es as\u00ed que pone a disposici\u00f3n un espacio que combina el aprendizaje pr\u00e1ctico y la responsabilidad social, en donde estudiantes y profesores se involucran en proyectos de alto impacto para la sociedad. Esta cl\u00ednica trabaja en investigaciones acad\u00e9micas y en casos reales sobre acceso a la informaci\u00f3n p\u00fablica, transparencia y la defensa de las libertades de informaci\u00f3n y opini\u00f3n, ayudando a las personas que requieran de soporte legal de forma gratuita.<\/p>\n<h2>Derecho en la Universidad del Pac\u00edfico<\/h2>\n<p>Estudiar en la facultad de Derecho de la Universidad del Pac\u00edfico implica acceder a una formaci\u00f3n personalizada e interdisciplinaria con docentes que identificar\u00e1n tus habilidades y competencias m\u00e1s destacadas desde los primeros ciclos de la carrera.<\/p>\n<p>Asimismo, tendr\u00e1s la posibilidad de obtener un Doble grado de Derecho por la Universidad Nebrija. Nuestros estudiantes cursan el grado de Derecho en la Universidad del Pac\u00edfico y, posteriormente, pueden viajar a Madrid para concluir los cr\u00e9ditos restantes y obtener este doble grado. Tambi\u00e9n tienen la opci\u00f3n de llevar los cr\u00e9ditos de manera online.<\/p>\n<p>Adem\u00e1s, en la Pac\u00edfico promovemos el trabajo en equipo entre docentes y alumnos para desarrollar investigaciones a profundidad. Un ejemplo es el informe que realizamos sobre la trata de personas, que recibi\u00f3 la atenci\u00f3n del sector privado y del Estado.<\/p>\n<h2>M\u00e1s oportunidades:<\/h2>\n<p><strong>Cultura y reflexi\u00f3n.\u00a0<\/strong>Desarrollamos una mirada humanista de la profesi\u00f3n a partir de reflexiones que relacionan el arte con el derecho e incentivamos la participaci\u00f3n de los estudiantes en Moot Courts (simulaciones de juicios) y en torneos de debate parlamentario brit\u00e1nico.<\/p>\n<p><strong>Experiencias internacionales.<\/strong>\u00a0Tendr\u00e1s alternativas de internacionalizaci\u00f3n como intercambios, cursos cortos en el extranjero, conferencias y seminarios acad\u00e9micos con reconocidos abogados y docentes de universidades como University of Essex, Universidad de Buenos Aires, entre otras.<\/p>\n<p>En suma, la perspectiva \u00e9tica e interdisciplinaria de la profesi\u00f3n, hace que la Pac\u00edfico sea\u00a0 l\u00edder en su campo al generar sinergias con la econom\u00eda, los negocios, las ciencias sociales y las humanidades. Al entender el contexto econ\u00f3mico e internacional, son profesionales estrat\u00e9gicos para las organizaciones. Si buscas trascender, generar un impacto positivo en la sociedad, con s\u00f3lidos conocimientos jur\u00eddicos y un enfoque de valores y responsabilidad social, la Universidad del Pac\u00edfico es para ti.<\/p>\n<p><a href=\"https:\/\/admision.up.edu.pe\/carreras\/derecho\/?utm_source=blog&amp;utm_medium=post_blog_clinicas_juridicas&amp;utm_campaign=hijos&amp;utm_id=adm2022&amp;utm_term=post_blog\"><img loading=\"lazy\" decoding=\"async\" class=\"aligncenter size-full wp-image-1736\" src=\"https:\/\/admision.up.edu.pe\/blog\/wp-content\/uploads\/2022\/05\/Derecho-2.gif\" alt=\"\" width=\"1024\" height=\"170\" \/><\/a><\/p>\n","protected":false},"excerpt":{"rendered":"<p>Las cl\u00ednicas jur\u00eddicas de derecho penal, derecho ambiental, y libertades informativas y transparencia que se llevan a cabo en la Universidad del Pac\u00edfico tienen un fuerte enfoque social y est\u00e1n dise\u00f1adas para que los estudiantes apliquen sus conocimientos a situaciones de la vida real. Conoce m\u00e1s sobre ellas en este art\u00edculo. La propuesta acad\u00e9mica de [&hellip;]<\/p>\n","protected":false},"author":1,"featured_media":1737,"comment_status":"closed","ping_status":"open","sticky":false,"template":"","format":"standard","meta":{"_acf_changed":false,"inline_featured_image":false,"footnotes":""},"categories":[19],"tags":[],"class_list":{"0":"post-1734","1":"post","2":"type-post","3":"status-publish","4":"format-standard","5":"has-post-thumbnail","7":"category-vive-la-pacifico"},"acf":[],"yoast_head":"<!-- This site is optimized with the Yoast SEO plugin v25.6 - https:\/\/yoast.com\/wordpress\/plugins\/seo\/ -->\n<title>Las cl\u00ednicas jur\u00eddicas de la Universidad del Pac\u00edfico<\/title>\n<meta name=\"description\" content=\"Las cl\u00ednicas jur\u00eddicas de derecho penal, derecho ambiental, y libertades informativas se llevan a cabo en la Universidad del Pac\u00edfico\" \/>\n<meta name=\"robots\" content=\"index, follow, max-snippet:-1, max-image-preview:large, max-video-preview:-1\" \/>\n<link rel=\"canonical\" href=\"https:\/\/admision.up.edu.pe\/blog\/las-clinicas-juridicas-de-la-universidad-del-pacifico-aprendizaje-practico-y-responsabilidad-social-para-estudiantes-de-derecho\/\" \/>\n<meta property=\"og:locale\" content=\"es_ES\" \/>\n<meta property=\"og:type\" content=\"article\" \/>\n<meta property=\"og:title\" content=\"Las cl\u00ednicas jur\u00eddicas de la Universidad del Pac\u00edfico\" \/>\n<meta property=\"og:description\" content=\"Las cl\u00ednicas jur\u00eddicas de derecho penal, derecho ambiental, y libertades informativas se llevan a cabo en la Universidad del Pac\u00edfico\" \/>\n<meta property=\"og:url\" content=\"https:\/\/admision.up.edu.pe\/blog\/las-clinicas-juridicas-de-la-universidad-del-pacifico-aprendizaje-practico-y-responsabilidad-social-para-estudiantes-de-derecho\/\" \/>\n<meta property=\"og:site_name\" content=\"Blog Admisi\u00f3n\" \/>\n<meta property=\"article:published_time\" content=\"2022-01-08T16:14:18+00:00\" \/>\n<meta property=\"article:modified_time\" content=\"2022-07-07T01:28:34+00:00\" \/>\n<meta property=\"og:image\" content=\"https:\/\/admision.up.edu.pe\/blog\/wp-content\/uploads\/2022\/05\/2-8.jpg\" \/>\n\t<meta property=\"og:image:width\" content=\"524\" \/>\n\t<meta property=\"og:image:height\" content=\"273\" \/>\n\t<meta property=\"og:image:type\" content=\"image\/jpeg\" \/>\n<meta name=\"author\" content=\"admin\" \/>\n<meta name=\"twitter:card\" content=\"summary_large_image\" \/>\n<meta name=\"twitter:label1\" content=\"Written by\" \/>\n\t<meta name=\"twitter:data1\" content=\"admin\" \/>\n\t<meta name=\"twitter:label2\" content=\"Est. reading time\" \/>\n\t<meta name=\"twitter:data2\" content=\"6 minutos\" \/>\n<script type=\"application\/ld+json\" class=\"yoast-schema-graph\">{\"@context\":\"https:\/\/schema.org\",\"@graph\":[{\"@type\":\"WebPage\",\"@id\":\"https:\/\/admision.up.edu.pe\/blog\/las-clinicas-juridicas-de-la-universidad-del-pacifico-aprendizaje-practico-y-responsabilidad-social-para-estudiantes-de-derecho\/\",\"url\":\"https:\/\/admision.up.edu.pe\/blog\/las-clinicas-juridicas-de-la-universidad-del-pacifico-aprendizaje-practico-y-responsabilidad-social-para-estudiantes-de-derecho\/\",\"name\":\"Las cl\u00ednicas jur\u00eddicas de la Universidad del Pac\u00edfico\",\"isPartOf\":{\"@id\":\"https:\/\/admision.up.edu.pe\/blog\/#website\"},\"primaryImageOfPage\":{\"@id\":\"https:\/\/admision.up.edu.pe\/blog\/las-clinicas-juridicas-de-la-universidad-del-pacifico-aprendizaje-practico-y-responsabilidad-social-para-estudiantes-de-derecho\/#primaryimage\"},\"image\":{\"@id\":\"https:\/\/admision.up.edu.pe\/blog\/las-clinicas-juridicas-de-la-universidad-del-pacifico-aprendizaje-practico-y-responsabilidad-social-para-estudiantes-de-derecho\/#primaryimage\"},\"thumbnailUrl\":\"https:\/\/admision.up.edu.pe\/blog\/wp-content\/uploads\/2022\/05\/2-8.jpg\",\"datePublished\":\"2022-01-08T16:14:18+00:00\",\"dateModified\":\"2022-07-07T01:28:34+00:00\",\"author\":{\"@id\":\"https:\/\/admision.up.edu.pe\/blog\/#\/schema\/person\/7057daa0ac97d5b3c09bac42ce3d5549\"},\"description\":\"Las cl\u00ednicas jur\u00eddicas de derecho penal, derecho ambiental, y libertades informativas se llevan a cabo en la Universidad del Pac\u00edfico\",\"inLanguage\":\"es-PE\",\"potentialAction\":[{\"@type\":\"ReadAction\",\"target\":[\"https:\/\/admision.up.edu.pe\/blog\/las-clinicas-juridicas-de-la-universidad-del-pacifico-aprendizaje-practico-y-responsabilidad-social-para-estudiantes-de-derecho\/\"]}]},{\"@type\":\"ImageObject\",\"inLanguage\":\"es-PE\",\"@id\":\"https:\/\/admision.up.edu.pe\/blog\/las-clinicas-juridicas-de-la-universidad-del-pacifico-aprendizaje-practico-y-responsabilidad-social-para-estudiantes-de-derecho\/#primaryimage\",\"url\":\"https:\/\/admision.up.edu.pe\/blog\/wp-content\/uploads\/2022\/05\/2-8.jpg\",\"contentUrl\":\"https:\/\/admision.up.edu.pe\/blog\/wp-content\/uploads\/2022\/05\/2-8.jpg\",\"width\":524,\"height\":273},{\"@type\":\"WebSite\",\"@id\":\"https:\/\/admision.up.edu.pe\/blog\/#website\",\"url\":\"https:\/\/admision.up.edu.pe\/blog\/\",\"name\":\"Blog Admisi\u00f3n\",\"description\":\"UP\",\"potentialAction\":[{\"@type\":\"SearchAction\",\"target\":{\"@type\":\"EntryPoint\",\"urlTemplate\":\"https:\/\/admision.up.edu.pe\/blog\/?s={search_term_string}\"},\"query-input\":{\"@type\":\"PropertyValueSpecification\",\"valueRequired\":true,\"valueName\":\"search_term_string\"}}],\"inLanguage\":\"es-PE\"},{\"@type\":\"Person\",\"@id\":\"https:\/\/admision.up.edu.pe\/blog\/#\/schema\/person\/7057daa0ac97d5b3c09bac42ce3d5549\",\"name\":\"admin\",\"image\":{\"@type\":\"ImageObject\",\"inLanguage\":\"es-PE\",\"@id\":\"https:\/\/admision.up.edu.pe\/blog\/#\/schema\/person\/image\/\",\"url\":\"https:\/\/secure.gravatar.com\/avatar\/4b0a7b02ed9b77e2b9377d08d9baea60?s=96&d=mm&r=g\",\"contentUrl\":\"https:\/\/secure.gravatar.com\/avatar\/4b0a7b02ed9b77e2b9377d08d9baea60?s=96&d=mm&r=g\",\"caption\":\"admin\"},\"url\":\"https:\/\/admision.up.edu.pe\/blog\/author\/admin\/\"}]}<\/script>\n<!-- \/ Yoast SEO plugin. -->","yoast_head_json":{"title":"Las cl\u00ednicas jur\u00eddicas de la Universidad del Pac\u00edfico","description":"Las cl\u00ednicas jur\u00eddicas de derecho penal, derecho ambiental, y libertades informativas se llevan a cabo en la Universidad del Pac\u00edfico","robots":{"index":"index","follow":"follow","max-snippet":"max-snippet:-1","max-image-preview":"max-image-preview:large","max-video-preview":"max-video-preview:-1"},"canonical":"https:\/\/admision.up.edu.pe\/blog\/las-clinicas-juridicas-de-la-universidad-del-pacifico-aprendizaje-practico-y-responsabilidad-social-para-estudiantes-de-derecho\/","og_locale":"es_ES","og_type":"article","og_title":"Las cl\u00ednicas jur\u00eddicas de la Universidad del Pac\u00edfico","og_description":"Las cl\u00ednicas jur\u00eddicas de derecho penal, derecho ambiental, y libertades informativas se llevan a cabo en la Universidad del Pac\u00edfico","og_url":"https:\/\/admision.up.edu.pe\/blog\/las-clinicas-juridicas-de-la-universidad-del-pacifico-aprendizaje-practico-y-responsabilidad-social-para-estudiantes-de-derecho\/","og_site_name":"Blog Admisi\u00f3n","article_published_time":"2022-01-08T16:14:18+00:00","article_modified_time":"2022-07-07T01:28:34+00:00","og_image":[{"width":524,"height":273,"url":"https:\/\/admision.up.edu.pe\/blog\/wp-content\/uploads\/2022\/05\/2-8.jpg","type":"image\/jpeg"}],"author":"admin","twitter_card":"summary_large_image","twitter_misc":{"Written by":"admin","Est. reading time":"6 minutos"},"schema":{"@context":"https:\/\/schema.org","@graph":[{"@type":"WebPage","@id":"https:\/\/admision.up.edu.pe\/blog\/las-clinicas-juridicas-de-la-universidad-del-pacifico-aprendizaje-practico-y-responsabilidad-social-para-estudiantes-de-derecho\/","url":"https:\/\/admision.up.edu.pe\/blog\/las-clinicas-juridicas-de-la-universidad-del-pacifico-aprendizaje-practico-y-responsabilidad-social-para-estudiantes-de-derecho\/","name":"Las cl\u00ednicas jur\u00eddicas de la Universidad del Pac\u00edfico","isPartOf":{"@id":"https:\/\/admision.up.edu.pe\/blog\/#website"},"primaryImageOfPage":{"@id":"https:\/\/admision.up.edu.pe\/blog\/las-clinicas-juridicas-de-la-universidad-del-pacifico-aprendizaje-practico-y-responsabilidad-social-para-estudiantes-de-derecho\/#primaryimage"},"image":{"@id":"https:\/\/admision.up.edu.pe\/blog\/las-clinicas-juridicas-de-la-universidad-del-pacifico-aprendizaje-practico-y-responsabilidad-social-para-estudiantes-de-derecho\/#primaryimage"},"thumbnailUrl":"https:\/\/admision.up.edu.pe\/blog\/wp-content\/uploads\/2022\/05\/2-8.jpg","datePublished":"2022-01-08T16:14:18+00:00","dateModified":"2022-07-07T01:28:34+00:00","author":{"@id":"https:\/\/admision.up.edu.pe\/blog\/#\/schema\/person\/7057daa0ac97d5b3c09bac42ce3d5549"},"description":"Las cl\u00ednicas jur\u00eddicas de derecho penal, derecho ambiental, y libertades informativas se llevan a cabo en la Universidad del Pac\u00edfico","inLanguage":"es-PE","potentialAction":[{"@type":"ReadAction","target":["https:\/\/admision.up.edu.pe\/blog\/las-clinicas-juridicas-de-la-universidad-del-pacifico-aprendizaje-practico-y-responsabilidad-social-para-estudiantes-de-derecho\/"]}]},{"@type":"ImageObject","inLanguage":"es-PE","@id":"https:\/\/admision.up.edu.pe\/blog\/las-clinicas-juridicas-de-la-universidad-del-pacifico-aprendizaje-practico-y-responsabilidad-social-para-estudiantes-de-derecho\/#primaryimage","url":"https:\/\/admision.up.edu.pe\/blog\/wp-content\/uploads\/2022\/05\/2-8.jpg","contentUrl":"https:\/\/admision.up.edu.pe\/blog\/wp-content\/uploads\/2022\/05\/2-8.jpg","width":524,"height":273},{"@type":"WebSite","@id":"https:\/\/admision.up.edu.pe\/blog\/#website","url":"https:\/\/admision.up.edu.pe\/blog\/","name":"Blog Admisi\u00f3n","description":"UP","potentialAction":[{"@type":"SearchAction","target":{"@type":"EntryPoint","urlTemplate":"https:\/\/admision.up.edu.pe\/blog\/?s={search_term_string}"},"query-input":{"@type":"PropertyValueSpecification","valueRequired":true,"valueName":"search_term_string"}}],"inLanguage":"es-PE"},{"@type":"Person","@id":"https:\/\/admision.up.edu.pe\/blog\/#\/schema\/person\/7057daa0ac97d5b3c09bac42ce3d5549","name":"admin","image":{"@type":"ImageObject","inLanguage":"es-PE","@id":"https:\/\/admision.up.edu.pe\/blog\/#\/schema\/person\/image\/","url":"https:\/\/secure.gravatar.com\/avatar\/4b0a7b02ed9b77e2b9377d08d9baea60?s=96&d=mm&r=g","contentUrl":"https:\/\/secure.gravatar.com\/avatar\/4b0a7b02ed9b77e2b9377d08d9baea60?s=96&d=mm&r=g","caption":"admin"},"url":"https:\/\/admision.up.edu.pe\/blog\/author\/admin\/"}]}},"_links":{"self":[{"href":"https:\/\/admision.up.edu.pe\/blog\/wp-json\/wp\/v2\/posts\/1734","targetHints":{"allow":["GET"]}}],"collection":[{"href":"https:\/\/admision.up.edu.pe\/blog\/wp-json\/wp\/v2\/posts"}],"about":[{"href":"https:\/\/admision.up.edu.pe\/blog\/wp-json\/wp\/v2\/types\/post"}],"author":[{"embeddable":true,"href":"https:\/\/admision.up.edu.pe\/blog\/wp-json\/wp\/v2\/users\/1"}],"replies":[{"embeddable":true,"href":"https:\/\/admision.up.edu.pe\/blog\/wp-json\/wp\/v2\/comments?post=1734"}],"version-history":[{"count":1,"href":"https:\/\/admision.up.edu.pe\/blog\/wp-json\/wp\/v2\/posts\/1734\/revisions"}],"predecessor-version":[{"id":1738,"href":"https:\/\/admision.up.edu.pe\/blog\/wp-json\/wp\/v2\/posts\/1734\/revisions\/1738"}],"wp:featuredmedia":[{"embeddable":true,"href":"https:\/\/admision.up.edu.pe\/blog\/wp-json\/wp\/v2\/media\/1737"}],"wp:attachment":[{"href":"https:\/\/admision.up.edu.pe\/blog\/wp-json\/wp\/v2\/media?parent=1734"}],"wp:term":[{"taxonomy":"category","embeddable":true,"href":"https:\/\/admision.up.edu.pe\/blog\/wp-json\/wp\/v2\/categories?post=1734"},{"taxonomy":"post_tag","embeddable":true,"href":"https:\/\/admision.up.edu.pe\/blog\/wp-json\/wp\/v2\/tags?post=1734"}],"curies":[{"name":"wp","href":"https:\/\/api.w.org\/{rel}","templated":true}]}}