{"id":1423,"date":"2021-09-24T10:06:45","date_gmt":"2021-09-24T15:06:45","guid":{"rendered":"https:\/\/admision.up.edu.pe\/blog\/?p=1423"},"modified":"2022-07-06T19:29:52","modified_gmt":"2022-07-07T00:29:52","slug":"inteligencia-emocional","status":"publish","type":"post","link":"https:\/\/admision.up.edu.pe\/blog\/inteligencia-emocional\/","title":{"rendered":"Inteligencia Emocional"},"content":{"rendered":"<p><strong><em>\u201cUn docente necesita desarrollar su propia inteligencia emocional para poder promoverla en sus alumnos\u201d<\/em><\/strong><\/p>\n<p><span style=\"font-weight: 400;\">Jorge P\u00e9rez-Reyes De la Flor, docente de la Universidad del Pac\u00edfico, nos cuenta acerca de la importancia de desarrollar la inteligencia emocional en las aulas para preparar a los estudiantes para los grandes retos del futuro.\u00a0<\/span><\/p>\n<p><span style=\"font-weight: 400;\">Desde la publicaci\u00f3n del libro de Daniel Goleman, \u201cInteligencia Emocional\u201d (1995), este concepto ha ido adquiriendo cada vez m\u00e1s relevancia y atenci\u00f3n. Este libro, traducido a m\u00e1s de 40 idiomas y con 5 millones de ejemplares vendidos, tuvo enormes repercusiones a nivel del desarrollo profesional y pedag\u00f3gico. Esta nueva forma de entender nuestras capacidades m\u00e1s all\u00e1 de las que mide el coeficiente intelectual es necesaria para preparar a los alumnos de hoy para los grandes desaf\u00edos del ma\u00f1ana. \u201cLa inteligencia emocional se puede considerar como ese conjunto de habilidades que nos permiten reconocer, gestionar y dirigir nuestras emociones\u201d, explica Jorge P\u00e9rez-Reyes De la Flor, profesor y coordinador de orientaci\u00f3n psicopedag\u00f3gica de la Universidad del Pac\u00edfico.<\/span><\/p>\n<p><span style=\"font-weight: 400;\">Asimismo, agrega que este \u201cbuen manejo emocional tiene una gran influencia sobre lo cognitivo\u201d, dado que sirve para dirigir nuestra concentraci\u00f3n, tolerar mejor el estr\u00e9s y la frustraci\u00f3n y tener mejor recepci\u00f3n sobre las demandas del entorno. La inteligencia emocional nos permite tambi\u00e9n el autoconocimiento suficiente para trazarnos objetivos realizables seg\u00fan nuestras habilidades y expectativas.\u00a0<\/span><\/p>\n<p><span style=\"font-weight: 400;\">\u201cEs importante ense\u00f1arle a los ni\u00f1os a que identifiquen sus emociones\u00bb, explica el docente acerca de c\u00f3mo se inicia el desarrollo de la inteligencia emocional. \u201cEs importante que el ni\u00f1o comprenda qu\u00e9 es lo que siente y por qu\u00e9 lo siente, para que en el futuro pueda responder mejor a diversas situaciones\u201d. Esta educaci\u00f3n en autoconocimiento y gesti\u00f3n de las emociones empieza desde temprana edad, pero es desarrollable en todas las etapas y es valorada en todas las disciplinas: en lo pedag\u00f3gico, lo profesional y lo deportivo. \u201cLas competencias blandas tienen un gran impacto en nuestras vidas, porque nos permite tambi\u00e9n desarrollarnos con los dem\u00e1s de mejor forma\u201d, comenta.<\/span><\/p>\n<p><span style=\"font-weight: 400;\">La inteligencia emocional nos permite tambi\u00e9n comunicarnos de manera emp\u00e1tica y saber moderar nuestros impulsos. Estas habilidades son esenciales para los diversos escenarios laborales y personales, incluso en nuestro v\u00ednculo con las redes sociales. \u201cTwitter, por ejemplo, se ha vuelto un dep\u00f3sito de <\/span><i><span style=\"font-weight: 400;\">no pienso y lanzo<\/span><\/i><span style=\"font-weight: 400;\">. Es necesario detenerse a pensar: \u00bfQu\u00e9 quiero decir exactamente? \u00bfEs el mejor momento para hacerlo? \u00bfPodr\u00eda ofender a alguien con esto? Una persona con inteligencia emocional desarrollada tiene menos probabilidades de hacer publicaciones de las que luego pueda arrepentirse\u201d, explica P\u00e9rez-Reyes De la Flor.<\/span><\/p>\n<p><span style=\"font-weight: 400;\">Otro dato interesante que comenta el docente es que la inteligencia emocional nunca termina de desarrollarse. Es m\u00e1s, \u201cse dispara a partir de los 18 a\u00f1os, por la maduraci\u00f3n, la colecci\u00f3n de experiencias de vida, los procesos de socializaci\u00f3n, entre otros factores\u201d.\u00a0<\/span><\/p>\n<p><img loading=\"lazy\" decoding=\"async\" class=\"aligncenter wp-image-1426 size-large\" src=\"https:\/\/admision.up.edu.pe\/blog\/wp-content\/uploads\/2021\/09\/up_pregrado-2005-1024x682.jpg\" alt=\"\" width=\"696\" height=\"464\" srcset=\"https:\/\/admision.up.edu.pe\/blog\/wp-content\/uploads\/2021\/09\/up_pregrado-2005-1024x682.jpg 1024w, https:\/\/admision.up.edu.pe\/blog\/wp-content\/uploads\/2021\/09\/up_pregrado-2005-300x200.jpg 300w, https:\/\/admision.up.edu.pe\/blog\/wp-content\/uploads\/2021\/09\/up_pregrado-2005-768x512.jpg 768w, https:\/\/admision.up.edu.pe\/blog\/wp-content\/uploads\/2021\/09\/up_pregrado-2005-1536x1024.jpg 1536w, https:\/\/admision.up.edu.pe\/blog\/wp-content\/uploads\/2021\/09\/up_pregrado-2005-2048x1365.jpg 2048w, https:\/\/admision.up.edu.pe\/blog\/wp-content\/uploads\/2021\/09\/up_pregrado-2005-696x464.jpg 696w, https:\/\/admision.up.edu.pe\/blog\/wp-content\/uploads\/2021\/09\/up_pregrado-2005-1068x712.jpg 1068w, https:\/\/admision.up.edu.pe\/blog\/wp-content\/uploads\/2021\/09\/up_pregrado-2005-1920x1279.jpg 1920w, https:\/\/admision.up.edu.pe\/blog\/wp-content\/uploads\/2021\/09\/up_pregrado-2005-630x420.jpg 630w\" sizes=\"auto, (max-width: 696px) 100vw, 696px\" \/><\/p>\n<h2><span style=\"font-weight: 400;\">Reconocerla y desarrollarla<\/span><\/h2>\n<p><span style=\"font-weight: 400;\">\u00bfC\u00f3mo reconocemos a alguien que tiene una elevada inteligencia emocional? Seg\u00fan explica el experto, una persona con esta caracter\u00edstica desarrollada suele estar m\u00e1s segura de lo que es, lo que tiene y tiende a sentirse satisfecha con ello. Asimismo, reconoce sus limitaciones. Tiene seguridad y autonom\u00eda. Controla sus impulsos y sus arrebatos, porque toma conciencia sobre sus consecuencias. Es flexible y se adapta a los cambios y nuevos entornos. Tolera la frustraci\u00f3n, es emp\u00e1tica y asertiva. Reconoce sus errores y se traza metas. Goleman, de hecho, habla de cinco elementos clave para medir la inteligencia emocional: la autoconciencia, la autorregulaci\u00f3n, la motivaci\u00f3n, la empat\u00eda y el buen manejo de las relaciones interpersonales.\u00a0<\/span><\/p>\n<p><span style=\"font-weight: 400;\">Dicho todo esto, \u00bfc\u00f3mo es que se desarrolla? \u201cSon clave las actividades grupales, porque nos regulan frente al otro\u201d, explica el docente. \u201cEs necesario tambi\u00e9n involucrar a la persona en diversas experiencias que los hagan socializar, hacerlos conocer otras realidades y que entiendan que existen otras personas con diferentes formas de comprender el mundo\u201d. Asimismo, es clave, tambi\u00e9n, desde temprana edad, que se fomente la autonom\u00eda y, como dec\u00edamos, el autoconocimiento.\u00a0<\/span><\/p>\n<p><span style=\"font-weight: 400;\">En ese sentido, el profesor da un consejo crucial para los docentes que pretenden motivar el desarrollo de estas habilidades blandas en las aulas. \u201cPreoc\u00fapense primero por desarrollar su propia inteligencia emocional\u201d, recomienda. \u201cUn docente necesita desarrollar su propia inteligencia emocional para poder promoverla en sus estudiantes. Si el propio docente es alguien que no maneja sus impulsos, que no se comunica de forma emp\u00e1tica, va a ser muy dif\u00edcil que contribuya a formar esto en sus alumnos\u201d<\/span><\/p>\n<p><span style=\"font-weight: 400;\">Otras sugerencias de P\u00e9rez-Reyes De la Flor pasan por alentar las intervenciones en clase, los trabajos grupales, el voluntariado, las expresiones art\u00edsticas, las actividades deportivas, la creatividad. \u201cTodo eso suma a construir la inteligencia emocional\u201d, concluye.\u00a0\u00a0<\/span><\/p>\n<div id='gallery-1' class='gallery galleryid-1423 gallery-columns-2 gallery-size-large'><figure class='gallery-item'>\n\t\t\t<div class='gallery-icon landscape'>\n\t\t\t\t<a href='https:\/\/admision.up.edu.pe\/blog\/inteligencia-emocional\/tivu\/'><img loading=\"lazy\" decoding=\"async\" width=\"696\" height=\"464\" src=\"https:\/\/admision.up.edu.pe\/blog\/wp-content\/uploads\/2021\/09\/TIVU-1024x683.jpg\" class=\"attachment-large size-large\" alt=\"\" srcset=\"https:\/\/admision.up.edu.pe\/blog\/wp-content\/uploads\/2021\/09\/TIVU-1024x683.jpg 1024w, https:\/\/admision.up.edu.pe\/blog\/wp-content\/uploads\/2021\/09\/TIVU-300x200.jpg 300w, https:\/\/admision.up.edu.pe\/blog\/wp-content\/uploads\/2021\/09\/TIVU-768x512.jpg 768w, https:\/\/admision.up.edu.pe\/blog\/wp-content\/uploads\/2021\/09\/TIVU-1536x1024.jpg 1536w, https:\/\/admision.up.edu.pe\/blog\/wp-content\/uploads\/2021\/09\/TIVU-696x464.jpg 696w, https:\/\/admision.up.edu.pe\/blog\/wp-content\/uploads\/2021\/09\/TIVU-1068x712.jpg 1068w, https:\/\/admision.up.edu.pe\/blog\/wp-content\/uploads\/2021\/09\/TIVU-1920x1280.jpg 1920w, https:\/\/admision.up.edu.pe\/blog\/wp-content\/uploads\/2021\/09\/TIVU-630x420.jpg 630w, https:\/\/admision.up.edu.pe\/blog\/wp-content\/uploads\/2021\/09\/TIVU.jpg 1944w\" sizes=\"auto, (max-width: 696px) 100vw, 696px\" \/><\/a>\n\t\t\t<\/div><\/figure><figure class='gallery-item'>\n\t\t\t<div class='gallery-icon landscape'>\n\t\t\t\t<a href='https:\/\/admision.up.edu.pe\/blog\/inteligencia-emocional\/brigada-up\/'><img loading=\"lazy\" decoding=\"async\" width=\"696\" height=\"464\" src=\"https:\/\/admision.up.edu.pe\/blog\/wp-content\/uploads\/2021\/09\/Brigada-UP-1024x683.jpg\" class=\"attachment-large size-large\" alt=\"\" srcset=\"https:\/\/admision.up.edu.pe\/blog\/wp-content\/uploads\/2021\/09\/Brigada-UP-1024x683.jpg 1024w, https:\/\/admision.up.edu.pe\/blog\/wp-content\/uploads\/2021\/09\/Brigada-UP-300x200.jpg 300w, https:\/\/admision.up.edu.pe\/blog\/wp-content\/uploads\/2021\/09\/Brigada-UP-768x512.jpg 768w, https:\/\/admision.up.edu.pe\/blog\/wp-content\/uploads\/2021\/09\/Brigada-UP-1536x1024.jpg 1536w, https:\/\/admision.up.edu.pe\/blog\/wp-content\/uploads\/2021\/09\/Brigada-UP-696x464.jpg 696w, https:\/\/admision.up.edu.pe\/blog\/wp-content\/uploads\/2021\/09\/Brigada-UP-1068x712.jpg 1068w, https:\/\/admision.up.edu.pe\/blog\/wp-content\/uploads\/2021\/09\/Brigada-UP-1920x1280.jpg 1920w, https:\/\/admision.up.edu.pe\/blog\/wp-content\/uploads\/2021\/09\/Brigada-UP-630x420.jpg 630w, https:\/\/admision.up.edu.pe\/blog\/wp-content\/uploads\/2021\/09\/Brigada-UP.jpg 2048w\" sizes=\"auto, (max-width: 696px) 100vw, 696px\" \/><\/a>\n\t\t\t<\/div><\/figure><figure class='gallery-item'>\n\t\t\t<div class='gallery-icon landscape'>\n\t\t\t\t<a href='https:\/\/admision.up.edu.pe\/blog\/inteligencia-emocional\/seleccion-de-voley\/'><img loading=\"lazy\" decoding=\"async\" width=\"696\" height=\"522\" src=\"https:\/\/admision.up.edu.pe\/blog\/wp-content\/uploads\/2021\/09\/Seleccion-de-voley-1024x768.jpg\" class=\"attachment-large size-large\" alt=\"\" srcset=\"https:\/\/admision.up.edu.pe\/blog\/wp-content\/uploads\/2021\/09\/Seleccion-de-voley-1024x768.jpg 1024w, https:\/\/admision.up.edu.pe\/blog\/wp-content\/uploads\/2021\/09\/Seleccion-de-voley-300x225.jpg 300w, https:\/\/admision.up.edu.pe\/blog\/wp-content\/uploads\/2021\/09\/Seleccion-de-voley-768x576.jpg 768w, https:\/\/admision.up.edu.pe\/blog\/wp-content\/uploads\/2021\/09\/Seleccion-de-voley-1536x1152.jpg 1536w, https:\/\/admision.up.edu.pe\/blog\/wp-content\/uploads\/2021\/09\/Seleccion-de-voley-696x522.jpg 696w, https:\/\/admision.up.edu.pe\/blog\/wp-content\/uploads\/2021\/09\/Seleccion-de-voley-1068x801.jpg 1068w, https:\/\/admision.up.edu.pe\/blog\/wp-content\/uploads\/2021\/09\/Seleccion-de-voley-560x420.jpg 560w, https:\/\/admision.up.edu.pe\/blog\/wp-content\/uploads\/2021\/09\/Seleccion-de-voley-80x60.jpg 80w, https:\/\/admision.up.edu.pe\/blog\/wp-content\/uploads\/2021\/09\/Seleccion-de-voley-265x198.jpg 265w, https:\/\/admision.up.edu.pe\/blog\/wp-content\/uploads\/2021\/09\/Seleccion-de-voley.jpg 1728w\" sizes=\"auto, (max-width: 696px) 100vw, 696px\" \/><\/a>\n\t\t\t<\/div><\/figure><figure class='gallery-item'>\n\t\t\t<div class='gallery-icon landscape'>\n\t\t\t\t<a href='https:\/\/admision.up.edu.pe\/blog\/inteligencia-emocional\/basquet-femenino\/'><img loading=\"lazy\" decoding=\"async\" width=\"696\" height=\"522\" src=\"https:\/\/admision.up.edu.pe\/blog\/wp-content\/uploads\/2021\/09\/basquet-femenino-1024x768.jpg\" class=\"attachment-large size-large\" alt=\"\" srcset=\"https:\/\/admision.up.edu.pe\/blog\/wp-content\/uploads\/2021\/09\/basquet-femenino-1024x768.jpg 1024w, https:\/\/admision.up.edu.pe\/blog\/wp-content\/uploads\/2021\/09\/basquet-femenino-300x225.jpg 300w, https:\/\/admision.up.edu.pe\/blog\/wp-content\/uploads\/2021\/09\/basquet-femenino-768x576.jpg 768w, https:\/\/admision.up.edu.pe\/blog\/wp-content\/uploads\/2021\/09\/basquet-femenino-696x522.jpg 696w, https:\/\/admision.up.edu.pe\/blog\/wp-content\/uploads\/2021\/09\/basquet-femenino-1068x801.jpg 1068w, https:\/\/admision.up.edu.pe\/blog\/wp-content\/uploads\/2021\/09\/basquet-femenino-560x420.jpg 560w, https:\/\/admision.up.edu.pe\/blog\/wp-content\/uploads\/2021\/09\/basquet-femenino-80x60.jpg 80w, https:\/\/admision.up.edu.pe\/blog\/wp-content\/uploads\/2021\/09\/basquet-femenino-265x198.jpg 265w, https:\/\/admision.up.edu.pe\/blog\/wp-content\/uploads\/2021\/09\/basquet-femenino.jpg 1152w\" sizes=\"auto, (max-width: 696px) 100vw, 696px\" \/><\/a>\n\t\t\t<\/div><\/figure>\n\t\t<\/div>\n\n","protected":false},"excerpt":{"rendered":"<p>\u201cUn docente necesita desarrollar su propia inteligencia emocional para poder promoverla en sus alumnos\u201d Jorge P\u00e9rez-Reyes De la Flor, docente de la Universidad del Pac\u00edfico, nos cuenta acerca de la importancia de desarrollar la inteligencia emocional en las aulas para preparar a los estudiantes para los grandes retos del futuro.\u00a0 Desde la publicaci\u00f3n del libro [&hellip;]<\/p>\n","protected":false},"author":1,"featured_media":1432,"comment_status":"closed","ping_status":"open","sticky":false,"template":"","format":"standard","meta":{"_acf_changed":false,"inline_featured_image":false,"footnotes":""},"categories":[29],"tags":[],"class_list":{"0":"post-1423","1":"post","2":"type-post","3":"status-publish","4":"format-standard","5":"has-post-thumbnail","7":"category-asesoria-educativa"},"acf":[],"yoast_head":"<!-- This site is optimized with the Yoast SEO plugin v25.6 - https:\/\/yoast.com\/wordpress\/plugins\/seo\/ -->\n<title>Un docente nos ense\u00f1a como desarrollar la inteligencia emocional.<\/title>\n<meta name=\"description\" content=\"Jorge P\u00e9rez docente de la Universidad del Pac\u00edfico, nos cuenta acerca de la importancia de desarrollar la inteligencia emocional.\" \/>\n<meta name=\"robots\" content=\"index, follow, max-snippet:-1, max-image-preview:large, max-video-preview:-1\" \/>\n<link rel=\"canonical\" href=\"https:\/\/admision.up.edu.pe\/blog\/inteligencia-emocional\/\" \/>\n<meta property=\"og:locale\" content=\"es_ES\" \/>\n<meta property=\"og:type\" content=\"article\" \/>\n<meta property=\"og:title\" content=\"Un docente nos ense\u00f1a como desarrollar la inteligencia emocional.\" \/>\n<meta property=\"og:description\" content=\"Jorge P\u00e9rez docente de la Universidad del Pac\u00edfico, nos cuenta acerca de la importancia de desarrollar la inteligencia emocional.\" \/>\n<meta property=\"og:url\" content=\"https:\/\/admision.up.edu.pe\/blog\/inteligencia-emocional\/\" \/>\n<meta property=\"og:site_name\" content=\"Blog Admisi\u00f3n\" \/>\n<meta property=\"article:published_time\" content=\"2021-09-24T15:06:45+00:00\" \/>\n<meta property=\"article:modified_time\" content=\"2022-07-07T00:29:52+00:00\" \/>\n<meta property=\"og:image\" content=\"https:\/\/admision.up.edu.pe\/blog\/wp-content\/uploads\/2021\/09\/TIVU.jpg\" \/>\n\t<meta property=\"og:image:width\" content=\"1944\" \/>\n\t<meta property=\"og:image:height\" content=\"1296\" \/>\n\t<meta property=\"og:image:type\" content=\"image\/jpeg\" \/>\n<meta name=\"author\" content=\"admin\" \/>\n<meta name=\"twitter:card\" content=\"summary_large_image\" \/>\n<meta name=\"twitter:label1\" content=\"Written by\" \/>\n\t<meta name=\"twitter:data1\" content=\"admin\" \/>\n\t<meta name=\"twitter:label2\" content=\"Est. reading time\" \/>\n\t<meta name=\"twitter:data2\" content=\"4 minutos\" \/>\n<script type=\"application\/ld+json\" class=\"yoast-schema-graph\">{\"@context\":\"https:\/\/schema.org\",\"@graph\":[{\"@type\":\"WebPage\",\"@id\":\"https:\/\/admision.up.edu.pe\/blog\/inteligencia-emocional\/\",\"url\":\"https:\/\/admision.up.edu.pe\/blog\/inteligencia-emocional\/\",\"name\":\"Un docente nos ense\u00f1a como desarrollar la inteligencia emocional.\",\"isPartOf\":{\"@id\":\"https:\/\/admision.up.edu.pe\/blog\/#website\"},\"primaryImageOfPage\":{\"@id\":\"https:\/\/admision.up.edu.pe\/blog\/inteligencia-emocional\/#primaryimage\"},\"image\":{\"@id\":\"https:\/\/admision.up.edu.pe\/blog\/inteligencia-emocional\/#primaryimage\"},\"thumbnailUrl\":\"https:\/\/admision.up.edu.pe\/blog\/wp-content\/uploads\/2021\/09\/TIVU.jpg\",\"datePublished\":\"2021-09-24T15:06:45+00:00\",\"dateModified\":\"2022-07-07T00:29:52+00:00\",\"author\":{\"@id\":\"https:\/\/admision.up.edu.pe\/blog\/#\/schema\/person\/7057daa0ac97d5b3c09bac42ce3d5549\"},\"description\":\"Jorge P\u00e9rez docente de la Universidad del Pac\u00edfico, nos cuenta acerca de la importancia de desarrollar la inteligencia emocional.\",\"inLanguage\":\"es-PE\",\"potentialAction\":[{\"@type\":\"ReadAction\",\"target\":[\"https:\/\/admision.up.edu.pe\/blog\/inteligencia-emocional\/\"]}]},{\"@type\":\"ImageObject\",\"inLanguage\":\"es-PE\",\"@id\":\"https:\/\/admision.up.edu.pe\/blog\/inteligencia-emocional\/#primaryimage\",\"url\":\"https:\/\/admision.up.edu.pe\/blog\/wp-content\/uploads\/2021\/09\/TIVU.jpg\",\"contentUrl\":\"https:\/\/admision.up.edu.pe\/blog\/wp-content\/uploads\/2021\/09\/TIVU.jpg\",\"width\":1944,\"height\":1296},{\"@type\":\"WebSite\",\"@id\":\"https:\/\/admision.up.edu.pe\/blog\/#website\",\"url\":\"https:\/\/admision.up.edu.pe\/blog\/\",\"name\":\"Blog Admisi\u00f3n\",\"description\":\"UP\",\"potentialAction\":[{\"@type\":\"SearchAction\",\"target\":{\"@type\":\"EntryPoint\",\"urlTemplate\":\"https:\/\/admision.up.edu.pe\/blog\/?s={search_term_string}\"},\"query-input\":{\"@type\":\"PropertyValueSpecification\",\"valueRequired\":true,\"valueName\":\"search_term_string\"}}],\"inLanguage\":\"es-PE\"},{\"@type\":\"Person\",\"@id\":\"https:\/\/admision.up.edu.pe\/blog\/#\/schema\/person\/7057daa0ac97d5b3c09bac42ce3d5549\",\"name\":\"admin\",\"image\":{\"@type\":\"ImageObject\",\"inLanguage\":\"es-PE\",\"@id\":\"https:\/\/admision.up.edu.pe\/blog\/#\/schema\/person\/image\/\",\"url\":\"https:\/\/secure.gravatar.com\/avatar\/4b0a7b02ed9b77e2b9377d08d9baea60?s=96&d=mm&r=g\",\"contentUrl\":\"https:\/\/secure.gravatar.com\/avatar\/4b0a7b02ed9b77e2b9377d08d9baea60?s=96&d=mm&r=g\",\"caption\":\"admin\"},\"url\":\"https:\/\/admision.up.edu.pe\/blog\/author\/admin\/\"}]}<\/script>\n<!-- \/ Yoast SEO plugin. -->","yoast_head_json":{"title":"Un docente nos ense\u00f1a como desarrollar la inteligencia emocional.","description":"Jorge P\u00e9rez docente de la Universidad del Pac\u00edfico, nos cuenta acerca de la importancia de desarrollar la inteligencia emocional.","robots":{"index":"index","follow":"follow","max-snippet":"max-snippet:-1","max-image-preview":"max-image-preview:large","max-video-preview":"max-video-preview:-1"},"canonical":"https:\/\/admision.up.edu.pe\/blog\/inteligencia-emocional\/","og_locale":"es_ES","og_type":"article","og_title":"Un docente nos ense\u00f1a como desarrollar la inteligencia emocional.","og_description":"Jorge P\u00e9rez docente de la Universidad del Pac\u00edfico, nos cuenta acerca de la importancia de desarrollar la inteligencia emocional.","og_url":"https:\/\/admision.up.edu.pe\/blog\/inteligencia-emocional\/","og_site_name":"Blog Admisi\u00f3n","article_published_time":"2021-09-24T15:06:45+00:00","article_modified_time":"2022-07-07T00:29:52+00:00","og_image":[{"width":1944,"height":1296,"url":"https:\/\/admision.up.edu.pe\/blog\/wp-content\/uploads\/2021\/09\/TIVU.jpg","type":"image\/jpeg"}],"author":"admin","twitter_card":"summary_large_image","twitter_misc":{"Written by":"admin","Est. reading time":"4 minutos"},"schema":{"@context":"https:\/\/schema.org","@graph":[{"@type":"WebPage","@id":"https:\/\/admision.up.edu.pe\/blog\/inteligencia-emocional\/","url":"https:\/\/admision.up.edu.pe\/blog\/inteligencia-emocional\/","name":"Un docente nos ense\u00f1a como desarrollar la inteligencia emocional.","isPartOf":{"@id":"https:\/\/admision.up.edu.pe\/blog\/#website"},"primaryImageOfPage":{"@id":"https:\/\/admision.up.edu.pe\/blog\/inteligencia-emocional\/#primaryimage"},"image":{"@id":"https:\/\/admision.up.edu.pe\/blog\/inteligencia-emocional\/#primaryimage"},"thumbnailUrl":"https:\/\/admision.up.edu.pe\/blog\/wp-content\/uploads\/2021\/09\/TIVU.jpg","datePublished":"2021-09-24T15:06:45+00:00","dateModified":"2022-07-07T00:29:52+00:00","author":{"@id":"https:\/\/admision.up.edu.pe\/blog\/#\/schema\/person\/7057daa0ac97d5b3c09bac42ce3d5549"},"description":"Jorge P\u00e9rez docente de la Universidad del Pac\u00edfico, nos cuenta acerca de la importancia de desarrollar la inteligencia emocional.","inLanguage":"es-PE","potentialAction":[{"@type":"ReadAction","target":["https:\/\/admision.up.edu.pe\/blog\/inteligencia-emocional\/"]}]},{"@type":"ImageObject","inLanguage":"es-PE","@id":"https:\/\/admision.up.edu.pe\/blog\/inteligencia-emocional\/#primaryimage","url":"https:\/\/admision.up.edu.pe\/blog\/wp-content\/uploads\/2021\/09\/TIVU.jpg","contentUrl":"https:\/\/admision.up.edu.pe\/blog\/wp-content\/uploads\/2021\/09\/TIVU.jpg","width":1944,"height":1296},{"@type":"WebSite","@id":"https:\/\/admision.up.edu.pe\/blog\/#website","url":"https:\/\/admision.up.edu.pe\/blog\/","name":"Blog Admisi\u00f3n","description":"UP","potentialAction":[{"@type":"SearchAction","target":{"@type":"EntryPoint","urlTemplate":"https:\/\/admision.up.edu.pe\/blog\/?s={search_term_string}"},"query-input":{"@type":"PropertyValueSpecification","valueRequired":true,"valueName":"search_term_string"}}],"inLanguage":"es-PE"},{"@type":"Person","@id":"https:\/\/admision.up.edu.pe\/blog\/#\/schema\/person\/7057daa0ac97d5b3c09bac42ce3d5549","name":"admin","image":{"@type":"ImageObject","inLanguage":"es-PE","@id":"https:\/\/admision.up.edu.pe\/blog\/#\/schema\/person\/image\/","url":"https:\/\/secure.gravatar.com\/avatar\/4b0a7b02ed9b77e2b9377d08d9baea60?s=96&d=mm&r=g","contentUrl":"https:\/\/secure.gravatar.com\/avatar\/4b0a7b02ed9b77e2b9377d08d9baea60?s=96&d=mm&r=g","caption":"admin"},"url":"https:\/\/admision.up.edu.pe\/blog\/author\/admin\/"}]}},"_links":{"self":[{"href":"https:\/\/admision.up.edu.pe\/blog\/wp-json\/wp\/v2\/posts\/1423","targetHints":{"allow":["GET"]}}],"collection":[{"href":"https:\/\/admision.up.edu.pe\/blog\/wp-json\/wp\/v2\/posts"}],"about":[{"href":"https:\/\/admision.up.edu.pe\/blog\/wp-json\/wp\/v2\/types\/post"}],"author":[{"embeddable":true,"href":"https:\/\/admision.up.edu.pe\/blog\/wp-json\/wp\/v2\/users\/1"}],"replies":[{"embeddable":true,"href":"https:\/\/admision.up.edu.pe\/blog\/wp-json\/wp\/v2\/comments?post=1423"}],"version-history":[{"count":10,"href":"https:\/\/admision.up.edu.pe\/blog\/wp-json\/wp\/v2\/posts\/1423\/revisions"}],"predecessor-version":[{"id":1442,"href":"https:\/\/admision.up.edu.pe\/blog\/wp-json\/wp\/v2\/posts\/1423\/revisions\/1442"}],"wp:featuredmedia":[{"embeddable":true,"href":"https:\/\/admision.up.edu.pe\/blog\/wp-json\/wp\/v2\/media\/1432"}],"wp:attachment":[{"href":"https:\/\/admision.up.edu.pe\/blog\/wp-json\/wp\/v2\/media?parent=1423"}],"wp:term":[{"taxonomy":"category","embeddable":true,"href":"https:\/\/admision.up.edu.pe\/blog\/wp-json\/wp\/v2\/categories?post=1423"},{"taxonomy":"post_tag","embeddable":true,"href":"https:\/\/admision.up.edu.pe\/blog\/wp-json\/wp\/v2\/tags?post=1423"}],"curies":[{"name":"wp","href":"https:\/\/api.w.org\/{rel}","templated":true}]}}