{"id":1009,"date":"2021-06-20T10:18:06","date_gmt":"2021-06-20T15:18:06","guid":{"rendered":"https:\/\/admision.up.edu.pe\/blog\/?p=1009"},"modified":"2022-07-06T18:42:37","modified_gmt":"2022-07-06T23:42:37","slug":"sebastian-de-la-puente-pacifico-encamina-abogado-de-mundo","status":"publish","type":"post","link":"https:\/\/admision.up.edu.pe\/blog\/sebastian-de-la-puente-pacifico-encamina-abogado-de-mundo\/","title":{"rendered":"Sebasti\u00e1n de la Puente: \u201cLa Pac\u00edfico te encamina para ser un abogado de mundo\u201d"},"content":{"rendered":"\n<p><strong><em>La formaci\u00f3n de la Pac\u00edfico llev\u00f3 a Sebasti\u00e1n a estudiar una maestr\u00eda en Columbia y trabajar en una de las firmas de abogados m\u00e1s prestigiosas en el mundo.<\/em><\/strong><\/p>\n\n\n\n<p>Mientras esboza una sonrisa, Sebasti\u00e1n de la Puente, egresado de la Facultad de Derecho de la Universidad del Pac\u00edfico, resalta la importancia de su <em>alma mater<\/em> en su formaci\u00f3n profesional. En todo momento \u2013confiesa\u2013 tiene presente que el mundo se le hizo m\u00e1s cercano gracias a las herramientas que obtuvo y desarroll\u00f3 en la Pac\u00edfico.<\/p>\n\n\n\n<p>Hoy, Sebasti\u00e1n se encuentra en New York. Estudi\u00f3 el LL.M (Master of Laws), como se le conoce a la maestr\u00eda en Derecho, en Columbia. Esta experiencia lo llev\u00f3 a ocupar el puesto de Visiting Attorney en Shearman &amp; Sterling LLP, una de las firmas de abogados m\u00e1s reconocidas a nivel internacional, donde actualmente trabaja.&nbsp;<\/p>\n\n\n\n<p>\u201cEnrumb\u00e9 mi vida para ser abogado. Sent\u00ed que lo mejor para mi carrera era reforzar mis conocimientos en derecho y complementarlos con teor\u00edas y conocimientos de otros sistemas jur\u00eddicos\u201d, comenta Sebasti\u00e1n.&nbsp;<\/p>\n\n\n\n<p>Columbia fue su primera opci\u00f3n por dos razones. La primera, por el corte transaccional de la Universidad, pues est\u00e1 relacionado con el campo profesional en el que desea seguir trabajando al finalizar su maestr\u00eda. En esa misma l\u00ednea, Columbia le dio la oportunidad de conocer m\u00e1s del tema corporativo y aprender de profesionales <em>top <\/em>en el mundo.&nbsp;<\/p>\n\n\n\n<p>La segunda raz\u00f3n por la que eligi\u00f3 Columbia fue por la ciudad donde est\u00e1 ubicada. Su decisi\u00f3n estuvo influida por lo que para \u00e9l significa cursar una maestr\u00eda internacional: ir m\u00e1s all\u00e1 del conocimiento que se adquiere para llegar a ser una experiencia completa. Y, en ese sentido, New York le ofrec\u00eda todo eso y m\u00e1s. Tanto as\u00ed que hasta hoy sigue disfrutando de esa experiencia integral.<\/p>\n\n\n\n<p>Mucho tuvo que ver la Pac\u00edfico para animarse a buscar el \u00e9xito en el extranjero: las clases impartidas por una plana docente l\u00edder en su \u00e1mbito en el Per\u00fa y con una visi\u00f3n global fue suficiente motivaci\u00f3n para que contin\u00fae con ese ejemplo y para buscar lo mejor en el mundo. Sebasti\u00e1n considera que esta es una caracter\u00edstica transversal de su <em>alma mater<\/em>: independientemente del rumbo que tomen los estudiantes de Derecho, la Pac\u00edfico se encargar\u00e1 de acompa\u00f1ar y guiar esta exposici\u00f3n internacional.&nbsp;<\/p>\n\n\n\n<p>\u201cLa Pac\u00edfico nos permite conocer todas nuestras oportunidades y nos acerca al mundo, a un conocimiento m\u00e1s integral\u201d, asegura.&nbsp;<\/p>\n\n\n\n<p>Adem\u00e1s, Sebasti\u00e1n narra que, mientras estudiaba el pregrado de Derecho, se interes\u00f3 por varias actividades extracurriculares como el UP MUN, un evento donde los estudiantes de la Pac\u00edfico debaten con estudiantes de otros pa\u00edses simulando el proceso de negociaci\u00f3n de asuntos mundiales de la ONU. All\u00ed puso en pr\u00e1ctica toda la base jur\u00eddico-legal que aprendi\u00f3 en clases, as\u00ed como el entrenamiento que le dieron los docentes de la Universidad.<\/p>\n\n\n\n<p>En suma, la exigencia acad\u00e9mica, el enfoque de negocios, la visi\u00f3n global y las actividades extraacad\u00e9micas de la carrera de Derecho en la Pac\u00edfico marcaron el destino de Sebasti\u00e1n en cuanto a su desarrollo profesional, su decisi\u00f3n por estudiar la maestr\u00eda en Columbia y sus m\u00e9ritos para trabajar en la prestigiosa Shearman &amp; Sterling LLP. Con esa experiencia, su formaci\u00f3n en Derecho sigue siendo el incentivo para continuar sumando \u00e9xitos, y as\u00ed lo hace sentir en este mensaje dedicado a los que desean transitar por este camino:<\/p>\n\n\n\n<p>\u201cSi lo que buscas es ser un abogado para el mundo, fuera del promedio, que sepa mucho m\u00e1s que aprender leyes, no lo pienses m\u00e1s: la Pac\u00edfico te dar\u00e1 los conocimientos, las herramientas y las habilidades. Adem\u00e1s, est\u00e1 acreditada entre las universidades internacionales m\u00e1s importantes, y cuando quieras hacer un intercambio en el extranjero, la Facultad de Derecho no s\u00f3lo te ayudar\u00e1, sino que te animar\u00e1 a hacerlo. No cabe duda, la Universidad del Pac\u00edfico es tu mejor opci\u00f3n\u201d.<\/p>\n\n\n\n<p>Estar en la Pac\u00edfico es estar en el mundo. Empieza a liderar un cambio responsable hoy.<\/p>\n\n\n\n<p>\u00danete. Act\u00faa. Trasciende.<\/p>\n\n\n\n<h2 class=\"wp-block-heading\">Conoce m\u00e1s de Sebasti\u00e1n en el siguiente video:<\/h2>\n\n\n\n<p><\/p>\n\n\n<p><iframe loading=\"lazy\" title=\"YouTube video player\" src=\"https:\/\/www.youtube.com\/embed\/BM6BXjNdKEI\" width=\"560\" height=\"315\" frameborder=\"0\" allowfullscreen=\"allowfullscreen\"><\/iframe><\/p>\n<p>&nbsp;<\/p>\n<p><a href=\"https:\/\/admision.up.edu.pe\/postula-aqui\/\"><img loading=\"lazy\" decoding=\"async\" class=\"aligncenter wp-image-1044 size-full\" src=\"https:\/\/admision.up.edu.pe\/blog\/wp-content\/uploads\/2021\/06\/Postulacion-1024x169-1.png\" alt=\"\" width=\"1024\" height=\"169\" srcset=\"https:\/\/admision.up.edu.pe\/blog\/wp-content\/uploads\/2021\/06\/Postulacion-1024x169-1.png 1024w, https:\/\/admision.up.edu.pe\/blog\/wp-content\/uploads\/2021\/06\/Postulacion-1024x169-1-300x50.png 300w, https:\/\/admision.up.edu.pe\/blog\/wp-content\/uploads\/2021\/06\/Postulacion-1024x169-1-768x127.png 768w, https:\/\/admision.up.edu.pe\/blog\/wp-content\/uploads\/2021\/06\/Postulacion-1024x169-1-696x115.png 696w\" sizes=\"auto, (max-width: 1024px) 100vw, 1024px\" \/><\/a><\/p>\n\n","protected":false},"excerpt":{"rendered":"<p>La formaci\u00f3n de la Pac\u00edfico llev\u00f3 a Sebasti\u00e1n a estudiar una maestr\u00eda en Columbia y trabajar en una de las firmas de abogados m\u00e1s prestigiosas en el mundo. Mientras esboza una sonrisa, Sebasti\u00e1n de la Puente, egresado de la Facultad de Derecho de la Universidad del Pac\u00edfico, resalta la importancia de su alma mater en [&hellip;]<\/p>\n","protected":false},"author":1,"featured_media":1014,"comment_status":"closed","ping_status":"open","sticky":false,"template":"","format":"standard","meta":{"_acf_changed":false,"inline_featured_image":false,"footnotes":""},"categories":[17],"tags":[],"class_list":{"0":"post-1009","1":"post","2":"type-post","3":"status-publish","4":"format-standard","5":"has-post-thumbnail","7":"category-tu-vocacion"},"acf":[],"yoast_head":"<!-- This site is optimized with the Yoast SEO plugin v25.6 - https:\/\/yoast.com\/wordpress\/plugins\/seo\/ -->\n<title>La Pac\u00edfico te encamina para ser un abogado de mundo - Blog Admisi\u00f3n<\/title>\n<meta name=\"description\" content=\"La formaci\u00f3n de la Pac\u00edfico llev\u00f3 a Sebasti\u00e1n a estudiar una maestr\u00eda en Columbia y trabajar con las firmas de abogados m\u00e1s importante.\" \/>\n<meta name=\"robots\" content=\"index, follow, max-snippet:-1, max-image-preview:large, max-video-preview:-1\" \/>\n<link rel=\"canonical\" href=\"https:\/\/admision.up.edu.pe\/blog\/sebastian-de-la-puente-pacifico-encamina-abogado-de-mundo\/\" \/>\n<meta property=\"og:locale\" content=\"es_ES\" \/>\n<meta property=\"og:type\" content=\"article\" \/>\n<meta property=\"og:title\" content=\"La Pac\u00edfico te encamina para ser un abogado de mundo - Blog Admisi\u00f3n\" \/>\n<meta property=\"og:description\" content=\"La formaci\u00f3n de la Pac\u00edfico llev\u00f3 a Sebasti\u00e1n a estudiar una maestr\u00eda en Columbia y trabajar con las firmas de abogados m\u00e1s importante.\" \/>\n<meta property=\"og:url\" content=\"https:\/\/admision.up.edu.pe\/blog\/sebastian-de-la-puente-pacifico-encamina-abogado-de-mundo\/\" \/>\n<meta property=\"og:site_name\" content=\"Blog Admisi\u00f3n\" \/>\n<meta property=\"article:published_time\" content=\"2021-06-20T15:18:06+00:00\" \/>\n<meta property=\"article:modified_time\" content=\"2022-07-06T23:42:37+00:00\" \/>\n<meta property=\"og:image\" content=\"https:\/\/admision.up.edu.pe\/blog\/wp-content\/uploads\/2021\/06\/Blog_Derecho-Sebastian.png\" \/>\n\t<meta property=\"og:image:width\" content=\"325\" \/>\n\t<meta property=\"og:image:height\" content=\"161\" \/>\n\t<meta property=\"og:image:type\" content=\"image\/png\" \/>\n<meta name=\"author\" content=\"admin\" \/>\n<meta name=\"twitter:card\" content=\"summary_large_image\" \/>\n<meta name=\"twitter:label1\" content=\"Written by\" \/>\n\t<meta name=\"twitter:data1\" content=\"admin\" \/>\n\t<meta name=\"twitter:label2\" content=\"Est. reading time\" \/>\n\t<meta name=\"twitter:data2\" content=\"4 minutos\" \/>\n<script type=\"application\/ld+json\" class=\"yoast-schema-graph\">{\"@context\":\"https:\/\/schema.org\",\"@graph\":[{\"@type\":\"WebPage\",\"@id\":\"https:\/\/admision.up.edu.pe\/blog\/sebastian-de-la-puente-pacifico-encamina-abogado-de-mundo\/\",\"url\":\"https:\/\/admision.up.edu.pe\/blog\/sebastian-de-la-puente-pacifico-encamina-abogado-de-mundo\/\",\"name\":\"La Pac\u00edfico te encamina para ser un abogado de mundo - Blog Admisi\u00f3n\",\"isPartOf\":{\"@id\":\"https:\/\/admision.up.edu.pe\/blog\/#website\"},\"primaryImageOfPage\":{\"@id\":\"https:\/\/admision.up.edu.pe\/blog\/sebastian-de-la-puente-pacifico-encamina-abogado-de-mundo\/#primaryimage\"},\"image\":{\"@id\":\"https:\/\/admision.up.edu.pe\/blog\/sebastian-de-la-puente-pacifico-encamina-abogado-de-mundo\/#primaryimage\"},\"thumbnailUrl\":\"https:\/\/admision.up.edu.pe\/blog\/wp-content\/uploads\/2021\/06\/Blog_Derecho-Sebastian.png\",\"datePublished\":\"2021-06-20T15:18:06+00:00\",\"dateModified\":\"2022-07-06T23:42:37+00:00\",\"author\":{\"@id\":\"https:\/\/admision.up.edu.pe\/blog\/#\/schema\/person\/7057daa0ac97d5b3c09bac42ce3d5549\"},\"description\":\"La formaci\u00f3n de la Pac\u00edfico llev\u00f3 a Sebasti\u00e1n a estudiar una maestr\u00eda en Columbia y trabajar con las firmas de abogados m\u00e1s importante.\",\"inLanguage\":\"es-PE\",\"potentialAction\":[{\"@type\":\"ReadAction\",\"target\":[\"https:\/\/admision.up.edu.pe\/blog\/sebastian-de-la-puente-pacifico-encamina-abogado-de-mundo\/\"]}]},{\"@type\":\"ImageObject\",\"inLanguage\":\"es-PE\",\"@id\":\"https:\/\/admision.up.edu.pe\/blog\/sebastian-de-la-puente-pacifico-encamina-abogado-de-mundo\/#primaryimage\",\"url\":\"https:\/\/admision.up.edu.pe\/blog\/wp-content\/uploads\/2021\/06\/Blog_Derecho-Sebastian.png\",\"contentUrl\":\"https:\/\/admision.up.edu.pe\/blog\/wp-content\/uploads\/2021\/06\/Blog_Derecho-Sebastian.png\",\"width\":325,\"height\":161},{\"@type\":\"WebSite\",\"@id\":\"https:\/\/admision.up.edu.pe\/blog\/#website\",\"url\":\"https:\/\/admision.up.edu.pe\/blog\/\",\"name\":\"Blog Admisi\u00f3n\",\"description\":\"UP\",\"potentialAction\":[{\"@type\":\"SearchAction\",\"target\":{\"@type\":\"EntryPoint\",\"urlTemplate\":\"https:\/\/admision.up.edu.pe\/blog\/?s={search_term_string}\"},\"query-input\":{\"@type\":\"PropertyValueSpecification\",\"valueRequired\":true,\"valueName\":\"search_term_string\"}}],\"inLanguage\":\"es-PE\"},{\"@type\":\"Person\",\"@id\":\"https:\/\/admision.up.edu.pe\/blog\/#\/schema\/person\/7057daa0ac97d5b3c09bac42ce3d5549\",\"name\":\"admin\",\"image\":{\"@type\":\"ImageObject\",\"inLanguage\":\"es-PE\",\"@id\":\"https:\/\/admision.up.edu.pe\/blog\/#\/schema\/person\/image\/\",\"url\":\"https:\/\/secure.gravatar.com\/avatar\/4b0a7b02ed9b77e2b9377d08d9baea60?s=96&d=mm&r=g\",\"contentUrl\":\"https:\/\/secure.gravatar.com\/avatar\/4b0a7b02ed9b77e2b9377d08d9baea60?s=96&d=mm&r=g\",\"caption\":\"admin\"},\"url\":\"https:\/\/admision.up.edu.pe\/blog\/author\/admin\/\"}]}<\/script>\n<!-- \/ Yoast SEO plugin. -->","yoast_head_json":{"title":"La Pac\u00edfico te encamina para ser un abogado de mundo - Blog Admisi\u00f3n","description":"La formaci\u00f3n de la Pac\u00edfico llev\u00f3 a Sebasti\u00e1n a estudiar una maestr\u00eda en Columbia y trabajar con las firmas de abogados m\u00e1s importante.","robots":{"index":"index","follow":"follow","max-snippet":"max-snippet:-1","max-image-preview":"max-image-preview:large","max-video-preview":"max-video-preview:-1"},"canonical":"https:\/\/admision.up.edu.pe\/blog\/sebastian-de-la-puente-pacifico-encamina-abogado-de-mundo\/","og_locale":"es_ES","og_type":"article","og_title":"La Pac\u00edfico te encamina para ser un abogado de mundo - Blog Admisi\u00f3n","og_description":"La formaci\u00f3n de la Pac\u00edfico llev\u00f3 a Sebasti\u00e1n a estudiar una maestr\u00eda en Columbia y trabajar con las firmas de abogados m\u00e1s importante.","og_url":"https:\/\/admision.up.edu.pe\/blog\/sebastian-de-la-puente-pacifico-encamina-abogado-de-mundo\/","og_site_name":"Blog Admisi\u00f3n","article_published_time":"2021-06-20T15:18:06+00:00","article_modified_time":"2022-07-06T23:42:37+00:00","og_image":[{"width":325,"height":161,"url":"https:\/\/admision.up.edu.pe\/blog\/wp-content\/uploads\/2021\/06\/Blog_Derecho-Sebastian.png","type":"image\/png"}],"author":"admin","twitter_card":"summary_large_image","twitter_misc":{"Written by":"admin","Est. reading time":"4 minutos"},"schema":{"@context":"https:\/\/schema.org","@graph":[{"@type":"WebPage","@id":"https:\/\/admision.up.edu.pe\/blog\/sebastian-de-la-puente-pacifico-encamina-abogado-de-mundo\/","url":"https:\/\/admision.up.edu.pe\/blog\/sebastian-de-la-puente-pacifico-encamina-abogado-de-mundo\/","name":"La Pac\u00edfico te encamina para ser un abogado de mundo - Blog Admisi\u00f3n","isPartOf":{"@id":"https:\/\/admision.up.edu.pe\/blog\/#website"},"primaryImageOfPage":{"@id":"https:\/\/admision.up.edu.pe\/blog\/sebastian-de-la-puente-pacifico-encamina-abogado-de-mundo\/#primaryimage"},"image":{"@id":"https:\/\/admision.up.edu.pe\/blog\/sebastian-de-la-puente-pacifico-encamina-abogado-de-mundo\/#primaryimage"},"thumbnailUrl":"https:\/\/admision.up.edu.pe\/blog\/wp-content\/uploads\/2021\/06\/Blog_Derecho-Sebastian.png","datePublished":"2021-06-20T15:18:06+00:00","dateModified":"2022-07-06T23:42:37+00:00","author":{"@id":"https:\/\/admision.up.edu.pe\/blog\/#\/schema\/person\/7057daa0ac97d5b3c09bac42ce3d5549"},"description":"La formaci\u00f3n de la Pac\u00edfico llev\u00f3 a Sebasti\u00e1n a estudiar una maestr\u00eda en Columbia y trabajar con las firmas de abogados m\u00e1s importante.","inLanguage":"es-PE","potentialAction":[{"@type":"ReadAction","target":["https:\/\/admision.up.edu.pe\/blog\/sebastian-de-la-puente-pacifico-encamina-abogado-de-mundo\/"]}]},{"@type":"ImageObject","inLanguage":"es-PE","@id":"https:\/\/admision.up.edu.pe\/blog\/sebastian-de-la-puente-pacifico-encamina-abogado-de-mundo\/#primaryimage","url":"https:\/\/admision.up.edu.pe\/blog\/wp-content\/uploads\/2021\/06\/Blog_Derecho-Sebastian.png","contentUrl":"https:\/\/admision.up.edu.pe\/blog\/wp-content\/uploads\/2021\/06\/Blog_Derecho-Sebastian.png","width":325,"height":161},{"@type":"WebSite","@id":"https:\/\/admision.up.edu.pe\/blog\/#website","url":"https:\/\/admision.up.edu.pe\/blog\/","name":"Blog Admisi\u00f3n","description":"UP","potentialAction":[{"@type":"SearchAction","target":{"@type":"EntryPoint","urlTemplate":"https:\/\/admision.up.edu.pe\/blog\/?s={search_term_string}"},"query-input":{"@type":"PropertyValueSpecification","valueRequired":true,"valueName":"search_term_string"}}],"inLanguage":"es-PE"},{"@type":"Person","@id":"https:\/\/admision.up.edu.pe\/blog\/#\/schema\/person\/7057daa0ac97d5b3c09bac42ce3d5549","name":"admin","image":{"@type":"ImageObject","inLanguage":"es-PE","@id":"https:\/\/admision.up.edu.pe\/blog\/#\/schema\/person\/image\/","url":"https:\/\/secure.gravatar.com\/avatar\/4b0a7b02ed9b77e2b9377d08d9baea60?s=96&d=mm&r=g","contentUrl":"https:\/\/secure.gravatar.com\/avatar\/4b0a7b02ed9b77e2b9377d08d9baea60?s=96&d=mm&r=g","caption":"admin"},"url":"https:\/\/admision.up.edu.pe\/blog\/author\/admin\/"}]}},"_links":{"self":[{"href":"https:\/\/admision.up.edu.pe\/blog\/wp-json\/wp\/v2\/posts\/1009","targetHints":{"allow":["GET"]}}],"collection":[{"href":"https:\/\/admision.up.edu.pe\/blog\/wp-json\/wp\/v2\/posts"}],"about":[{"href":"https:\/\/admision.up.edu.pe\/blog\/wp-json\/wp\/v2\/types\/post"}],"author":[{"embeddable":true,"href":"https:\/\/admision.up.edu.pe\/blog\/wp-json\/wp\/v2\/users\/1"}],"replies":[{"embeddable":true,"href":"https:\/\/admision.up.edu.pe\/blog\/wp-json\/wp\/v2\/comments?post=1009"}],"version-history":[{"count":8,"href":"https:\/\/admision.up.edu.pe\/blog\/wp-json\/wp\/v2\/posts\/1009\/revisions"}],"predecessor-version":[{"id":1943,"href":"https:\/\/admision.up.edu.pe\/blog\/wp-json\/wp\/v2\/posts\/1009\/revisions\/1943"}],"wp:featuredmedia":[{"embeddable":true,"href":"https:\/\/admision.up.edu.pe\/blog\/wp-json\/wp\/v2\/media\/1014"}],"wp:attachment":[{"href":"https:\/\/admision.up.edu.pe\/blog\/wp-json\/wp\/v2\/media?parent=1009"}],"wp:term":[{"taxonomy":"category","embeddable":true,"href":"https:\/\/admision.up.edu.pe\/blog\/wp-json\/wp\/v2\/categories?post=1009"},{"taxonomy":"post_tag","embeddable":true,"href":"https:\/\/admision.up.edu.pe\/blog\/wp-json\/wp\/v2\/tags?post=1009"}],"curies":[{"name":"wp","href":"https:\/\/api.w.org\/{rel}","templated":true}]}}